{"id":202285,"date":"2026-09-04T06:01:10","date_gmt":"2026-09-04T06:01:10","guid":{"rendered":"https:\/\/www.europesays.com\/cz\/202285\/"},"modified":"2026-09-04T06:01:10","modified_gmt":"2026-09-04T06:01:10","slug":"v-lese-v-kladne-kdosi-zapomnel-psa-straznici-ho-nasli-uvazaneho-ke-klade-idnes-cz","status":"publish","type":"post","link":"https:\/\/www.europesays.com\/cz\/202285\/","title":{"rendered":"V lese v Kladn\u011b kdosi zapomn\u011bl psa, str\u00e1\u017en\u00edci ho na\u0161li uv\u00e1zan\u00e9ho ke kl\u00e1d\u011b &#8211; iDNES.cz"},"content":{"rendered":"<p><a href=\"https:\/\/news.google.com\/rss\/articles\/CBMi1AFBVV95cUxPU05MZFZzSXVLd3VEWnNDdkVobGFvSU1oTEkwbFVxZTBQTE5RdzFuZ2VyV05adzVvc0d4eU4wRHhTZXJwYUpETWlzYnlEaVNlekYzdGtYbW9WLTJyU0tuLTVVQVBfU1Nad3NmbHZMMWZKTGd4VEpfRkVuUll0MkJ5WnFhTzk4bVpkRzVvZzdIZzBYbWlBYXR5dHFCUU5HYVJTMmFKMW5mWWducTN0WjNwRjVsNi1VV1phOUhSeXNHSXduUkdoZnc3b2h0bE1TUzgyMURlUA?oc=5\" target=\"_blank\" rel=\"nofollow noopener\">V lese v Kladn\u011b kdosi zapomn\u011bl psa, str\u00e1\u017en\u00edci ho na\u0161li uv\u00e1zan\u00e9ho ke kl\u00e1d\u011b<\/a>&nbsp;&nbsp;iDNES.cz<a href=\"https:\/\/news.google.com\/rss\/articles\/CBMiswFBVV95cUxQWTlEVHdyem1tekhfdHZNTEF5VkNpY21zcFFxaDE3ZURxUDZvMmZMNW1QSjFtbHQza000SWdRQTNEdzFudnZHUVl2emx2YjdJd3R3UldkYXZFc2N1di1vUWNQWms4X2xmZnNYZXhjZnhLVHp0WkNQTDExc3k4cGZkV28tSTlWclV1a1V2bFNvQS1vdXF6VUxQSnAxb2NPLW1oWndabFFGRm9HMG51WVp3SWtiaw?oc=5\" target=\"_blank\" rel=\"nofollow noopener\">N\u011bkdo ho uv\u00e1zal v Ba\u017eantnici a ode\u0161el. Str\u00e1\u017en\u00edci hledaj\u00ed majitele opu\u0161t\u011bn\u00e9ho psa<\/a>&nbsp;&nbsp;Kladensk\u00fd den\u00edk<a href=\"https:\/\/news.google.com\/rss\/articles\/CBMi2wFBVV95cUxQOThYT3kxV2w4bEl1cm9UcWdfbzZ4SmcyZG1BTVMzV3JGTUVEQUEzbE9xRlEzTTRnUmdLalZ3N1prV0NaMlpPS1NCVjdjWm1JV0VEdWhCakZpR0hMSzJMZHNBaHpwQi1hV0dHTXRrWnR1c0R0b1NLOG1aV214dWRheFIxdHhTTkJoNTl2SlJyV3Zzc0NpVTJLclAyM0xXLUpPQy05djBrSm53N3VIZUxnTFVTeVBybHYwVWRNTjlEbmV3R2E4a0lSM2pBeFhyY3NxSlIxUDdueWlMSW8?oc=5\" target=\"_blank\" rel=\"nofollow noopener\">Dal\u0161\u00edho psa kdosi nechal uv\u00e1zan\u00e9ho na prov\u00e1zku v lesoparku v Ba\u017eantnici, nyn\u00ed je v odchytov\u00fdch kotc\u00edch<\/a>&nbsp;&nbsp;Seznam<a href=\"https:\/\/news.google.com\/rss\/articles\/CBMif0FVX3lxTE5uNVlFaW5vclNMNlFsaUhvb19IODlRMzZfWElBN25hTV9XY1FrT1M4eWZPaktkaHdJWTdPZG82c1puYlF5Y3pFY0FWT3pYemREVkxPX000QlJBZEltQW9kb2JqN2ctY21TaDJ3QmJOQUFwb3hjTXNRek9lWkFUR2c?oc=5\" target=\"_blank\" rel=\"nofollow noopener\">V lesoparku v Kladn\u011b n\u011bkdo nechal uv\u00e1zan\u00e9ho psa<\/a>&nbsp;&nbsp;T\u00fdden\u00edk Policie<\/p>\n","protected":false},"excerpt":{"rendered":"V lese v Kladn\u011b kdosi zapomn\u011bl psa, str\u00e1\u017en\u00edci ho na\u0161li uv\u00e1zan\u00e9ho ke kl\u00e1d\u011b&nbsp;&nbsp;iDNES.czN\u011bkdo ho uv\u00e1zal v Ba\u017eantnici a&hellip;\n","protected":false},"author":2,"featured_media":202286,"comment_status":"","ping_status":"","sticky":false,"template":"","format":"standard","meta":{"footnotes":"","_share_on_mastodon":"0"},"categories":[7],"tags":[43,42,41,40,531,8929,23084],"class_list":["post-202285","post","type-post","status-publish","format-standard","has-post-thumbnail","category-cesko","tag-ceska-republika","tag-cesko","tag-czech-republic","tag-czechia","tag-kladno","tag-les","tag-obecni-policie"],"share_on_mastodon":{"url":"https:\/\/pubeurope.com\/@cz\/117211253022193808","error":""},"_links":{"self":[{"href":"https:\/\/www.europesays.com\/cz\/wp-json\/wp\/v2\/posts\/202285","targetHints":{"allow":["GET"]}}],"collection":[{"href":"https:\/\/www.europesays.com\/cz\/wp-json\/wp\/v2\/posts"}],"about":[{"href":"https:\/\/www.europesays.com\/cz\/wp-json\/wp\/v2\/types\/post"}],"author":[{"embeddable":true,"href":"https:\/\/www.europesays.com\/cz\/wp-json\/wp\/v2\/users\/2"}],"replies":[{"embeddable":true,"href":"https:\/\/www.europesays.com\/cz\/wp-json\/wp\/v2\/comments?post=202285"}],"version-history":[{"count":0,"href":"https:\/\/www.europesays.com\/cz\/wp-json\/wp\/v2\/posts\/202285\/revisions"}],"wp:featuredmedia":[{"embeddable":true,"href":"https:\/\/www.europesays.com\/cz\/wp-json\/wp\/v2\/media\/202286"}],"wp:attachment":[{"href":"https:\/\/www.europesays.com\/cz\/wp-json\/wp\/v2\/media?parent=202285"}],"wp:term":[{"taxonomy":"category","embeddable":true,"href":"https:\/\/www.europesays.com\/cz\/wp-json\/wp\/v2\/categories?post=202285"},{"taxonomy":"post_tag","embeddable":true,"href":"https:\/\/www.europesays.com\/cz\/wp-json\/wp\/v2\/tags?post=202285"}],"curies":[{"name":"wp","href":"https:\/\/api.w.org\/{rel}","templated":true}]}}