{"id":202289,"date":"2026-09-04T06:05:01","date_gmt":"2026-09-04T06:05:01","guid":{"rendered":"https:\/\/www.europesays.com\/cz\/202289\/"},"modified":"2026-09-04T06:05:01","modified_gmt":"2026-09-04T06:05:01","slug":"dvorakova-praha-propoji-koncertniho-jakobina-se-vzacnym-autografem","status":"publish","type":"post","link":"https:\/\/www.europesays.com\/cz\/202289\/","title":{"rendered":"Dvo\u0159\u00e1kova Praha propoj\u00ed koncertn\u00edho Jakob\u00edna se vz\u00e1cn\u00fdm autografem"},"content":{"rendered":"\n<p class=\"wp-block-paragraph\">Jedn\u00edm z vrchol\u016f festivalu Dvo\u0159\u00e1kova Praha bude pr\u00e1v\u011b koncertn\u00ed uveden\u00ed Dvo\u0159\u00e1kova Jakob\u00edna. N\u00e1v\u0161t\u011bvn\u00edci festivalu budou m\u00edt mo\u017enost sly\u0161et operu na\u017eivo, ale tak\u00e9 si prohl\u00e9dnout origin\u00e1ln\u00ed autograf. Rukopis opery, op. 84 na libreto Marie \u010cervinkov\u00e9-Riegrov\u00e9, nab\u00edz\u00ed jedine\u010dn\u00fd pohled p\u0159\u00edmo do tv\u016fr\u010d\u00edho procesu Anton\u00edna Dvo\u0159\u00e1ka. Autograf bude v Muzeu Anton\u00edna Dvo\u0159\u00e1ka v\u00fdjime\u010dn\u011b vystaven cel\u00e9 z\u00e1\u0159\u00ed.<\/p>\n<p class=\"wp-block-paragraph\">\u201eDvo\u0159\u00e1k\u016fv Jakob\u00edn je unik\u00e1tn\u00ed sv\u00fdmi reminiscencemi na skladatelovo d\u011btstv\u00ed a dosp\u00edv\u00e1n\u00ed pro\u017eit\u00e9 ve Zlonic\u00edch, kde se Dvo\u0159\u00e1k u\u010dil hudb\u011b u v\u00fdznamn\u00e9ho m\u00edstn\u00edho u\u010ditele, muzikanta, kapeln\u00edka a skladatele Anton\u00edna Liehmanna. Pr\u00e1v\u011b Liehmann byl v Jakob\u00ednu p\u0159edobrazem u\u010ditele Bendy a postava Terinky byla zas inspirov\u00e1na Liehmannovou dcerou Terezi\u00ed, kter\u00e1 se u\u010dila hudb\u011b u sv\u00e9ho otce spolu s mlad\u00fdm Dvo\u0159\u00e1kem,\u201c \u0159\u00edk\u00e1 Veronika Vejvodov\u00e1, vedouc\u00ed Muzea Anton\u00edna Dvo\u0159\u00e1ka (N\u00e1rodn\u00ed muzeum), a dod\u00e1v\u00e1: \u201eP\u0159i p\u0159\u00edle\u017eitosti koncertn\u00edho uveden\u00ed Jakob\u00edna na festivalu Dvo\u0159\u00e1kova Praha vystavujeme unik\u00e1tn\u011b v Muzeu Anton\u00edna Dvo\u0159\u00e1ka skladatelovu origin\u00e1ln\u00ed partituru t\u00e9to opery. Jedn\u00e1 se o druhou p\u0159epracovanou verzi, kter\u00e1 poskytne n\u00e1v\u0161t\u011bvn\u00edk\u016fm vhled do kompozi\u010dn\u00edho procesu skladatele, co\u017e spolu s koncertn\u00edm uveden\u00edm opery nab\u00edz\u00ed komplexn\u00ed a zcela jedine\u010dn\u00fd z\u00e1\u017eitek.\u201c<\/p>\n<p>Sv\u011btov\u00e1 premi\u00e9ra<\/p>\n<p class=\"wp-block-paragraph\">Vedle Dvo\u0159\u00e1kova Jakob\u00edna nab\u00eddne festival dal\u0161\u00ed v\u00fdznamn\u00fd moment leto\u0161n\u00edho programu. D\u00edlo Dvojkoncert pro housle, violoncello a orchestr Jana Ku\u010dery vzniklo p\u0159\u00edmo na objedn\u00e1vku festivalu. Premi\u00e9ra se uskute\u010dn\u00ed 15. z\u00e1\u0159\u00ed 2026 ve Dvo\u0159\u00e1kov\u011b s\u00edni Rudolfina v pod\u00e1n\u00ed violoncellistky Sakury Toby, houslisty Daniela Matej\u010di a Symfonick\u00e9ho orchestru \u010cesk\u00e9ho rozhlasu pod taktovkou Eliase Grandyho. Koncert se kon\u00e1 u p\u0159\u00edle\u017eitosti 100. v\u00fdro\u010d\u00ed vzniku rozhlasov\u00e9ho orchestru.<\/p>\n<p>Mimo\u0159\u00e1dn\u00e1 popt\u00e1vka po koncertech klasick\u00e9 hudby<\/p>\n<p class=\"wp-block-paragraph\">\u201eZ\u00e1jem o leto\u0161n\u00ed ro\u010dn\u00edk op\u011bt p\u0159ed\u010dil na\u0161e o\u010dek\u00e1v\u00e1n\u00ed \u2013 t\u00e9m\u011b\u0159 v\u0161echny vstupenky jsou vyprodan\u00e9,\u201c \u0159\u00edk\u00e1 Robert Kol\u00e1\u0159, \u0159editel Akademie klasick\u00e9 hudby. \u201eEnormn\u00ed ohlas ve\u0159ejnosti potvrzuje, \u017ee na\u0161e koncepce, kter\u00e1 stav\u00ed na propojov\u00e1n\u00ed sv\u011btov\u00fdch legend s nastupuj\u00edc\u00ed generac\u00ed interpret\u016f, dvo\u0159\u00e1kovsk\u00e9 tradici a atraktivn\u00edm vizu\u00e1ln\u00edm doprovodu, s publikem v\u0161ech generac\u00ed siln\u011b rezonuje.\u201c<\/p>\n<p class=\"wp-block-paragraph\">\u201eV sobotu n\u00e1s \u010dek\u00e1 slavnostn\u00ed zah\u00e1jen\u00ed festivalu. Cel\u00fd t\u00fdm lad\u00ed i ty nejmen\u0161\u00ed detaily, abychom poslucha\u010d\u016fm zprost\u0159edkovali co nejlep\u0161\u00ed hudebn\u00ed z\u00e1\u017eitky. V\u011b\u0159\u00edme, \u017ee i leto\u0161n\u00ed ro\u010dn\u00edk p\u0159inese nejen mistrovstv\u00ed sv\u011btov\u00fdch orchestr\u016f a s\u00f3list\u016f, ale tak\u00e9 up\u0159\u00edmnou radost z hudby,\u201c uzav\u00edr\u00e1 Jan Simon, \u0159editel festivalu.<\/p>\n<p>\t\t\t\t\\r\\n(function(d, s, id) {\\r\\n  if (d.getElementById(id)) return;         \\\/\\\/ u\\u017e je na\\u010dten\\u00e9 \\u2192 nena\\u010d\\u00edtej znovu\\r\\n  var js = d.createElement(s); js.id = id;\\r\\n  \\\/\\\/ Lokalizace: cs_CZ ; verzi m\\u016f\\u017ee\\u0161 klidn\\u011b nechat v21.0\\r\\n  js.src = \\&#8220;https:\\\/\\\/connect.facebook.net\\\/cs_CZ\\\/sdk.js#xfbml=1&#038;version=v21.0\\&#8220;;\\r\\n  var fjs = d.getElementsByTagName(s)[0];\\r\\n  fjs.parentNode.insertBefore(js, fjs);\\r\\n}(document, &#8218;script&#8216;, &#8218;facebook-jssdk&#8216;));\\r\\n\\r\\n\\r\\n\\r\\n\\r\\n     data-width=\\&#8220;\\&#8220;                    \\r\\n     data-height=\\&#8220;\\&#8220;                   \\r\\n     data-small-header=\\&#8220;false\\&#8220;\\r\\n     data-adapt-container-width=\\&#8220;true\\&#8220;\\r\\n     data-hide-cover=\\&#8220;false\\&#8220;\\r\\n     data-show-facepile=\\&#8220;true\\&#8220;\\r\\n  \\r\\n    <a href=\\\"https:\\\/\\\/www.facebook.com\\\/operapluscz\\\/\\\">Opera PLUS\\r\\n  \\r\\n\\r\\n\\r\\n\\r\\n\\r\\n  .fb-page, .fb-page > span, .fb-page iframe { max-width: 100% !important; }\\r\\n\\r\\n&#8220;},&#8220;image&#8220;:null,&#8220;show_to&#8220;:&#8220;not_from_seznam&#8220;,&#8220;show_on&#8220;:&#8220;immediately&#8220;,&#8220;before&#8220;:&#8220;&#8220;,&#8220;after&#8220;:&#8220;&#8220;}],&#8220;raw&#8220;:false,&#8220;script_id&#8220;:&#8220;wpify-ads-position-mobil-menu&#8220;});<\/p>\n","protected":false},"excerpt":{"rendered":"Jedn\u00edm z vrchol\u016f festivalu Dvo\u0159\u00e1kova Praha bude pr\u00e1v\u011b koncertn\u00ed uveden\u00ed Dvo\u0159\u00e1kova Jakob\u00edna. N\u00e1v\u0161t\u011bvn\u00edci festivalu budou m\u00edt mo\u017enost sly\u0161et&hellip;\n","protected":false},"author":2,"featured_media":202290,"comment_status":"","ping_status":"","sticky":false,"template":"","format":"standard","meta":{"footnotes":"","_share_on_mastodon":"0"},"categories":[30],"tags":[98,99],"class_list":["post-202289","post","type-post","status-publish","format-standard","has-post-thumbnail","category-praha","tag-prague","tag-praha"],"share_on_mastodon":{"url":"https:\/\/pubeurope.com\/@cz\/117211268650654831","error":""},"_links":{"self":[{"href":"https:\/\/www.europesays.com\/cz\/wp-json\/wp\/v2\/posts\/202289","targetHints":{"allow":["GET"]}}],"collection":[{"href":"https:\/\/www.europesays.com\/cz\/wp-json\/wp\/v2\/posts"}],"about":[{"href":"https:\/\/www.europesays.com\/cz\/wp-json\/wp\/v2\/types\/post"}],"author":[{"embeddable":true,"href":"https:\/\/www.europesays.com\/cz\/wp-json\/wp\/v2\/users\/2"}],"replies":[{"embeddable":true,"href":"https:\/\/www.europesays.com\/cz\/wp-json\/wp\/v2\/comments?post=202289"}],"version-history":[{"count":0,"href":"https:\/\/www.europesays.com\/cz\/wp-json\/wp\/v2\/posts\/202289\/revisions"}],"wp:featuredmedia":[{"embeddable":true,"href":"https:\/\/www.europesays.com\/cz\/wp-json\/wp\/v2\/media\/202290"}],"wp:attachment":[{"href":"https:\/\/www.europesays.com\/cz\/wp-json\/wp\/v2\/media?parent=202289"}],"wp:term":[{"taxonomy":"category","embeddable":true,"href":"https:\/\/www.europesays.com\/cz\/wp-json\/wp\/v2\/categories?post=202289"},{"taxonomy":"post_tag","embeddable":true,"href":"https:\/\/www.europesays.com\/cz\/wp-json\/wp\/v2\/tags?post=202289"}],"curies":[{"name":"wp","href":"https:\/\/api.w.org\/{rel}","templated":true}]}}