{"id":202293,"date":"2026-09-04T06:10:14","date_gmt":"2026-09-04T06:10:14","guid":{"rendered":"https:\/\/www.europesays.com\/cz\/202293\/"},"modified":"2026-09-04T06:10:14","modified_gmt":"2026-09-04T06:10:14","slug":"ostrovni-raj-se-stal-tajnym-centrem-pro-obchazeni-ruskych-sankci","status":"publish","type":"post","link":"https:\/\/www.europesays.com\/cz\/202293\/","title":{"rendered":"Ostrovn\u00ed r\u00e1j se stal tajn\u00fdm centrem pro obch\u00e1zen\u00ed rusk\u00fdch sankc\u00ed"},"content":{"rendered":"<p class=\"c_bB\">Rusov\u00e9 tvo\u0159\u00ed na Malediv\u00e1ch druhou nejv\u011bt\u0161\u00ed skupinu zahrani\u010dn\u00edch turist\u016f, hned po t\u011bch \u010d\u00ednsk\u00fdch. Nejd\u016fle\u017eit\u011bj\u0161\u00ed rusk\u00e9 z\u00e1jmy v\u00a0zemi tvo\u0159en\u00e9 v\u00edce ne\u017e tis\u00edcovkou ostrov\u016f v\u0161ak spo\u010d\u00edvaj\u00ed v\u00a0n\u011b\u010dem \u00fapln\u011b jin\u00e9m.<\/p>\n<p class=\"c_bB\">Na Malediv\u00e1ch se toti\u017e podle <a data-dot=\"atm-link\" target=\"_blank\" rel=\"noopener nofollow\" href=\"https:\/\/www.wsj.com\/world\/the-island-paradise-that-is-a-secret-hub-for-russian-sanctions-evasion-c2c103ed?mod=hp_lead_pos7\" class=\"c_I\">listu The Wall Street Journal <\/a>to\u010d\u00ed z\u00e1padn\u00ed zbo\u017e\u00ed v\u00a0hodnot\u011b stovek milion\u016f dolar\u016f, kter\u00e9 podl\u00e9h\u00e1 protirusk\u00fdm sankc\u00edm uvalen\u00fdm kv\u016fli rusk\u00e9mu vp\u00e1du na Ukrajinu. N\u011bkter\u00e9 z\u00a0t\u011bchto produkt\u016f mohou b\u00fdt vyu\u017eity jak v\u00a0civiln\u00edm, tak vojensk\u00e9m sektoru. Podle den\u00edku jsou n\u00e1kladov\u00e9 prostory leti\u0161t\u011b v\u00a0hlavn\u00edm m\u011bst\u011b Mal\u00e9 \u010dasto pln\u00e9 tak\u00e9 leteck\u00fdch d\u00edl\u016f a\u00a0elektronick\u00fdch sou\u010d\u00e1stek.<\/p>\n<p class=\"c_bB\">Syst\u00e9m funguje tak, \u017ee do metropole p\u0159il\u00e9t\u00e1 ka\u017ed\u00e9 r\u00e1no komer\u010dn\u00edmi lety zbo\u017e\u00ed z\u00a0cel\u00e9ho sv\u011bta. M\u00edstn\u00ed obchodn\u00edci propojen\u00ed s\u00a0logistick\u00fdmi spole\u010dnostmi, kter\u00e9 obchoduj\u00ed s\u00a0Ruskem, pom\u00e1haj\u00ed s\u00a0celn\u00edm odbaven\u00edm. Po n\u011bm je zbo\u017e\u00ed nalo\u017eeno na lety do Moskvy provozovan\u00fdmi nejv\u011bt\u0161\u00ed ruskou leteckou spole\u010dnost\u00ed Aeroflot. Cel\u00e1 procedura pro jedno letadlo netrv\u00e1 v\u011bt\u0161inou d\u00e9le ne\u017e dv\u011b hodiny.<\/p>\n<p><a data-dot=\"atm-link\" target=\"_self\" href=\"https:\/\/www.novinky.cz\/clanek\/zahranicni-evropa-staty-eu-podporily-21-balicek-sankci-proti-rusku-40589376\" class=\"c_I\" rel=\"nofollow noopener\"><img fetchpriority=\"high\" height=\"2304\" width=\"4096\" src=\"https:\/\/www.europesays.com\/cz\/wp-content\/uploads\/2026\/09\/d863.jpeg\" loading=\"eager\" decoding=\"sync\" class=\"c_t c_r\"\/><\/a><\/p>\n<p class=\"c_bB\">Jakmile se zbo\u017e\u00ed dostane do Ruska, kon\u010d\u00ed u\u00a0sankcionovan\u00fdch spole\u010dnost\u00ed, v\u010detn\u011b S7\u00a0Airlines, jedn\u00e9 z\u00a0nejv\u011bt\u0161\u00edch rusk\u00fdch vnitrost\u00e1tn\u00edch aerolinek. Jej\u00ed technici se v\u00a0posledn\u00edch letech pot\u00fdkaj\u00ed nap\u0159\u00edklad s\u00a0obstar\u00e1v\u00e1n\u00edm n\u00e1hradn\u00edch d\u00edl\u016f pro st\u00e1rnouc\u00ed flotilu letadel obsluhuj\u00edc\u00edch ruskou leteckou dopravu.<\/p>\n<p class=\"c_bB\">Mezi zbo\u017e\u00edm proj\u00ed\u017ed\u011bj\u00edc\u00edm p\u0159es Maledivy jsou v\u0161ak tak\u00e9 mikro\u010dipy, kter\u00e9 lze pou\u017e\u00edt v\u00a0civiln\u00ed elektronice, ale tak\u00e9 v\u00a0pokro\u010dil\u00fdch syst\u00e9mech nav\u00e1d\u011bn\u00ed raket. Pat\u0159\u00ed sem rovn\u011b\u017e optick\u00e9 p\u0159\u00edstroje pot\u0159ebn\u00e9 pro satelity, kter\u00e9 sleduj\u00ed pohyb nep\u0159\u00e1telsk\u00fdch vojsk, a\u00a0tak\u00e9 vysokopevnostn\u00ed leteck\u00e9 n\u00fdty a\u00a0\u0161rouby, kter\u00e9 lze pou\u017e\u00edt v\u00a0komer\u010dn\u00edch letadlech, ale i\u00a0v st\u00edha\u010dk\u00e1ch a\u00a0raket\u00e1ch dlouh\u00e9ho doletu.<\/p>\n<p>Obchod rostl s\u00a0ruskou invaz\u00ed na Ukrajinu<\/p>\n<p class=\"c_bB\">Obchodn\u00ed data podle The Wall Street Journal ukazuj\u00ed na prudk\u00fd n\u00e1r\u016fst obchodu mezi Maledivami a\u00a0Ruskem od za\u010d\u00e1tku rusk\u00e9 invaze na Ukrajinu. Maledivsk\u00e9 \u00fa\u0159ady tvrd\u00ed, \u017ee v\u00fdvoz do Ruska byl mezi lety 2022\u00a0a\u017e 2025\u00a0t\u00e9m\u011b\u0159 zanedbateln\u00fd\u00a0\u2013 \u0159\u00e1dov\u011b v\u00a0tis\u00edc\u00edch dolar\u016f. Data shrom\u00e1\u017ed\u011bn\u00e1 americkou v\u00fdzkumnou spole\u010dnost\u00ed Import Genius v\u0161ak ukazuj\u00ed n\u011bco jin\u00e9ho. V\u00a0roce 2022\u00a0rusk\u00fd dovoz z\u00a0Malediv dos\u00e1hl v\u00edce ne\u017e 630\u00a0milion\u016f dolar\u016f (bezm\u00e1la 13,2\u00a0miliardy korun). Podobn\u00e9 to bylo i\u00a0v dal\u0161\u00edch \u201ev\u00e1le\u010dn\u00fdch\u201c letech.<\/p>\n<p class=\"c_bB\">\u201eA to je\u0161t\u011b nejsp\u00ed\u0161 tato \u010d\u00edsla podhodnocuj\u00ed skute\u010dn\u00fd objem obchodu,\u201c varoval William George ze spole\u010dnosti Import Genius. V\u00a0roce 2024\u00a0ale Moskva \u201ezbyst\u0159ila\u201c a\u00a0za\u010dala omezovat ciz\u00edm spole\u010dnostem p\u0159\u00edstup k\u00a0n\u011bkter\u00fdm rusk\u00fdm obchodn\u00edm \u00fadaj\u016fm a\u00a0za\u010d\u00e1tkem roku 2025\u00a0je zcela zablokovala.<\/p>\n<p class=\"c_bB\">Provoz na mezin\u00e1rodn\u00edm leti\u0161ti v\u00a0Mal\u00e9 nazna\u010duje, \u017ee obch\u00e1zen\u00ed protirusk\u00fdch sankc\u00ed p\u0159es n\u011bj vesele pokra\u010duje. Spole\u010dnost Maldives Airports Company, kter\u00e1 jej provozuje, se v\u00a0letech 2024\u00a0a\u00a02025\u00a0stala nejziskov\u011bj\u0161\u00ed st\u00e1tn\u00ed firmou v\u00a0zemi. P\u0159\u00edjmy generuje v\u00fdb\u011brem manipula\u010dn\u00edch poplatk\u016f a\u00a0poplatk\u016f za komer\u010dn\u00ed n\u00e1klad. Zanedbateln\u00fd nen\u00ed ani p\u0159\u00edjem za prodej leteck\u00e9ho paliva: z\u00a0Mal\u00e9 do Moskvy je to zhruba 6600\u00a0kilometr\u016f.<\/p>\n<p><img height=\"761\"   width=\"1280\" src=\"https:\/\/www.europesays.com\/cz\/wp-content\/uploads\/2026\/09\/snUCo0.jpeg\" loading=\"eager\" decoding=\"sync\" class=\"c_t c_r\"\/>Foto: Maxim Shemetov, Reuters<\/p>\n<p class=\"c_bB\">Boeing 737-800\u00a0Aeroflotu na moskevsk\u00e9m leti\u0161ti \u0160eremet\u011bvo <\/p>\n<p><a data-dot=\"atm-link\" target=\"_self\" href=\"https:\/\/www.novinky.cz\/clanek\/zahranicni-usa-rozsirily-sankce-proti-rusku-miri-i-na-ministerstvo-obrany-40591229\" class=\"c_I\" rel=\"nofollow noopener\"><img height=\"1012\" width=\"1800\" src=\"https:\/\/www.europesays.com\/cz\/wp-content\/uploads\/2026\/09\/ministerstvo-zahranici-usa.jpeg\" loading=\"eager\" decoding=\"sync\" class=\"c_t c_r\"\/><\/a><\/p>\n","protected":false},"excerpt":{"rendered":"Rusov\u00e9 tvo\u0159\u00ed na Malediv\u00e1ch druhou nejv\u011bt\u0161\u00ed skupinu zahrani\u010dn\u00edch turist\u016f, hned po t\u011bch \u010d\u00ednsk\u00fdch. Nejd\u016fle\u017eit\u011bj\u0161\u00ed rusk\u00e9 z\u00e1jmy v\u00a0zemi tvo\u0159en\u00e9&hellip;\n","protected":false},"author":2,"featured_media":202294,"comment_status":"","ping_status":"","sticky":false,"template":"","format":"standard","meta":{"footnotes":"","_share_on_mastodon":"0"},"categories":[11],"tags":[605,9131,3654,8500,14619,61,2059,54,113,56,53,52],"class_list":["post-202293","post","type-post","status-publish","format-standard","has-post-thumbnail","category-svet","tag-cipy","tag-elektronika","tag-letadla","tag-maledivy","tag-nahradni-dily","tag-rusko","tag-sankce","tag-svet","tag-usa","tag-valka-rusko-ukrajina","tag-world","tag-world-news"],"share_on_mastodon":{"url":"https:\/\/pubeurope.com\/@cz\/117211288578545819","error":""},"_links":{"self":[{"href":"https:\/\/www.europesays.com\/cz\/wp-json\/wp\/v2\/posts\/202293","targetHints":{"allow":["GET"]}}],"collection":[{"href":"https:\/\/www.europesays.com\/cz\/wp-json\/wp\/v2\/posts"}],"about":[{"href":"https:\/\/www.europesays.com\/cz\/wp-json\/wp\/v2\/types\/post"}],"author":[{"embeddable":true,"href":"https:\/\/www.europesays.com\/cz\/wp-json\/wp\/v2\/users\/2"}],"replies":[{"embeddable":true,"href":"https:\/\/www.europesays.com\/cz\/wp-json\/wp\/v2\/comments?post=202293"}],"version-history":[{"count":0,"href":"https:\/\/www.europesays.com\/cz\/wp-json\/wp\/v2\/posts\/202293\/revisions"}],"wp:featuredmedia":[{"embeddable":true,"href":"https:\/\/www.europesays.com\/cz\/wp-json\/wp\/v2\/media\/202294"}],"wp:attachment":[{"href":"https:\/\/www.europesays.com\/cz\/wp-json\/wp\/v2\/media?parent=202293"}],"wp:term":[{"taxonomy":"category","embeddable":true,"href":"https:\/\/www.europesays.com\/cz\/wp-json\/wp\/v2\/categories?post=202293"},{"taxonomy":"post_tag","embeddable":true,"href":"https:\/\/www.europesays.com\/cz\/wp-json\/wp\/v2\/tags?post=202293"}],"curies":[{"name":"wp","href":"https:\/\/api.w.org\/{rel}","templated":true}]}}