{"id":202305,"date":"2026-09-04T06:21:09","date_gmt":"2026-09-04T06:21:09","guid":{"rendered":"https:\/\/www.europesays.com\/cz\/202305\/"},"modified":"2026-09-04T06:21:09","modified_gmt":"2026-09-04T06:21:09","slug":"ctrnactileta-skolacka-v-nemecku-vytahla-nuz-na-zubarku-protoze-ji-jeste-nechtela-sundat-rovnatka","status":"publish","type":"post","link":"https:\/\/www.europesays.com\/cz\/202305\/","title":{"rendered":"\u010ctrn\u00e1ctilet\u00e1 \u0161kola\u010dka v\u00a0N\u011bmecku vyt\u00e1hla n\u016f\u017e na zuba\u0159ku, proto\u017ee j\u00ed je\u0161t\u011b necht\u011bla sundat rovn\u00e1tka"},"content":{"rendered":"<p class=\"c_bB\">Incident se stal v\u00a0pond\u011bl\u00ed p\u0159i b\u011b\u017en\u00e9 kontrole pacientky. \u0160kola\u010dka dosp\u011bla k\u00a0n\u00e1zoru, \u017ee m\u00e1 rovn\u00e1tka u\u017e dlouho a\u00a0\u017ee je na \u010dase je kone\u010dn\u011b sundat.<\/p>\n<p class=\"c_bB\">N\u00e1v\u0161t\u011bva v\u00a0ordinaci se ale zvrhla v\u00a0drama. Nam\u00edsto toho, aby ortodontistka a\u00a0pacientka hovo\u0159ily o\u00a0dal\u0161\u00ed terapii, se d\u00edvka ultimativn\u011b do\u017eadovala, aby l\u00e9ka\u0159ka l\u00e9\u010dbu ukon\u010dila a\u00a0sd\u011blila to i\u00a0jej\u00edm rodi\u010d\u016fm, napsal list <a data-dot=\"atm-link\" target=\"_blank\" rel=\"noopener nofollow\" href=\"https:\/\/www.nn.de\/erlangen\/wegen-ihrer-zahnspange-14-jahrige-in-erlangen-bedroht-kieferorthopadin-mit-messer-rep-1-1.15261955\" class=\"c_I\">N\u00fcrnberger Nachrichten<\/a>.<\/p>\n<p class=\"c_bB\">Zku\u0161en\u00e1 44let\u00e1 zuba\u0159ka se sna\u017eila pacientce vysv\u011btlit, \u017ee je\u0161t\u011b nenastal ten spr\u00e1vn\u00fd \u010das. To ale \u0161kola\u010dka necht\u011bla sly\u0161et, proto vyt\u00e1hla n\u016f\u017e a\u00a0za\u010dala l\u00e9ka\u0159ku ohro\u017eovat.<\/p>\n<p class=\"c_bB\">Zasahovat musela nakonec policie. Pacientka, jej\u00ed\u017e identitu \u00fa\u0159ady neup\u0159esnily, ale mezit\u00edm z\u00a0ordinace utekla. Zuba\u0159ka i\u00a0jej\u00ed spolupracovnice vyv\u00e1zly na\u0161t\u011bst\u00ed bez zran\u011bn\u00ed.<\/p>\n<p>\u201eNebezpe\u010dn\u00e9 vyhro\u017eov\u00e1n\u00ed\u201c<\/p>\n<p class=\"c_bB\">\u201eJe to tak. Pacientka ohro\u017eovala zuba\u0159ku bodnou zbran\u00ed a\u00a0pot\u00e9 z\u00a0ordinace zmizela,\u201c potvrdil incident den\u00edku <a data-dot=\"atm-link\" target=\"_blank\" rel=\"noopener nofollow\" href=\"https:\/\/www.bild.de\/regional\/bayern\/zoff-um-zahnspange-eskaliert-schuelerin-bedroht-aerztin-mit-messer-6a97f54da33eb07b679459bc\" class=\"c_I\">Bild <\/a>mluv\u010d\u00ed policie v\u00a0Erlangenu.<\/p>\n<p class=\"c_bB\">\u00da\u0159ady mezit\u00edm zah\u00e1jily st\u00edh\u00e1n\u00ed \u0161kola\u010dky kv\u016fli podez\u0159en\u00ed z\u00a0nebezpe\u010dn\u00e9ho vyhro\u017eov\u00e1n\u00ed. V\u00a0N\u011bmecku maj\u00ed osoby ve v\u011bku od 14\u00a0do 18\u00a0let omezenou trestn\u00ed odpov\u011bdnost. Jejich p\u0159\u00edpady \u0159e\u0161\u00ed soudy pro ml\u00e1de\u017e.<\/p>\n<p><a data-dot=\"atm-link\" target=\"_self\" href=\"https:\/\/www.novinky.cz\/clanek\/zahranicni-evropa-chirurg-v-turecku-natlacil-pacientovi-zubni-implantat-az-do-mozku-pote-se-rozhodl-utect-40469140\" class=\"c_I\" rel=\"nofollow noopener\"><img fetchpriority=\"high\" height=\"1012\" width=\"1799\" src=\"https:\/\/www.europesays.com\/cz\/wp-content\/uploads\/2026\/09\/implantat.jpeg\" loading=\"eager\" decoding=\"sync\" class=\"c_t c_r\"\/><\/a><\/p>\n","protected":false},"excerpt":{"rendered":"Incident se stal v\u00a0pond\u011bl\u00ed p\u0159i b\u011b\u017en\u00e9 kontrole pacientky. \u0160kola\u010dka dosp\u011bla k\u00a0n\u00e1zoru, \u017ee m\u00e1 rovn\u00e1tka u\u017e dlouho a\u00a0\u017ee je&hellip;\n","protected":false},"author":2,"featured_media":202306,"comment_status":"","ping_status":"","sticky":false,"template":"","format":"standard","meta":{"footnotes":"","_share_on_mastodon":"0"},"categories":[7],"tags":[840,43,42,41,40,375,1400,34761,4218,897,5646],"class_list":["post-202305","post","type-post","status-publish","format-standard","has-post-thumbnail","category-cesko","tag-bavorsko","tag-ceska-republika","tag-cesko","tag-czech-republic","tag-czechia","tag-nemecko","tag-nuz","tag-rovnatka","tag-skolaci","tag-utok","tag-zubar"],"share_on_mastodon":{"url":"https:\/\/pubeurope.com\/@cz\/117211331839530588","error":""},"_links":{"self":[{"href":"https:\/\/www.europesays.com\/cz\/wp-json\/wp\/v2\/posts\/202305","targetHints":{"allow":["GET"]}}],"collection":[{"href":"https:\/\/www.europesays.com\/cz\/wp-json\/wp\/v2\/posts"}],"about":[{"href":"https:\/\/www.europesays.com\/cz\/wp-json\/wp\/v2\/types\/post"}],"author":[{"embeddable":true,"href":"https:\/\/www.europesays.com\/cz\/wp-json\/wp\/v2\/users\/2"}],"replies":[{"embeddable":true,"href":"https:\/\/www.europesays.com\/cz\/wp-json\/wp\/v2\/comments?post=202305"}],"version-history":[{"count":0,"href":"https:\/\/www.europesays.com\/cz\/wp-json\/wp\/v2\/posts\/202305\/revisions"}],"wp:featuredmedia":[{"embeddable":true,"href":"https:\/\/www.europesays.com\/cz\/wp-json\/wp\/v2\/media\/202306"}],"wp:attachment":[{"href":"https:\/\/www.europesays.com\/cz\/wp-json\/wp\/v2\/media?parent=202305"}],"wp:term":[{"taxonomy":"category","embeddable":true,"href":"https:\/\/www.europesays.com\/cz\/wp-json\/wp\/v2\/categories?post=202305"},{"taxonomy":"post_tag","embeddable":true,"href":"https:\/\/www.europesays.com\/cz\/wp-json\/wp\/v2\/tags?post=202305"}],"curies":[{"name":"wp","href":"https:\/\/api.w.org\/{rel}","templated":true}]}}