{"id":202335,"date":"2026-09-04T06:53:12","date_gmt":"2026-09-04T06:53:12","guid":{"rendered":"https:\/\/www.europesays.com\/cz\/202335\/"},"modified":"2026-09-04T06:53:12","modified_gmt":"2026-09-04T06:53:12","slug":"rostak-tomas-z-panu-kluku-skoncil-v-uprchlickem-tabore-michael-dymek-slavi-64-let-jako-uspesny-podnikatel","status":"publish","type":"post","link":"https:\/\/www.europesays.com\/cz\/202335\/","title":{"rendered":"Ro\u0161\u0165\u00e1k Tom\u00e1\u0161 z P\u00e1n\u016f kluk\u016f skon\u010dil v uprchlick\u00e9m t\u00e1bo\u0159e. Michael Dymek slav\u00ed 64 let jako \u00fasp\u011b\u0161n\u00fd podnikatel"},"content":{"rendered":"<p>D\u011btsk\u00e1 hv\u011bzda Michael Dymek oslav\u00ed 4. z\u00e1\u0159\u00ed \u010dty\u0159ia\u0161edes\u00e1t\u00e9 narozeniny. Div\u00e1ci si ho pamatuj\u00ed p\u0159edev\u0161\u00edm jako Tom\u00e1\u0161e z rodinn\u00e9 komedie P\u00e1ni kluci. Obrovsk\u00e1 sl\u00e1va mu ov\u0161em do dosp\u00edv\u00e1n\u00ed p\u0159inesla sp\u00ed\u0161e nep\u0159\u00edjemnou ztr\u00e1tu soukrom\u00ed, proto se rozhodl vydat \u00fapln\u011b jinou cestou. Dnes se pln\u011b v\u011bnuje \u00fasp\u011b\u0161n\u00e9mu podnik\u00e1n\u00ed a ve\u0161ker\u00fd voln\u00fd \u010das tr\u00e1v\u00ed se svou rodinou.<\/p>\n<p>B\u0159emeno popularity v dosp\u00edv\u00e1n\u00ed<\/p>\n<p>Nat\u00e1\u010den\u00ed sn\u00edmku<a href=\"https:\/\/www.readzone.cz\/osudy-detskych-hvezd-filmu-pani-kluci-neopetovana-laska-emigrace-a-smrt-v-54-letech\/\" target=\"_blank\" rel=\"noopener follow nofollow\" data-wpel-link=\"internal\"> P\u00e1ni kluci<\/a> prob\u00edhalo v roce 1975 v dob\u011b letn\u00edch pr\u00e1zdnin na severu \u010cech a dvan\u00e1ctilet\u00fd Dymek ho vn\u00edmal sp\u00ed\u0161e jako velk\u00e9 pr\u00e1zdninov\u00e9 dobrodru\u017estv\u00ed. Filma\u0159i ho objevili na z\u00e1kladn\u00ed \u0161kole d\u00edky jeho sportovn\u00edmu nad\u00e1n\u00ed a v\u00fdborn\u00e9 gymnastick\u00e9 pr\u016fprav\u011b.<\/p>\n<p>Tehdy nepot\u0159eboval \u017e\u00e1dn\u00e9 p\u0159edchoz\u00ed hereck\u00e9 zku\u0161enosti nebo slo\u017eit\u00e9 u\u010den\u00ed sc\u00e9n\u00e1\u0159\u016f nazpam\u011b\u0165. Re\u017eis\u00e9rka V\u011bra Pl\u00edvov\u00e1 \u0160imkov\u00e1 d\u011btem na place v\u017edy p\u0159\u00edmo vysv\u011btlila, kam se maj\u00ed postavit a co p\u0159esn\u011b maj\u00ed \u0159\u00edct. V\u00fdsledek pak vznikal na filmov\u00fd p\u00e1s a sc\u00e9ny se n\u011bkdy musely mnohokr\u00e1t opakovat.<\/p>\n<p>\u201eBylo mi dvan\u00e1ct, to bylo na n\u011bjakou hereckou pr\u016fpravu moc brzy. Nedostali jsme tehdy ani sc\u00e9n\u00e1\u0159. Re\u017eis\u00e9rka n\u00e1m v\u017edycky t\u011bsn\u011b p\u0159ed klapkou \u0159ekla, co m\u00e1me \u0159\u00edct a kam se m\u00e1me postavit, a my to prost\u011b ud\u011blali,\u201c zavzpom\u00ednal Dymek.<\/p>\n<p>Obrovsk\u00fd div\u00e1ck\u00fd \u00fasp\u011bch filmu ale pro dosp\u00edvaj\u00edc\u00edho introverta znamenal ne\u010dekanou z\u00e1t\u011b\u017e. \u201e\u0160patn\u011b jsem tehdy sn\u00e1\u0161el tu ztr\u00e1tu soukrom\u00ed. Spolu\u017e\u00e1ci mi to nav\u00edc d\u00e1vali docela se\u017erat r\u016fzn\u00fdmi vt\u00edpky a pok\u0159ikov\u00e1n\u00edm v tramvaji,\u201c\u00a0prozardil Dymek. V dal\u0161\u00edch rol\u00edch musel nav\u00edc nosit vlasy nep\u0159\u00edjemn\u011b nato\u010den\u00e9 kulmou, co\u017e jeho touze po norm\u00e1ln\u00edm zapadnut\u00ed do t\u0159\u00eddn\u00edho kolektivu p\u0159\u00edli\u0161 nepomohlo.<\/p>\n<p>Tane\u010dn\u00ed kari\u00e9ra a nov\u00fd \u017eivot za hranicemi<\/p>\n<p>M\u00edsto herectv\u00ed nakonec u sportovn\u011b nadan\u00e9ho mlad\u00edka zv\u00edt\u011bzil tanec. Dymek \u00fasp\u011b\u0161n\u011b vystudoval tane\u010dn\u00ed konzervato\u0159 a za\u010dal p\u016fsobit ve St\u00e1tn\u00edm souboru p\u00edsn\u00ed a tanc\u016f. Pr\u00e1v\u011b d\u00edky pracovn\u00edm z\u00e1jezd\u016fm do zahrani\u010d\u00ed mohl bl\u00ed\u017ee poznat tehdej\u0161\u00ed \u017eivot na Z\u00e1pad\u011b.<\/p>\n<p>Na folklorn\u00edm festivalu v rakousk\u00e9m Bregenzu se nav\u00edc velmi sbl\u00ed\u017eil se svou budouc\u00ed man\u017eelkou Ivanou. Kr\u00e1tce p\u0159ed n\u00e1stupem na povinnou vojenskou slu\u017ebu se oba odhodlali pro riskantn\u00ed krok a spole\u010dn\u011b emigrovali do z\u00e1padn\u00edho N\u011bmecka.<\/p>\n<p>Za\u010d\u00e1tky v ciz\u00ed zemi pro n\u011b znamenaly obrovskou zkou\u0161ku odvahy a vytrvalosti. Man\u017eel\u00e9 str\u00e1vili dva dlouh\u00e9 roky v uprchlick\u00e9m t\u00e1bo\u0159e a museli se intenzivn\u011b u\u010dit \u00fapln\u011b nov\u00fd jazyk. C\u00edlev\u011bdom\u00fd Dymek si postupn\u011b vyzkou\u0161el pr\u00e1ci ukl\u00edze\u010de, pomocn\u00edka v kuchyni italsk\u00e9 restaurace i d\u011bln\u00edka p\u0159i stavb\u011b v\u00fdstavn\u00edch st\u00e1nk\u016f.<\/p>\n<p>Z\u00edskan\u00e9 a t\u011b\u017ece vyd\u0159en\u00e9 zku\u0161enosti ho podle jeho slov obohatily a nau\u010dily absolutn\u00ed \u017eivotn\u00ed sob\u011bsta\u010dnosti. T\u011b\u017ek\u00e9 \u010dasy brali man\u017eel\u00e9 jako dobrou investici do budoucnosti sv\u00fdch budouc\u00edch d\u011bt\u00ed. V \u017e\u00e1dostech o pr\u00e1ci pak tyto roky s nads\u00e1zkou popisoval jako vysokou \u0161kolu \u017eivota.<\/p>\n<p>Cesta k \u00fasp\u011b\u0161n\u00e9mu podnik\u00e1n\u00ed<\/p>\n<p>V Mnichov\u011b si Dymek brzy uv\u011bdomil velmi kr\u00e1tkou \u017eivotnost tane\u010dn\u00ed profese a za\u010dal se naplno zaj\u00edmat o tehdy nastupuj\u00edc\u00ed po\u010d\u00edta\u010de. Zapsal se do kurz\u016f programov\u00e1n\u00ed a psan\u00ed v\u0161emi deseti, aby z\u00edskal mnohem lep\u0161\u00ed kvalifikaci pro kancel\u00e1\u0159skou pr\u00e1ci. Novou kari\u00e9ru odstartoval na pozici skladn\u00edka ve firm\u011b distribuuj\u00edc\u00ed elektronick\u00e9 sou\u010d\u00e1stky. Perfektn\u00ed znalost sortimentu mu velmi rychle pomohla k pov\u00fd\u0161en\u00ed p\u0159\u00edmo do exportn\u00edho odd\u011blen\u00ed.<\/p>\n<p>N\u011bkolik let po sametov\u00e9 revoluci dostal l\u00e1kavou nab\u00eddku zalo\u017eit pobo\u010dku t\u00e9to velk\u00e9 distribu\u010dn\u00ed spole\u010dnosti v Praze. Vr\u00e1til se tak natrvalo do \u010cesk\u00e9 republiky a firmu n\u00e1sledn\u011b patn\u00e1ct let s mimo\u0159\u00e1dn\u00fdm \u00fasp\u011bchem \u0159\u00eddil. V sou\u010dasn\u00e9 dob\u011b se dlouhodob\u011b v\u011bnuje vlastn\u00edmu byznysu v oblasti sol\u00e1rn\u00edch topn\u00fdch syst\u00e9m\u016f.<\/p>\n<p>P\u0159ed kameru se vrac\u00ed u\u017e jen zcela v\u00fdjime\u010dn\u011b, v\u011bt\u0161inou d\u00edky v\u00fdborn\u00e9 znalosti n\u011bm\u010diny p\u0159ij\u00edm\u00e1 mal\u00e9 role v mezin\u00e1rodn\u00edch produkc\u00edch. \u201eOb\u010das m\u011b je\u0161t\u011b kontaktuj\u00ed castingov\u00e9 agentury. V\u011bd\u00ed, \u017ee jsem \u017eil dlouho v N\u011bmecku a um\u00edm jazyk. Tak\u017ee si ob\u010das zahraju t\u0159eba n\u011bjak\u00e9ho n\u011bmeck\u00e9ho policistu,\u201c \u0159\u00edk\u00e1 Dymek s \u00fasm\u011bvem.<\/p>\n<p>Se svou \u017eenou ned\u00e1vno absolvoval velkou cestu do Vietnamu a Thajska, kterou pojali jako pokra\u010dov\u00e1n\u00ed sv\u00e9 d\u00e1vn\u00e9 svatebn\u00ed cesty. Dnes si spokojen\u00fd podnikatel u\u017e\u00edv\u00e1 klidn\u00fd rodinn\u00fd \u017eivot obklopen sv\u00fdmi dv\u011bma dosp\u011bl\u00fdmi d\u011btmi a \u010dty\u0159mi mal\u00fdmi vnu\u010dkami.<\/p>\n<p>Zdroj informac\u00ed: autorsk\u00e9 zpracov\u00e1n\u00ed redakce <a href=\"https:\/\/www.readzone.cz\/kontakty\/\" target=\"_blank\" rel=\"noopener noreferrer follow nofollow\" data-wpel-link=\"internal\">Readzone.cz<\/a> na z\u00e1klad\u011b ve\u0159ejn\u011b dostupn\u00fdch informac\u00ed z m\u00e9di\u00ed (<a href=\"https:\/\/www.idnes.cz\/zpravy\/revue\/spolecnost\/michael-dymek-herec-pani-kluci-dite-hvezda-kariera-emigrace.A231005_115639_lidicky_albe\" target=\"_blank\" rel=\"noopener follow noreferrer nofollow\" data-wpel-link=\"exclude\">idnes<\/a>, <a href=\"https:\/\/www.extra.cz\/tajny-zivot-hvezdy-filmu-pani-kluci-rostak-tomas-utekl-pred-slavou-vydelava-miliony-72145\" target=\"_blank\" rel=\"noopener follow noreferrer nofollow\" data-wpel-link=\"exclude\">extra<\/a>, <a href=\"https:\/\/www.youtube.com\/watch?v=jnqjWRIJZHw\" target=\"_blank\" rel=\"noopener follow external nofollow\" data-wpel-link=\"external\">youtube<\/a>).<\/p>\n","protected":false},"excerpt":{"rendered":"D\u011btsk\u00e1 hv\u011bzda Michael Dymek oslav\u00ed 4. z\u00e1\u0159\u00ed \u010dty\u0159ia\u0161edes\u00e1t\u00e9 narozeniny. Div\u00e1ci si ho pamatuj\u00ed p\u0159edev\u0161\u00edm jako Tom\u00e1\u0161e z rodinn\u00e9&hellip;\n","protected":false},"author":2,"featured_media":202336,"comment_status":"","ping_status":"","sticky":false,"template":"","format":"standard","meta":{"footnotes":"","_share_on_mastodon":"0"},"categories":[14],"tags":[37885,8075,79,4000,22666,349,430,46197,2241,18038,3241,32653,46198,80,40504],"class_list":["post-202335","post","type-post","status-publish","format-standard","has-post-thumbnail","category-zabava","tag-detske-hvezdy","tag-emigrace","tag-entertainment","tag-film","tag-herci-a-herecky","tag-herec","tag-komedie","tag-michael-dymek","tag-narozeniny","tag-pani-kluci","tag-podnikani","tag-promeny-slavnych","tag-vera-plivova-simkova","tag-zabava","tag-zivotni-osud"],"share_on_mastodon":{"url":"https:\/\/pubeurope.com\/@cz\/117211457572666941","error":""},"_links":{"self":[{"href":"https:\/\/www.europesays.com\/cz\/wp-json\/wp\/v2\/posts\/202335","targetHints":{"allow":["GET"]}}],"collection":[{"href":"https:\/\/www.europesays.com\/cz\/wp-json\/wp\/v2\/posts"}],"about":[{"href":"https:\/\/www.europesays.com\/cz\/wp-json\/wp\/v2\/types\/post"}],"author":[{"embeddable":true,"href":"https:\/\/www.europesays.com\/cz\/wp-json\/wp\/v2\/users\/2"}],"replies":[{"embeddable":true,"href":"https:\/\/www.europesays.com\/cz\/wp-json\/wp\/v2\/comments?post=202335"}],"version-history":[{"count":0,"href":"https:\/\/www.europesays.com\/cz\/wp-json\/wp\/v2\/posts\/202335\/revisions"}],"wp:featuredmedia":[{"embeddable":true,"href":"https:\/\/www.europesays.com\/cz\/wp-json\/wp\/v2\/media\/202336"}],"wp:attachment":[{"href":"https:\/\/www.europesays.com\/cz\/wp-json\/wp\/v2\/media?parent=202335"}],"wp:term":[{"taxonomy":"category","embeddable":true,"href":"https:\/\/www.europesays.com\/cz\/wp-json\/wp\/v2\/categories?post=202335"},{"taxonomy":"post_tag","embeddable":true,"href":"https:\/\/www.europesays.com\/cz\/wp-json\/wp\/v2\/tags?post=202335"}],"curies":[{"name":"wp","href":"https:\/\/api.w.org\/{rel}","templated":true}]}}