{"id":202343,"date":"2026-09-04T07:00:08","date_gmt":"2026-09-04T07:00:08","guid":{"rendered":"https:\/\/www.europesays.com\/cz\/202343\/"},"modified":"2026-09-04T07:00:08","modified_gmt":"2026-09-04T07:00:08","slug":"den-hrdinu-2026-na-vystavisti-pripravenost-neni-panika","status":"publish","type":"post","link":"https:\/\/www.europesays.com\/cz\/202343\/","title":{"rendered":"Den hrdin\u016f 2026 na V\u00fdstavi\u0161ti: P\u0159ipravenost nen\u00ed panika."},"content":{"rendered":"<p class=\"big\" itemprop=\"description\">Praha 4. z\u00e1\u0159\u00ed 2026 (PROTEXT) &#8211; P\u0159ipravenost nen\u00ed panika. P\u0159ij\u010fte se p\u0159esv\u011bd\u010dit, \u017ee hrdinov\u00e9 nejsou jen na obrazovce. Hrdinov\u00e9 jsou mezi n\u00e1mi ka\u017ed\u00fd den.<\/p>\n<p>V\u00fdstavi\u0161t\u011b Praha letos u\u017e po jeden\u00e1ct\u00e9 otev\u0159e ve\u0159ejnosti sv\u011bt t\u011bch, kte\u0159\u00ed ka\u017ed\u00fd den pe\u010duj\u00ed o na\u0161i bezpe\u010dnost, zdrav\u00ed a pohodl\u00ed. Den hrdin\u016f 2026 se uskute\u010dn\u00ed v sobotu 26. z\u00e1\u0159\u00ed od 11 do 17 hodin ve spodn\u00ed \u010d\u00e1sti are\u00e1lu V\u00fdstavi\u0161t\u011b Praha a v K\u0159i\u017e\u00edkov\u011b pavilonu B. Leto\u0161n\u00ed ro\u010dn\u00edk ponese podtitul \u201eP\u0159ipravenost nen\u00ed panika\u201c a zam\u011b\u0159\u00ed se na ob\u010danskou p\u0159ipravenost a strach \u2013 na jeho r\u016fzn\u00e9 podoby, na to, jak s n\u00edm pracovat a jak se nenechat ochromit ve chv\u00edli, kdy se n\u011bco skute\u010dn\u011b d\u011bje. Sou\u010d\u00e1st\u00ed jeden\u00e1ct\u00e9ho ro\u010dn\u00edku je ji\u017e tradi\u010dn\u011b tak\u00e9 T\u00fddne hrdin\u016f pro \u017e\u00e1ky Z\u0160 a S\u0160, kdy letos nov\u011b zahrne i speci\u00e1ln\u00ed jednodenn\u00ed konferenci pro studenty s v\u00fdmluvn\u00fdm n\u00e1zvem Hrdina on-line \/ Den digit\u00e1ln\u00ed bezpe\u010dnosti.<\/p>\n<p>Den hrdin\u016f je tradi\u010dn\u011b v\u011bnov\u00e1n slo\u017ek\u00e1m integrovan\u00e9ho z\u00e1chrann\u00e9ho syst\u00e9mu, bezpe\u010dnostn\u00edm a z\u00e1chrann\u00fdm organizac\u00edm i dal\u0161\u00edm profesion\u00e1l\u016fm, jejich\u017e pr\u00e1ce b\u00fdv\u00e1 vid\u011bt p\u0159edev\u0161\u00edm ve chv\u00edli, kdy se stane n\u011bco mimo\u0159\u00e1dn\u00e9ho. Na V\u00fdstavi\u0161ti ale n\u00e1v\u0161t\u011bvn\u00edci za\u017eij\u00ed jejich sv\u011bt zbl\u00edzka, v pozitivn\u00ed a p\u0159\u00edstupn\u00e9 atmosf\u00e9\u0159e. Mohou si prohl\u00e9dnout profesion\u00e1ln\u00ed techniku, nahl\u00e9dnout do sanitn\u00edch voz\u016f a dal\u0161\u00edch speci\u00e1ln\u00edch stroj\u016f, vyzkou\u0161et si interaktivn\u00ed \u00fakoly nebo sledovat z\u00e1sahy a v\u00fdcvik. Leto\u0161n\u00ed Den hrdin\u016f nab\u00eddne jako ka\u017ed\u00fd rok program na plo\u0161e p\u0159ibli\u017en\u011b\u00a025 000 m\u00b2 a v\u00edce ne\u017e \u010dty\u0159i des\u00edtky zapojen\u00fdch organizac\u00ed.<\/p>\n<p>P\u0159ipravenost nen\u00ed panika<\/p>\n<p>Hlavn\u00edm t\u00e9matem jeden\u00e1ct\u00e9ho ro\u010dn\u00edku bude ob\u010dansk\u00e1 p\u0159ipravenost. \u201eB\u00fdt p\u0159ipraven\u00fd neznamen\u00e1 \u017e\u00edt ve strachu. Naopak. Kdy\u017e v\u00edme, co d\u011blat, strach n\u00e1s nemus\u00ed paralyzovat!\u201c To je z\u00e1kladn\u00ed my\u0161lenka leto\u0161n\u00edho ro\u010dn\u00edku. Den hrdin\u016f proto nab\u00eddne n\u00e1v\u0161t\u011bvn\u00edk\u016fm nejen uk\u00e1zky pr\u00e1ce profesion\u00e1l\u016f, ale tak\u00e9 praktick\u00e9 informace a situace, ve kter\u00fdch si mohou sami vyzkou\u0161et, jak reagovat.<\/p>\n<p>T\u00e9ma strachu se p\u0159enese tak\u00e9 na\u00a0podcast stage, kter\u00e1 bude letos na Dni hrdin\u016f podruh\u00e9. Rozhovory s profesion\u00e1ly a odborn\u00edky se zam\u011b\u0159\u00ed na bezpe\u010dnost z r\u016fzn\u00fdch \u00fahl\u016f pohledu. Chyb\u011bt nebudou z\u00e1stupci Policie \u010cR ani Linky bezpe\u010d\u00ed, kte\u0159\u00ed se se strachem a krizov\u00fdmi situacemi setk\u00e1vaj\u00ed ve sv\u00e9 ka\u017edodenn\u00ed pr\u00e1ci. Speci\u00e1ln\u00edm hostem bude\u00a0profesor kvantov\u00fd fyzik Jan Rak, se kter\u00fdm se organiz\u00e1to\u0159i pod\u00edvaj\u00ed na slovo \u201estrach\u201c z \u00fapln\u011b jin\u00e9 perspektivy, ne\u017e jakou zn\u00e1me nap\u0159\u00edklad z policejn\u00ed praxe. Podcast stage tak nab\u00eddne nejen p\u0159\u00edb\u011bhy a zku\u0161enosti lid\u00ed z bezpe\u010dnostn\u00edch slo\u017eek, ale tak\u00e9 prostor pro ot\u00e1zky, kter\u00e9 se t\u00fdkaj\u00ed ka\u017ed\u00e9ho z n\u00e1s.<\/p>\n<p>\u201eChceme, aby si lid\u00e9 z\u00a0leto\u0161n\u00edho z Dne hrdin\u016f odnesli p\u0159edev\u0161\u00edm dobr\u00fd pocit. Aby vid\u011bli, kolik lid\u00ed je p\u0159ipraveno pomoci, kdy\u017e je pot\u0159eba, a z\u00e1rove\u0148 z\u00edskali v\u011bt\u0161\u00ed jistotu v tom, co mohou v krizov\u00e9 situaci ud\u011blat sami. P\u0159ipravenost toti\u017e nen\u00ed panika. Je to schopnost zachovat klid a v\u011bd\u011bt, co d\u011blat,\u201c\u00a0\u0159\u00edk\u00e1 Tom\u00e1\u0161 H\u00fcbl, p\u0159edseda p\u0159edstavenstva V\u00fdstavi\u0161t\u011b Praha, a.s. a dod\u00e1v\u00e1: \u201eSpoustu zaj\u00edmavost\u00ed to\u010d\u00edc\u00edch se kolem leto\u0161n\u00edho t\u00e9matu se mohou n\u00e1v\u0161t\u011bvn\u00edci dozv\u011bd\u011bt tak\u00e9 na Podcast Stage, kde potkaj\u00ed atraktivn\u00ed mix host\u016f. Ti se budou ve sv\u00fdch rozhovorech v\u011bnovat teorii i praxi, ale padnou i konkr\u00e9tn\u00ed situace ze \u017eivota, tyto debaty si ur\u010dit\u011b nenech\u00e1m uj\u00edt,\u201c \u0159\u00edk\u00e1 Tom\u00e1\u0161 H\u00fcbl, p\u0159edseda p\u0159edstavenstva V\u00fdstavi\u0161t\u011b Praha, a.s.<\/p>\n<p>Bezpe\u010dn\u011b tak\u00e9 online<\/p>\n<p>V\u00fdznamnou sou\u010d\u00e1st\u00ed Dne hrdin\u016f z\u016fstane tak\u00e9\u00a0bezpe\u010dnost v online prostoru. V K\u0159i\u017e\u00edkov\u011b pavilonu B\u00a0\u010dek\u00e1 n\u00e1v\u0161t\u011bvn\u00edky edukativn\u00ed program zam\u011b\u0159en\u00fd na digit\u00e1ln\u00ed bezpe\u010dnost, kter\u00fd propoj\u00ed praktick\u00e9 informace s interaktivn\u00edmi aktivitami. T\u00e9maty budou mimo jin\u00e9 online podvody, ochrana osobn\u00edch \u00fadaj\u016f a financ\u00ed nebo bezpe\u010dn\u00e9 chov\u00e1n\u00ed na internetu.<\/p>\n<p>T\u00e9ma digit\u00e1ln\u00ed bezpe\u010dnosti nav\u00edc letos dostane vlastn\u00ed den. Samotn\u00e9mu Dni hrdin\u016f p\u0159edch\u00e1z\u00ed\u00a0Hrdina Online, interaktivn\u00ed dopoledn\u00ed program pro studenty st\u0159edn\u00edch \u0161kol, kter\u00fd se uskute\u010dn\u00ed\u00a023. z\u00e1\u0159\u00ed 2026 od 9 do 14 hodin v nov\u00e9 Spir\u00e1le na V\u00fdstavi\u0161ti. Studenti se prost\u0159ednictv\u00edm konkr\u00e9tn\u00edch p\u0159\u00edb\u011bh\u016f, projekc\u00ed, debat, kv\u00edz\u016f, simulac\u00ed online podvod\u016f a workshop\u016f pod\u00edvaj\u00ed na realitu digit\u00e1ln\u00edho sv\u011bta. Program vznik\u00e1 ve spolupr\u00e1ci s profesion\u00e1ly, kte\u0159\u00ed se bezpe\u010dnost\u00ed v online prost\u0159ed\u00ed zab\u00fdvaj\u00ed ka\u017ed\u00fd den. Sou\u010d\u00e1st\u00ed budou tak\u00e9 p\u0159\u00edb\u011bhy z praxe Policie \u010cR, Linky bezpe\u010d\u00ed, Safer Internet Centrum \u010cR (SIC CZ) nebo CZ.NIC. C\u00edlem je, aby si mlad\u00ed lid\u00e9 odnesli nejen schopnost rozpoznat online rizika, ale tak\u00e9 praktick\u00e9 znalosti, jak chr\u00e1nit sv\u00e1 data a finance a kam se v p\u0159\u00edpad\u011b probl\u00e9mu obr\u00e1tit.\u00a0<\/p>\n<p>Hrdinsk\u00e9 v\u00fdzvy pro d\u011bti i dosp\u011bl\u00e9<\/p>\n<p>Den hrdin\u016f je z\u00e1rove\u0148 edukativn\u00edm festivalem pro celou rodinu. D\u011bti r\u016fzn\u00fdch v\u011bkov\u00fdch kategori\u00ed \u010dekaj\u00ed\u00a0hrdinsk\u00e9 v\u00fdzvy prost\u0159ednictv\u00edm her\u00a0Cesta mal\u00e9ho hrdiny\u00a0a\u00a0Hrdina \u0161ifer. Na sv\u00e9 si p\u0159ijdou mal\u00ed n\u00e1v\u0161t\u011bvn\u00edci, kte\u0159\u00ed si cht\u011bj\u00ed vyzkou\u0161et, co v\u0161echno obn\u00e1\u0161\u00ed b\u00fdt hrdinou, i v\u011bt\u0161\u00ed d\u011bti a dosp\u00edvaj\u00edc\u00ed, pro kter\u00e9 jsou p\u0159ipraveny n\u00e1ro\u010dn\u011bj\u0161\u00ed \u00fakoly a \u0161ifrovac\u00ed hra.<\/p>\n<p>Sou\u010d\u00e1st\u00ed programu bude tak\u00e9 prostor\u00a0Bezpe\u010dn\u011b v nebezpe\u010d\u00ed, v\u011bnovan\u00fd organizac\u00edm, kter\u00e9 pom\u00e1haj\u00ed lidem v krizov\u00fdch situac\u00edch a zab\u00fdvaj\u00ed se nap\u0159\u00edklad n\u00e1sil\u00edm a dal\u0161\u00edmi jevy omezuj\u00edc\u00edmi osobn\u00ed svobodu. N\u00e1v\u0161t\u011bvn\u00edci se zde mohou dozv\u011bd\u011bt, jak podobn\u00e9 situace rozpoznat, jak jim p\u0159edch\u00e1zet a kde hledat pomoc.<\/p>\n<p>Velkou atrakc\u00ed budou samoz\u0159ejm\u011b profesion\u00e1ln\u00ed stroje a technika. Na jednom m\u00edst\u011b se p\u0159edstav\u00ed nap\u0159\u00edklad\u00a0Policie \u010cR, Arm\u00e1da \u010cR, Zdravotnick\u00e1 z\u00e1chrann\u00e1 slu\u017eba hl. m. Prahy, Hasi\u010dsk\u00fd z\u00e1chrann\u00fd sbor hl. m. Prahy, HZS Leti\u0161t\u011b Praha, HZS Dopravn\u00edho podniku hl. m. Prahy, M\u011bstsk\u00e1 policie hl. m. Prahy nebo Spr\u00e1va slu\u017eeb hl. m. Prahy. N\u00e1v\u0161t\u011bvn\u00edci se dostanou tak\u00e9 k technice dal\u0161\u00edch z\u00e1chrann\u00fdch a bezpe\u010dnostn\u00edch organizac\u00ed, kter\u00e1 se v b\u011b\u017en\u00e9m \u017eivot\u011b jen tak prohl\u00e9dnout ned\u00e1.<\/p>\n<p>Profesion\u00e1ln\u00ed vypro\u0161\u0165ov\u00e1n\u00ed i d\u011btsk\u00fd po\u017e\u00e1rn\u00ed sport<\/p>\n<p>Samoz\u0159ejm\u011b nebude chyb\u011bt ani tradi\u010dn\u00ed\u00a0presti\u017en\u00ed profesion\u00e1ln\u00ed sout\u011b\u017e Hasi\u010dsk\u00e9ho z\u00e1chrann\u00e9ho sboru ve vypro\u0161\u0165ov\u00e1n\u00ed osob z havarovan\u00fdch vozidel. N\u00e1v\u0161t\u011bvn\u00edci tak uvid\u00ed pr\u00e1ci hasi\u010d\u016f v situaci, kdy rozhoduj\u00ed zku\u0161enosti, sehranost t\u00fdmu, rychlost i spr\u00e1vn\u00fd postup. Vedle profesion\u00e1l\u016f se p\u0159edstav\u00ed tak\u00e9 mlad\u00ed hasi\u010di v r\u00e1mci\u00a0d\u011btsk\u00e9ho po\u017e\u00e1rn\u00edho sportu, do kter\u00e9ho se zapojuj\u00ed sbory dobrovoln\u00fdch hasi\u010d\u016f z Prahy a st\u0159edn\u00edch \u010cech.<\/p>\n<p>Dynamick\u00e9 uk\u00e1zky dopln\u00ed des\u00edtky interaktivn\u00edch stanovi\u0161\u0165. Ve\u0159ejnost se bude moci setkat nap\u0159\u00edklad s kynology, vodn\u00edmi z\u00e1chran\u00e1\u0159i, speleologickou z\u00e1chrannou slu\u017ebou, hlavn\u00ed b\u00e1\u0148skou z\u00e1chrannou slu\u017ebou, Celn\u00ed spr\u00e1vou, V\u011bze\u0148skou slu\u017ebou \u010cR nebo Arm\u00e1dou \u010cR. Prostor dostanou tak\u00e9 odborn\u00e9 a neziskov\u00e9 organizace, kter\u00e9 se v\u011bnuj\u00ed prevenci, pomoci v krizov\u00fdch situac\u00edch, d\u00e1rcovstv\u00ed nebo p\u00e9\u010di o du\u0161evn\u00ed zdrav\u00ed.\u00a0<\/p>\n<p>Den hrdin\u016f propojuje des\u00edtky organizac\u00ed<\/p>\n<p>Na leto\u0161n\u00edm ro\u010dn\u00edku se p\u0159edstav\u00ed v\u00edce ne\u017e 40 organizac\u00ed z \u0159ad slo\u017eek integrovan\u00e9ho z\u00e1chrann\u00e9ho syst\u00e9mu, bezpe\u010dnostn\u00edch a z\u00e1chrann\u00fdch organizac\u00ed, odborn\u00fdch instituc\u00ed, charitativn\u00edch a neziskov\u00fdch projekt\u016f i partner\u016f. Nen\u00ed to tak jen p\u0159ehl\u00eddka techniky, ale naopak m\u00edstem, kde se ve\u0159ejnost m\u016f\u017ee potkat s lidmi, kte\u0159\u00ed svou pr\u00e1ci \u010dasto vykon\u00e1vaj\u00ed mimo jejich pozornost a z\u00e1rove\u0148 se dozv\u011bd\u011bt, co m\u016f\u017ee pro svou zemi ud\u011blat ka\u017ed\u00fd z n\u00e1s.\u00a0<\/p>\n<p>Den hrdin\u016f jako sou\u010d\u00e1st T\u00fddne hrdin\u016f na V\u00fdstavi\u0161ti<\/p>\n<p>Den hrdin\u016f je sou\u010d\u00e1st\u00ed \u0161ir\u0161\u00edho projektu\u00a0T\u00fdden hrdin\u016f na V\u00fdstavi\u0161ti, kter\u00fd propojuje vzd\u011bl\u00e1v\u00e1n\u00ed, ve\u0159ejnost a slo\u017eky z\u00e1chrann\u00e9ho syst\u00e9mu. Vedle ve\u0159ejn\u00e9ho dne nab\u00edz\u00ed tak\u00e9 prostor pro odbornou spolupr\u00e1ci, sd\u00edlen\u00ed zku\u0161enost\u00ed, prezentaci organizac\u00ed a edukaci ve\u0159ejnosti v oblasti bezpe\u010dnosti. Leto\u0161n\u00ed ro\u010dn\u00edk stav\u00ed pr\u00e1v\u011b na my\u0161lence, \u017ee p\u0159ipravenost je p\u0159irozenou sou\u010d\u00e1st\u00ed bezpe\u010dn\u00e9ho \u017eivota a \u017ee znalost spr\u00e1vn\u00e9 reakce m\u016f\u017ee b\u00fdt stejn\u011b d\u016fle\u017eit\u00e1 jako profesion\u00e1ln\u00ed vybaven\u00ed.<\/p>\n<p>\u201eM\u00e1m velkou radost z toho, kam se n\u00e1m T\u00fdden hrdin\u016f za posledn\u00ed roky posunul. Technika a dynamick\u00e9 uk\u00e1zky ke Dni hrdin\u016f samoz\u0159ejm\u011b pat\u0159\u00ed a jsou jeho obrovsk\u00fdm l\u00e1kadlem, ale pro n\u00e1s u\u017e d\u00e1vno nen\u00ed jen o nich. \u010c\u00edm d\u00e1l v\u00edc chceme ukazovat, \u017ee bezpe\u010dnost m\u00e1 spoustu podob a \u017ee p\u0159ipravenost za\u010d\u00edn\u00e1 p\u0159edev\u0161\u00edm t\u00edm, co sami v\u00edme a um\u00edme. Letos jsme proto hodn\u011b pos\u00edlili pr\u00e1v\u011b vzd\u011bl\u00e1vac\u00ed \u010d\u00e1st projektu a jsem opravdu py\u0161n\u00e1 na to, \u017ee se n\u00e1m poda\u0159ilo poprv\u00e9 p\u0159ipravit i samostatnou konferenci o bezpe\u010dnosti v online prostoru pro stovky st\u0159edo\u0161kol\u00e1k\u016f. Je za t\u00edm obrovsk\u00fd kus pr\u00e1ce cel\u00e9ho t\u00fdmu i na\u0161ich partner\u016f a mysl\u00edm, \u017ee pr\u00e1v\u011b tahle \u0161\u00ed\u0159e d\u011bl\u00e1 z T\u00fddne hrdin\u016f projekt, kter\u00fdm dnes chceme b\u00fdt,\u201c dopl\u0148uje Renata Li\u0161kov\u00e1 z programov\u00e9ho odd\u011blen\u00ed V\u00fdstavi\u0161t\u011b Praha, a.s.\u00a0<\/p>\n<p>Akce se uskute\u010dn\u00ed v sobotu 26. z\u00e1\u0159\u00ed 2026 od 11 do 17 hodin na V\u00fdstavi\u0161ti Praha. Vstup na akci je zdarma.<\/p>\n<p>\u00a0<\/p>\n<p>Praktick\u00e9 informace<\/p>\n<p style=\"margin-left:40px;\">Term\u00edn:\u00a022.-26. z\u00e1\u0159\u00ed 2026, 11:00\u201317:00 (T\u00fdden hrdin\u016f od 22.9., vrcholem bude Den hrdin\u016f 26.9.)<\/p>\n<p style=\"margin-left:40px;\">M\u00edsto DH:\u00a0Bruselsk\u00e1 cesta, spodn\u00ed \u010d\u00e1st V\u00fdstavi\u0161t\u011b Praha a K\u0159i\u017e\u00edk\u016fv pavilon B<\/p>\n<p style=\"margin-left:40px;\">Vstup:\u00a0zdarma<\/p>\n<p>Den hrdin\u016f 2026 se kon\u00e1 pod z\u00e1\u0161titou\u00a0ministra obrany \u010cR Mgr. Ing. Jarom\u00edr Z\u016fny, MSc., Ph.D., ministra vnitra Mgr. Lubom\u00edra Metnara, prim\u00e1tora hl. m. Prahy doc. MUDr. Bohuslava Svobody, CSc., starosty M\u010c Praha 7 Mgr. Jana \u010ci\u017einsk\u00e9ho, policejn\u00edho prezidenta gener\u00e1lporu\u010d\u00edka Mgr. Martina Vondr\u00e1\u0161ka, Asociace obrann\u00e9ho a bezpe\u010dnostn\u00edho pr\u016fmyslu \u010cR a gener\u00e1ln\u00edho \u0159editele Gener\u00e1ln\u00edho \u0159editelstv\u00ed cel brig. gen. Mgr. Pavla Kotraby.\u00a0<\/p>\n<p>Akce vznik\u00e1 za podpory a ve spolupr\u00e1ci s des\u00edtkami instituc\u00ed, organizac\u00ed a partner\u016f. Leto\u0161n\u00ed prezentace uv\u00e1d\u00ed mezi hlavn\u00edmi zapojen\u00fdmi\u00a0nap\u0159\u00edklad\u00a0Ministerstvo obrany, Ministerstvo vnitra, Magistr\u00e1t hlavn\u00edho m\u011bsta Prahy, M\u011bstskou \u010d\u00e1st Praha 7, Policii \u010cR, Arm\u00e1du \u010cR, bezpe\u010dnostn\u00ed a z\u00e1chrann\u00e9 organizace, odborn\u00e9 instituce, neziskov\u00e9 projekty a dal\u0161\u00ed partnery.\u00a0<\/p>\n<p><a href=\"http:\/\/www.navystavisti.cz\" target=\"_blank\" rel=\"nofollow noopener\">www.navystavisti.cz<\/a><\/p>\n<p>\u00a0<\/p>\n<p>Zdroj: V\u00fdstavi\u0161t\u011b Praha, a.s.<\/p>\n<p>\u00a0<\/p>\n<p>\u00a0<\/p>\n","protected":false},"excerpt":{"rendered":"Praha 4. z\u00e1\u0159\u00ed 2026 (PROTEXT) &#8211; P\u0159ipravenost nen\u00ed panika. P\u0159ij\u010fte se p\u0159esv\u011bd\u010dit, \u017ee hrdinov\u00e9 nejsou jen na obrazovce.&hellip;\n","protected":false},"author":2,"featured_media":202344,"comment_status":"","ping_status":"","sticky":false,"template":"","format":"standard","meta":{"footnotes":"","_share_on_mastodon":"0"},"categories":[30],"tags":[302,304,305,303,98,99,362],"class_list":["post-202343","post","type-post","status-publish","format-standard","has-post-thumbnail","category-praha","tag-ceskenoviny-cz","tag-cn","tag-cn-cz","tag-ctk","tag-prague","tag-praha","tag-protext"],"share_on_mastodon":{"url":"https:\/\/pubeurope.com\/@cz\/117211485018448852","error":""},"_links":{"self":[{"href":"https:\/\/www.europesays.com\/cz\/wp-json\/wp\/v2\/posts\/202343","targetHints":{"allow":["GET"]}}],"collection":[{"href":"https:\/\/www.europesays.com\/cz\/wp-json\/wp\/v2\/posts"}],"about":[{"href":"https:\/\/www.europesays.com\/cz\/wp-json\/wp\/v2\/types\/post"}],"author":[{"embeddable":true,"href":"https:\/\/www.europesays.com\/cz\/wp-json\/wp\/v2\/users\/2"}],"replies":[{"embeddable":true,"href":"https:\/\/www.europesays.com\/cz\/wp-json\/wp\/v2\/comments?post=202343"}],"version-history":[{"count":0,"href":"https:\/\/www.europesays.com\/cz\/wp-json\/wp\/v2\/posts\/202343\/revisions"}],"wp:featuredmedia":[{"embeddable":true,"href":"https:\/\/www.europesays.com\/cz\/wp-json\/wp\/v2\/media\/202344"}],"wp:attachment":[{"href":"https:\/\/www.europesays.com\/cz\/wp-json\/wp\/v2\/media?parent=202343"}],"wp:term":[{"taxonomy":"category","embeddable":true,"href":"https:\/\/www.europesays.com\/cz\/wp-json\/wp\/v2\/categories?post=202343"},{"taxonomy":"post_tag","embeddable":true,"href":"https:\/\/www.europesays.com\/cz\/wp-json\/wp\/v2\/tags?post=202343"}],"curies":[{"name":"wp","href":"https:\/\/api.w.org\/{rel}","templated":true}]}}