{"id":202347,"date":"2026-09-04T07:02:27","date_gmt":"2026-09-04T07:02:27","guid":{"rendered":"https:\/\/www.europesays.com\/cz\/202347\/"},"modified":"2026-09-04T07:02:27","modified_gmt":"2026-09-04T07:02:27","slug":"konecne-normalni-holka-jasaji-fanousci-nad-annou-kaderavkovou-v-bikinach-rypalove-se-ale-do-herecky-okamzite-pustili","status":"publish","type":"post","link":"https:\/\/www.europesays.com\/cz\/202347\/","title":{"rendered":"Kone\u010dn\u011b norm\u00e1ln\u00ed holka, j\u00e1saj\u00ed fanou\u0161ci nad Annou Kade\u0159\u00e1vkovou v\u00a0bikin\u00e1ch! R\u00fdpalov\u00e9 se ale do here\u010dky okam\u017eit\u011b pustili"},"content":{"rendered":"<p class=\"c_bB\">L\u00e9to se pomalu bl\u00ed\u017e\u00ed ke sv\u00e9mu c\u00edli, a\u00a0tak je pot\u0159eba slune\u010dn\u00ed paprsky je\u0161t\u011b vyu\u017e\u00edt, co to jde. Sv\u00e9 o\u00a0tom v\u00ed i\u00a0here\u010dka <a data-dot=\"atm-tag-link\" href=\"https:\/\/www.super.cz\/tag\/anna-kaderavkova-11170\" class=\"c_V atm-tag-link\" rel=\"nofollow noopener\" target=\"_blank\">Anna Kade\u0159\u00e1vkov\u00e1<\/a> (29), kter\u00e1 nyn\u00ed fanou\u0161ky pot\u011b\u0161ila fotkou v\u00a0bikin\u00e1ch. Ti na fotce ale ocenili p\u0159edev\u0161\u00edm jednu z\u00e1sadn\u00ed v\u011bc.<\/p>\n<p class=\"c_bB\">Velmi je pot\u011b\u0161ilo, \u017ee se Ani\u010dka py\u0161n\u00ed \u201enorm\u00e1ln\u00ed\u201c postavou. \u201eKouk\u00e1m na tu fotku. \u0158\u00edk\u00e1m si: kone\u010dn\u011b holka, co nen\u00ed vychrtl\u00e1 na kost. Nen\u00ed vypln\u011bn\u00e1 ni\u010d\u00edm um\u011bl\u00fdm, nen\u00ed zmalovan\u00e1. Prost\u011b norm\u00e1ln\u00ed holka, a\u00a0to je v\u00a0dne\u0161n\u00ed dob\u011b \u00fa\u017easn\u00e9,\u201c napsal ohromen\u011b jeden z\u00a0fanou\u0161k\u016f. \u201eP\u0159irozen\u011b kr\u00e1sn\u00e1, \u017e\u00e1dn\u00e1 vychrtlina,\u201c dal mu za pravdu jin\u00fd z\u00a0obdivovatel\u016f. \u201eNorm\u00e1ln\u00ed holka, nemus\u00ed m\u00edt kilo silikonu jako ostatn\u00ed,\u201c p\u0159ikyvoval t\u0159et\u00ed mu\u017e.<\/p>\n<p><a data-dot=\"atm-link\" tabindex=\"-1\" target=\"_self\" href=\"https:\/\/www.super.cz\/clanek\/celebrity-anna-kaderavkova-rozpalila-fotbalove-mexiko-herecka-vyspulila-zadecek-v-bikinach-1526286\" class=\"c_V g_jn\" rel=\"nofollow noopener\"><img fetchpriority=\"high\" height=\"1066\" width=\"1599\" src=\"https:\/\/www.europesays.com\/cz\/wp-content\/uploads\/2026\/09\/vkaIiU.jpeg\" loading=\"eager\" decoding=\"sync\" class=\"c_A c_z\"\/><\/a><\/p>\n<p class=\"c_bB\">To by ale nebyly koment\u00e1\u0159e, kdyby se tam neobjevili r\u00fdpalov\u00e9. \u201eDcera \u0159editele v\u00e1penky,\u201c prudil prvn\u00ed z\u00a0nich, kdy\u017e se navezl do odst\u00ednu k\u016f\u017ee blon\u010fat\u00e9 here\u010dky. \u201eTrochu zpevnit a\u00a0bude to super,\u201c p\u0159idal se dal\u0161\u00ed prudi\u010d. \u201eOt\u00e1zka je, pro\u010d? Pro\u010d n\u011bkdo d\u00e1v\u00e1 na s\u00edt\u011b takovou fotku?\u201c prskala jedna z\u00a0\u017een.<\/p>\n<p class=\"c_bB\">Jak je vid\u011bt, kr\u00e1sn\u00e1 here\u010dka si z\u00a0takov\u00fdch koment\u00e1\u0159\u016f nic ned\u011bl\u00e1 a\u00a0dovolenou si u\u017e\u00edv\u00e1 na maximum. Loni si nav\u00edc splnila ob\u0159\u00ed sen. Po t\u0159ech letech dokon\u010dila stavbu domu a\u00a0kone\u010dn\u011b se p\u0159est\u011bhovala do sv\u00e9ho. Nikdo j\u00ed finan\u010dn\u011b nepom\u00e1hal, \u017e\u00e1dn\u00e9ho partnera po boku nem\u011bla. Na v\u0161e byla sama. I\u00a0proto je na sv\u016fj d\u016fm n\u00e1le\u017eit\u011b py\u0161n\u00e1.<\/p>\n","protected":false},"excerpt":{"rendered":"L\u00e9to se pomalu bl\u00ed\u017e\u00ed ke sv\u00e9mu c\u00edli, a\u00a0tak je pot\u0159eba slune\u010dn\u00ed paprsky je\u0161t\u011b vyu\u017e\u00edt, co to jde. Sv\u00e9&hellip;\n","protected":false},"author":2,"featured_media":202348,"comment_status":"","ping_status":"","sticky":false,"template":"","format":"standard","meta":{"footnotes":"","_share_on_mastodon":"0"},"categories":[14],"tags":[24626,8819,2432,79,19628,19555,38773,80],"class_list":["post-202347","post","type-post","status-publish","format-standard","has-post-thumbnail","category-zabava","tag-anna-kaderavkova","tag-celebrity-v-plavkach","tag-ceske-celebrity","tag-entertainment","tag-hate-hejt","tag-plavky","tag-poprsi","tag-zabava"],"share_on_mastodon":{"url":"https:\/\/pubeurope.com\/@cz\/117211493076171496","error":""},"_links":{"self":[{"href":"https:\/\/www.europesays.com\/cz\/wp-json\/wp\/v2\/posts\/202347","targetHints":{"allow":["GET"]}}],"collection":[{"href":"https:\/\/www.europesays.com\/cz\/wp-json\/wp\/v2\/posts"}],"about":[{"href":"https:\/\/www.europesays.com\/cz\/wp-json\/wp\/v2\/types\/post"}],"author":[{"embeddable":true,"href":"https:\/\/www.europesays.com\/cz\/wp-json\/wp\/v2\/users\/2"}],"replies":[{"embeddable":true,"href":"https:\/\/www.europesays.com\/cz\/wp-json\/wp\/v2\/comments?post=202347"}],"version-history":[{"count":0,"href":"https:\/\/www.europesays.com\/cz\/wp-json\/wp\/v2\/posts\/202347\/revisions"}],"wp:featuredmedia":[{"embeddable":true,"href":"https:\/\/www.europesays.com\/cz\/wp-json\/wp\/v2\/media\/202348"}],"wp:attachment":[{"href":"https:\/\/www.europesays.com\/cz\/wp-json\/wp\/v2\/media?parent=202347"}],"wp:term":[{"taxonomy":"category","embeddable":true,"href":"https:\/\/www.europesays.com\/cz\/wp-json\/wp\/v2\/categories?post=202347"},{"taxonomy":"post_tag","embeddable":true,"href":"https:\/\/www.europesays.com\/cz\/wp-json\/wp\/v2\/tags?post=202347"}],"curies":[{"name":"wp","href":"https:\/\/api.w.org\/{rel}","templated":true}]}}