{"id":202355,"date":"2026-09-04T07:09:09","date_gmt":"2026-09-04T07:09:09","guid":{"rendered":"https:\/\/www.europesays.com\/cz\/202355\/"},"modified":"2026-09-04T07:09:09","modified_gmt":"2026-09-04T07:09:09","slug":"legendarni-michal-prokop-rozezni-portheimku","status":"publish","type":"post","link":"https:\/\/www.europesays.com\/cz\/202355\/","title":{"rendered":"Legend\u00e1rn\u00ed Michal Prokop rozezn\u00ed Portheimku"},"content":{"rendered":"<p>Michal Prokop Trio vystoup\u00ed na Koncertu pro Prahu 5, kter\u00fd se odehraje v \u00fater\u00fd 15. z\u00e1\u0159\u00ed od 18 hodin v parku Portheimka na Sm\u00edchov\u011b. Z\u00e1\u0161tity se ujal starosta Luk\u00e1\u0161 Herold (ODS) a radn\u00ed pro kulturu \u0160t\u011bp\u00e1n Rattay (nez.)<\/p>\n<p>\u00a0<\/p>\n<p><img loading=\"lazy\" fetchpriority=\"high\" decoding=\"async\" class=\"alignnone  wp-image-279170\" src=\"https:\/\/www.europesays.com\/cz\/wp-content\/uploads\/2026\/09\/PHA5_Prokop-1080x1080px-9-2026.jpg\" alt=\"PHA5 Prokop 1080x1080px 9 2026\" width=\"666\" height=\"666\" title=\"Legend\u00e1rn\u00ed Michal Prokop rozezn\u00ed Portheimku 1\"\/><\/p>\n<p>\u00a0<\/p>\n<p>\u201eMichal Prokop je skute\u010dnou legendou \u010desk\u00e9 hudebn\u00ed sc\u00e9ny a jsem r\u00e1d, \u017ee pr\u00e1v\u011b Praha 5 m\u016f\u017ee b\u00fdt m\u00edstem, kde spole\u010dn\u011b oslav\u00edme jeho leto\u0161n\u00ed v\u00fdznamn\u00e9 jubileum,\u201c pozval Herold.<\/p>\n<p>\u00a0<\/p>\n<p>\u201eKoncert v Portheimce bude kr\u00e1sn\u00fdm setk\u00e1n\u00edm n\u011bkolika generac\u00ed poslucha\u010d\u016f a v\u011b\u0159\u00edm, \u017ee si ho u\u017eij\u00ed jak dlouholet\u00ed fanou\u0161ci, tak ti, kte\u0159\u00ed jeho hudbu teprve objevuj\u00ed,\u201c doplnil Rattay.<\/p>\n<p>\u00a0<\/p>\n<p>Michal Prokop pat\u0159\u00ed k nejv\u00fdrazn\u011bj\u0161\u00edm osobnostem \u010desk\u00e9 hudebn\u00ed sc\u00e9ny a jeho tvorba dlouhodob\u011b oslovuje n\u011bkolik generac\u00ed poslucha\u010d\u016f. Letos v\u00a0srpnu oslavil v\u00fdznamn\u00e9 \u017eivotn\u00ed jubileum, 80 let. V\u00a0Portheimce za velk\u00e9ho z\u00e1jmu div\u00e1k\u016f vystoupil u\u017e p\u0159ed dv\u011bma lety.<\/p>\n<p>\u00a0<\/p>\n<p>Jedine\u010dn\u00e1 hudebn\u00ed akce se kon\u00e1 s\u00a0podporou spole\u010dnost\u00ed Sekyra Group, Technologie hlavn\u00edho m\u011bsta Prahy, a.s., a \u010cesk\u00e1 spo\u0159itelna, a.s.<\/p>\n","protected":false},"excerpt":{"rendered":"Michal Prokop Trio vystoup\u00ed na Koncertu pro Prahu 5, kter\u00fd se odehraje v \u00fater\u00fd 15. z\u00e1\u0159\u00ed od 18&hellip;\n","protected":false},"author":2,"featured_media":202356,"comment_status":"","ping_status":"","sticky":false,"template":"","format":"standard","meta":{"footnotes":"","_share_on_mastodon":"0"},"categories":[30],"tags":[98,99],"class_list":["post-202355","post","type-post","status-publish","format-standard","has-post-thumbnail","category-praha","tag-prague","tag-praha"],"share_on_mastodon":{"url":"https:\/\/pubeurope.com\/@cz\/117211520491680716","error":""},"_links":{"self":[{"href":"https:\/\/www.europesays.com\/cz\/wp-json\/wp\/v2\/posts\/202355","targetHints":{"allow":["GET"]}}],"collection":[{"href":"https:\/\/www.europesays.com\/cz\/wp-json\/wp\/v2\/posts"}],"about":[{"href":"https:\/\/www.europesays.com\/cz\/wp-json\/wp\/v2\/types\/post"}],"author":[{"embeddable":true,"href":"https:\/\/www.europesays.com\/cz\/wp-json\/wp\/v2\/users\/2"}],"replies":[{"embeddable":true,"href":"https:\/\/www.europesays.com\/cz\/wp-json\/wp\/v2\/comments?post=202355"}],"version-history":[{"count":0,"href":"https:\/\/www.europesays.com\/cz\/wp-json\/wp\/v2\/posts\/202355\/revisions"}],"wp:featuredmedia":[{"embeddable":true,"href":"https:\/\/www.europesays.com\/cz\/wp-json\/wp\/v2\/media\/202356"}],"wp:attachment":[{"href":"https:\/\/www.europesays.com\/cz\/wp-json\/wp\/v2\/media?parent=202355"}],"wp:term":[{"taxonomy":"category","embeddable":true,"href":"https:\/\/www.europesays.com\/cz\/wp-json\/wp\/v2\/categories?post=202355"},{"taxonomy":"post_tag","embeddable":true,"href":"https:\/\/www.europesays.com\/cz\/wp-json\/wp\/v2\/tags?post=202355"}],"curies":[{"name":"wp","href":"https:\/\/api.w.org\/{rel}","templated":true}]}}