{"id":202373,"date":"2026-09-04T07:24:10","date_gmt":"2026-09-04T07:24:10","guid":{"rendered":"https:\/\/www.europesays.com\/cz\/202373\/"},"modified":"2026-09-04T07:24:10","modified_gmt":"2026-09-04T07:24:10","slug":"gulag-kde-trpeli-i-cechoslovaci-fungoval-zrejme-podstatne-dele-nez-se-myslelo-novinky-cz","status":"publish","type":"post","link":"https:\/\/www.europesays.com\/cz\/202373\/","title":{"rendered":"Gulag, kde trp\u011bli i \u010cechoslov\u00e1ci, fungoval z\u0159ejm\u011b podstatn\u011b d\u00e9le, ne\u017e se myslelo &#8211; novinky.cz"},"content":{"rendered":"<p><a href=\"https:\/\/news.google.com\/rss\/articles\/CBMixgFBVV95cUxQV3huUHlXVmI2dXctc1JhU2hJc0JBX09mSlo5MENXRlF3Mjg4YlBTU0xUZzdFM3l3N0Fic1NFc0JMdEowZ0F1SUtOQ0tseW1HZDBIcWxvS0pWUmNoQlVaclJDZUNlRWpDZk1ZbFlnMmRyc0JaZEhrRWN0Z3lPUlljOGNWdkhiak9IaVdnYnE0b2VOWVJXREtYTVQxVFZNY29Tckpfc1hDU3pBN3dkT3hnaXlqZzFLNzB1ZzBlU3hoQzJNT0JsU0E?oc=5\" target=\"_blank\" rel=\"nofollow noopener\">Gulag, kde trp\u011bli i \u010cechoslov\u00e1ci, fungoval z\u0159ejm\u011b podstatn\u011b d\u00e9le, ne\u017e se myslelo<\/a>&nbsp;&nbsp;novinky.cz<a href=\"https:\/\/news.google.com\/rss\/articles\/CBMipAFBVV95cUxQUjFKMV8tZWE1WGZsYThLZTdZRi0wdGJVRUMwRENDY19TdS1zb3dvOFJJN2NLclBLOWI0OEhTeHhRU2lfVGZpSTFlZy1WVVVsZjg0eTd1Q3JFR2dfWXF5d0lESndMUG9qVDh2cUllQW1KWmR5ZnM3YWp1c21wV281WThmSUlsNGhiUG50LWl0N2x0R1M4X0NKVlo1aHV2U0ZXeDBLYg?oc=5\" target=\"_blank\" rel=\"nofollow noopener\">Plze\u0148\u0161t\u00ed archeologov\u00e9 odkr\u00fdvaj\u00ed tajemstv\u00ed sov\u011btsk\u00e9ho gulagu v Kazachst\u00e1nu<\/a>&nbsp;&nbsp;nasregion.cz<a href=\"https:\/\/news.google.com\/rss\/articles\/CBMiU0FVX3lxTE1MUU9RT0VmUDB2TnEzc0dHTzJtYmt4UkFaQ1dGT2tMby10Q3dNbG5DUG1tb25CdFJOTXlibFIwQVdBYkVHbmdXNWZiRWJCVU9nZkNB?oc=5\" target=\"_blank\" rel=\"nofollow noopener\">Archeologov\u00e9 zkoumaj\u00ed sov\u011btsk\u00fd gulag v Kazachst\u00e1nu, trp\u011bli tam i \u010ce\u0161i a Slov\u00e1ci<\/a>&nbsp;&nbsp;ceskenoviny.cz<a href=\"https:\/\/news.google.com\/rss\/articles\/CBMiswFBVV95cUxOUDNBYjVwMjNGR2Vra21wZDYyOE1rZDFLMFNOR1FSRTJRWHNJcHFsR000MzhuQWtkdXBDUmI1RnAtWG96RUpyWjI5a1psXzYwUzRPOUZmVTZYcWFueC1kanFJQ3JtNC1pOVctOGJPZ0lvaG00aUZYc19oVDhLeTJrSGZtbHhiVnc0Q2hObWgzZjR0X25oN3VmeXBKcVB1YlBoaG5iWFpkaW1uNm9zRF9mb2VCVQ?oc=5\" target=\"_blank\" rel=\"nofollow noopener\">Trp\u011bli tam i \u010cechoslov\u00e1ci. Na\u0161i experti poprv\u00e9 zkoumaj\u00ed b\u00fdval\u00fd sov\u011btsk\u00fd Gulag<\/a>&nbsp;&nbsp;Centrum.cz<\/p>\n","protected":false},"excerpt":{"rendered":"Gulag, kde trp\u011bli i \u010cechoslov\u00e1ci, fungoval z\u0159ejm\u011b podstatn\u011b d\u00e9le, ne\u017e se myslelo&nbsp;&nbsp;novinky.czPlze\u0148\u0161t\u00ed archeologov\u00e9 odkr\u00fdvaj\u00ed tajemstv\u00ed sov\u011btsk\u00e9ho gulagu v&hellip;\n","protected":false},"author":2,"featured_media":202374,"comment_status":"","ping_status":"","sticky":false,"template":"","format":"standard","meta":{"footnotes":"","_share_on_mastodon":"0"},"categories":[11],"tags":[3344,18647,22289,4834,46201,9258,54,53,52,3174],"class_list":["post-202373","post","type-post","status-publish","format-standard","has-post-thumbnail","category-svet","tag-archeologie","tag-archeologove","tag-gulag","tag-kazachstan","tag-lagr","tag-sssr","tag-svet","tag-world","tag-world-news","tag-zcu"],"share_on_mastodon":{"url":"https:\/\/pubeurope.com\/@cz\/117211579417205214","error":""},"_links":{"self":[{"href":"https:\/\/www.europesays.com\/cz\/wp-json\/wp\/v2\/posts\/202373","targetHints":{"allow":["GET"]}}],"collection":[{"href":"https:\/\/www.europesays.com\/cz\/wp-json\/wp\/v2\/posts"}],"about":[{"href":"https:\/\/www.europesays.com\/cz\/wp-json\/wp\/v2\/types\/post"}],"author":[{"embeddable":true,"href":"https:\/\/www.europesays.com\/cz\/wp-json\/wp\/v2\/users\/2"}],"replies":[{"embeddable":true,"href":"https:\/\/www.europesays.com\/cz\/wp-json\/wp\/v2\/comments?post=202373"}],"version-history":[{"count":0,"href":"https:\/\/www.europesays.com\/cz\/wp-json\/wp\/v2\/posts\/202373\/revisions"}],"wp:featuredmedia":[{"embeddable":true,"href":"https:\/\/www.europesays.com\/cz\/wp-json\/wp\/v2\/media\/202374"}],"wp:attachment":[{"href":"https:\/\/www.europesays.com\/cz\/wp-json\/wp\/v2\/media?parent=202373"}],"wp:term":[{"taxonomy":"category","embeddable":true,"href":"https:\/\/www.europesays.com\/cz\/wp-json\/wp\/v2\/categories?post=202373"},{"taxonomy":"post_tag","embeddable":true,"href":"https:\/\/www.europesays.com\/cz\/wp-json\/wp\/v2\/tags?post=202373"}],"curies":[{"name":"wp","href":"https:\/\/api.w.org\/{rel}","templated":true}]}}