{"id":202381,"date":"2026-09-04T07:37:10","date_gmt":"2026-09-04T07:37:10","guid":{"rendered":"https:\/\/www.europesays.com\/cz\/202381\/"},"modified":"2026-09-04T07:37:10","modified_gmt":"2026-09-04T07:37:10","slug":"bezpecnostni-akademie-pro-seniory-mc-praha-5","status":"publish","type":"post","link":"https:\/\/www.europesays.com\/cz\/202381\/","title":{"rendered":"Bezpe\u010dnostn\u00ed Akademie pro seniory &#8211; M\u010c Praha 5"},"content":{"rendered":"<p>Pod z\u00e1\u0161titou 1. m\u00edstostarosty Petra Lachnita (ANO) prob\u011bhne cyklus vzd\u011bl\u00e1vac\u00edch program\u016f z oblasti prevence kriminality zam\u011b\u0159en\u00fdch na ochranu \u017eivota, zdrav\u00ed a majetku. P\u0159edn\u00e1\u0161ky jsou zpest\u0159eny praktick\u00fdmi uk\u00e1zkami, prom\u00edt\u00e1n\u00edm instrukt\u00e1\u017en\u00edch film\u016f i diskusemi k prob\u00edran\u00e9mu t\u00e9matu. P\u0159edn\u00e1\u0161et budou pracovn\u00edci \u00fatvaru prevence M\u011bstsk\u00e9 policie hl. m. Prahy.<\/p>\n<p>\u00a0<\/p>\n<p>Bezplatn\u00fd p\u0159edn\u00e1\u0161kov\u00fd cyklus se bude konat 1x t\u00fddn\u011b od 1. \u0159\u00edjna do 3. prosince v zasedac\u00ed m\u00edstnosti zastupitelstva Prahy 5 ve \u0160tef\u00e1nikov\u011b ulici od 14 do 16 hodin.<\/p>\n<p>\u00a0<\/p>\n<p>Akce je p\u0159ipravov\u00e1na pro maxim\u00e1ln\u011b pades\u00e1t senior\u016f s trval\u00fdm bydli\u0161t\u011bm na \u00fazem\u00ed p\u00e1t\u00e9 m\u011bstsk\u00e9 \u010d\u00e1sti. P\u0159i slavnostn\u00edm ukon\u010den\u00ed obdr\u017e\u00ed v\u0161ichni \u00fa\u010dastn\u00edci pam\u011btn\u00ed list a drobn\u00e9 d\u00e1rkov\u00e9 p\u0159edm\u011bty. Z\u00e1jemci se mohou registrovat u pracovn\u00edk\u016f soci\u00e1ln\u00edho odboru Petra Chv\u00e1tala, tel. \u010d.: 257 000 468, e-mail: <a href=\"https:\/\/www.praha5.cz\/bezpecnostni-akademie-pro-seniory\/mailto:petr.chvatal@praha5.cz\" rel=\"nofollow noopener\" target=\"_blank\">petr.chvatal@praha5.cz<\/a> nebo Andrey P\u0161eni\u010dkov\u00e9, tel. \u010d.: 257 000 453, e-mail: <a href=\"https:\/\/www.praha5.cz\/bezpecnostni-akademie-pro-seniory\/mailto:andrea.psenickova@praha5.cz\" rel=\"nofollow noopener\" target=\"_blank\">andrea.psenickova@praha5.cz<\/a> .<\/p>\n<p>\u00a0<\/p>\n","protected":false},"excerpt":{"rendered":"Pod z\u00e1\u0161titou 1. m\u00edstostarosty Petra Lachnita (ANO) prob\u011bhne cyklus vzd\u011bl\u00e1vac\u00edch program\u016f z oblasti prevence kriminality zam\u011b\u0159en\u00fdch na ochranu&hellip;\n","protected":false},"author":2,"featured_media":202382,"comment_status":"","ping_status":"","sticky":false,"template":"","format":"standard","meta":{"footnotes":"","_share_on_mastodon":"0"},"categories":[30],"tags":[98,99],"class_list":["post-202381","post","type-post","status-publish","format-standard","has-post-thumbnail","category-praha","tag-prague","tag-praha"],"share_on_mastodon":{"url":"https:\/\/pubeurope.com\/@cz\/117211630634090533","error":""},"_links":{"self":[{"href":"https:\/\/www.europesays.com\/cz\/wp-json\/wp\/v2\/posts\/202381","targetHints":{"allow":["GET"]}}],"collection":[{"href":"https:\/\/www.europesays.com\/cz\/wp-json\/wp\/v2\/posts"}],"about":[{"href":"https:\/\/www.europesays.com\/cz\/wp-json\/wp\/v2\/types\/post"}],"author":[{"embeddable":true,"href":"https:\/\/www.europesays.com\/cz\/wp-json\/wp\/v2\/users\/2"}],"replies":[{"embeddable":true,"href":"https:\/\/www.europesays.com\/cz\/wp-json\/wp\/v2\/comments?post=202381"}],"version-history":[{"count":0,"href":"https:\/\/www.europesays.com\/cz\/wp-json\/wp\/v2\/posts\/202381\/revisions"}],"wp:featuredmedia":[{"embeddable":true,"href":"https:\/\/www.europesays.com\/cz\/wp-json\/wp\/v2\/media\/202382"}],"wp:attachment":[{"href":"https:\/\/www.europesays.com\/cz\/wp-json\/wp\/v2\/media?parent=202381"}],"wp:term":[{"taxonomy":"category","embeddable":true,"href":"https:\/\/www.europesays.com\/cz\/wp-json\/wp\/v2\/categories?post=202381"},{"taxonomy":"post_tag","embeddable":true,"href":"https:\/\/www.europesays.com\/cz\/wp-json\/wp\/v2\/tags?post=202381"}],"curies":[{"name":"wp","href":"https:\/\/api.w.org\/{rel}","templated":true}]}}