{"id":202391,"date":"2026-09-04T07:46:15","date_gmt":"2026-09-04T07:46:15","guid":{"rendered":"https:\/\/www.europesays.com\/cz\/202391\/"},"modified":"2026-09-04T07:46:15","modified_gmt":"2026-09-04T07:46:15","slug":"ctyri-prazske-projekty-bojuji-o-cenu-za-chytra-reseni-zmen-klimatu","status":"publish","type":"post","link":"https:\/\/www.europesays.com\/cz\/202391\/","title":{"rendered":"\u010cty\u0159i pra\u017esk\u00e9 projekty bojuj\u00ed o cenu za chytr\u00e1 \u0159e\u0161en\u00ed zm\u011bn klimatu"},"content":{"rendered":"<p>Od farmy po s\u00eddlo firmy<\/p>\n<p>Prahu ve fin\u00e1le zastupuje Pestr\u00e1 krajina pra\u017esk\u00e9 farmy v Cholupic\u00edch, Kv\u011btnat\u00e9 louky mezi s\u00eddli\u0161ti Prahy 12, komunitn\u00ed zahrady a farmy MetroFarm a energeticky \u00fasporn\u00e9 s\u00eddlo vydavatelstv\u00ed Czech Games Edition v Hloub\u011bt\u00edn\u011b.<\/p>\n<p><a href=\"https:\/\/www.regionalnivydavatelstvi.cz\/kariera-1\/obchodn%C3%AD-z%C3%A1stupce\" target=\"_blank\" rel=\"nofollow noopener\"><img decoding=\"async\" src=\"https:\/\/www.europesays.com\/cz\/wp-content\/uploads\/2026\/09\/1788507974_383_web-obchodak_Ondra_320-x-100.jpg\" alt=\"\"\/><\/a><\/p>\n<p>Reklama<\/p>\n<p>Pr\u00e1v\u011b hloub\u011bt\u00ednsk\u00fd projekt vznikl p\u0159estavbou rozestav\u011bn\u00e9ho supermarketu. M\u00edsto jeho demolice stavitel\u00e9 zachovali \u017eelezobetonov\u00fd skelet a doplnili jej o technologie sni\u017euj\u00edc\u00ed spot\u0159ebu energie a opat\u0159en\u00ed pom\u00e1haj\u00edc\u00ed zadr\u017eovat vodu a ochlazovat okol\u00ed. Budova vyu\u017e\u00edv\u00e1 fotovoltaiku, tepeln\u00e1 \u010derpadla napojen\u00e1 na 14 hlubinn\u00fdch vrt\u016f a reten\u010dn\u00ed n\u00e1dr\u017ee na 60 metr\u016f krychlov\u00fdch de\u0161\u0165ov\u00e9 vody. V are\u00e1lu bylo vysazeno 24 strom\u016f a v\u00edce ne\u017e 430 ke\u0159\u016f.<\/p>\n<p>Hlasov\u00e1n\u00ed potrv\u00e1 m\u011bs\u00edc<\/p>\n<p>Dal\u0161\u00ed pra\u017esk\u00e9 projekty pracuj\u00ed p\u0159edev\u0161\u00edm s krajinou a zelen\u00ed. Kv\u011btnat\u00e9 louky na Praze 12 nahrazuj\u00ed \u010d\u00e1st b\u011b\u017en\u011b se\u010den\u00fdch s\u00eddli\u0161tn\u00edch tr\u00e1vn\u00edk\u016f druhov\u011b pest\u0159ej\u0161\u00edmi plochami. MetroFarm provozuje komunitn\u00ed zahrady a m\u011bstsk\u00e9 farma\u0159en\u00ed v Let\u0148anech, na C\u00edsa\u0159sk\u00e9m ostrov\u011b a v Jinonic\u00edch. Projekt Pestr\u00e1 krajina pra\u017esk\u00e9 farmy sout\u011b\u017e\u00ed za Cholupice. O v\u00edt\u011bz\u00edch hlavn\u00edch kategori\u00ed rozhodne odborn\u00e1 porota. Ve\u0159ejnost m\u016f\u017ee do 1. \u0159\u00edjna <a href=\"https:\/\/www.adapterraawards.cz\/hlasovani\" target=\"_blank\" rel=\"noopener noreferrer external nofollow\">hlasovat o Cen\u011b sympatie<\/a>, p\u0159i\u010dem\u017e jeden \u010dlov\u011bk m\u016f\u017ee podpo\u0159it a\u017e dva \u010desk\u00e9 projekty. V\u00fdsledky Adapterra Awards budou vyhl\u00e1\u0161eny 5. listopadu v Praze.<\/p>\n<p>                                            <img decoding=\"async\" src=\"https:\/\/www.europesays.com\/cz\/wp-content\/uploads\/2026\/09\/1788507975_820_blok-fb.png\" alt=\"\" style=\"max-height:50px; width:auto;\"\/><br \/>\n                                        Sta\u0148te se \u010dleny FB skupiny <a href=\"https:\/\/www.facebook.com\/groups\/359769424963181\" target=\"_blank\" rel=\"noopener nofollow\">\u017divot v Praze<\/a>\u00a0a \u017e\u00e1dn\u00e1 zpr\u00e1va v\u00e1m neunikne.<\/p>\n<p>                                            <img decoding=\"async\" src=\"https:\/\/www.europesays.com\/cz\/wp-content\/uploads\/2026\/09\/1788507975_433_blok-x.png\" alt=\"\" style=\"max-height:50px; width:auto;\"\/><br \/>\n                                        Sledujte n\u00e1s na\u00a0<a href=\"https:\/\/twitter.com\/Novinykraje_cz\" target=\"_blank\" rel=\"noopener nofollow\" data-saferedirecturl=\"https:\/\/www.google.com\/url?q=https:\/\/twitter.com\/Novinykraje_cz&amp;source=gmail&amp;ust=1721161052578000&amp;usg=AOvVaw0_gxo5OlpC-BSq5ux7JPVd\">s\u00edti X<\/a>, kde pro v\u00e1s p\u0159ipravujeme plej\u00e1du pestr\u00fdch zpr\u00e1v.<\/p>\n<p>Doporu\u010dujeme<\/p>\n<p>            <script async src=\"https:\/\/platform.twitter.com\/widgets.js\" charset=\"utf-8\"><\/script><\/p>\n","protected":false},"excerpt":{"rendered":"Od farmy po s\u00eddlo firmy Prahu ve fin\u00e1le zastupuje Pestr\u00e1 krajina pra\u017esk\u00e9 farmy v Cholupic\u00edch, Kv\u011btnat\u00e9 louky mezi&hellip;\n","protected":false},"author":2,"featured_media":202392,"comment_status":"","ping_status":"","sticky":false,"template":"","format":"standard","meta":{"footnotes":"","_share_on_mastodon":"0"},"categories":[30],"tags":[98,99],"class_list":["post-202391","post","type-post","status-publish","format-standard","has-post-thumbnail","category-praha","tag-prague","tag-praha"],"share_on_mastodon":{"url":"https:\/\/pubeurope.com\/@cz\/117211666357388785","error":""},"_links":{"self":[{"href":"https:\/\/www.europesays.com\/cz\/wp-json\/wp\/v2\/posts\/202391","targetHints":{"allow":["GET"]}}],"collection":[{"href":"https:\/\/www.europesays.com\/cz\/wp-json\/wp\/v2\/posts"}],"about":[{"href":"https:\/\/www.europesays.com\/cz\/wp-json\/wp\/v2\/types\/post"}],"author":[{"embeddable":true,"href":"https:\/\/www.europesays.com\/cz\/wp-json\/wp\/v2\/users\/2"}],"replies":[{"embeddable":true,"href":"https:\/\/www.europesays.com\/cz\/wp-json\/wp\/v2\/comments?post=202391"}],"version-history":[{"count":0,"href":"https:\/\/www.europesays.com\/cz\/wp-json\/wp\/v2\/posts\/202391\/revisions"}],"wp:featuredmedia":[{"embeddable":true,"href":"https:\/\/www.europesays.com\/cz\/wp-json\/wp\/v2\/media\/202392"}],"wp:attachment":[{"href":"https:\/\/www.europesays.com\/cz\/wp-json\/wp\/v2\/media?parent=202391"}],"wp:term":[{"taxonomy":"category","embeddable":true,"href":"https:\/\/www.europesays.com\/cz\/wp-json\/wp\/v2\/categories?post=202391"},{"taxonomy":"post_tag","embeddable":true,"href":"https:\/\/www.europesays.com\/cz\/wp-json\/wp\/v2\/tags?post=202391"}],"curies":[{"name":"wp","href":"https:\/\/api.w.org\/{rel}","templated":true}]}}