{"id":202409,"date":"2026-09-04T08:14:15","date_gmt":"2026-09-04T08:14:15","guid":{"rendered":"https:\/\/www.europesays.com\/cz\/202409\/"},"modified":"2026-09-04T08:14:15","modified_gmt":"2026-09-04T08:14:15","slug":"vinobrani-na-vinici-sv-klary-se-blizi-botanicka-zahrada-praha-zve-na-vikend-plny-vina-hudby-a-zabavy-pro-velke-i-male-cysnews","status":"publish","type":"post","link":"https:\/\/www.europesays.com\/cz\/202409\/","title":{"rendered":"Vinobran\u00ed na Vinici sv. Kl\u00e1ry se bl\u00ed\u017e\u00ed. Botanick\u00e1 zahrada Praha zve na v\u00edkend pln\u00fd v\u00edna, hudby a z\u00e1bavy pro velk\u00e9 i mal\u00e9 \u2013 Cysnews"},"content":{"rendered":"<p>&#13;<\/p>\n<p>U\u017e za t\u00fdden o\u017eije Vinice sv. Kl\u00e1ry v Botanick\u00e9 zahrad\u011b Praha ka\u017edoro\u010dn\u00edm vinobran\u00edm. O v\u00edkendu 12. a 13. z\u00e1\u0159\u00ed \u010dek\u00e1 n\u00e1v\u0161t\u011bvn\u00edky v\u00edno m\u00edstn\u00ed produkce i od dal\u0161\u00edch \u010desk\u00fdch a moravsk\u00fdch vina\u0159\u016f, bur\u010d\u00e1k, koncerty, cimb\u00e1lov\u00e1 muzika i program pro celou rodinu \u2013 tradi\u010dn\u00ed \u0159emesla, tematick\u00e9 workshopy a atrakce pro d\u011bti. Hlavn\u00edmi hudebn\u00edmi hv\u011bzdami leto\u0161n\u00edho ro\u010dn\u00edku budou Emma Smetana &amp; Jordan Haj a D\u011bda Ml\u00e1dek Illegal Band. Zv\u00fdhodn\u011bn\u00e9 vstupenky je mo\u017en\u00e9 zakoupit do 11. z\u00e1\u0159\u00ed v on-line p\u0159edprodeji.<\/p>\n<p>\u00a0<\/p>\n<p>Tradi\u010dn\u00ed oslava sklizn\u011b vinn\u00fdch hrozn\u016f v botanick\u00e9 zahrad\u011b v Troji prob\u011bhne o v\u00edkendu 12. a 13. z\u00e1\u0159\u00ed<\/p>\n<p>Otev\u00edrac\u00ed doba:<br \/>Venkovn\u00ed expozice:<br \/>denn\u011b v\u010detn\u011b sv\u00e1tk\u016f <br \/>9.00\u201319.00<br \/>Sklen\u00edk Fata Morgana:<br \/>\u00fat\u2013ne<br \/>9.00\u201319.00<\/p>\n<p style=\"text-align: center;\">Caf\u00e9 Ornament:<br \/>po\u2013ne<br \/>10.00\u201319.30<\/p>\n<p style=\"text-align: center;\">Vinot\u00e9ka sv. Kl\u00e1ry:<br \/>po\u2013p\u00e1<br \/>13.00\u201319.30<br \/>so\u2013ne, sv\u00e1tky<br \/>11.00\u201319.30<\/p>\n<p>\u00a0<\/p>\n<p>\u00a0<\/p>\n<p>Vinobran\u00ed na Vinici sv. Kl\u00e1ry pat\u0159\u00ed k nejobl\u00edben\u011bj\u0161\u00edm z\u00e1\u0159ijov\u00fdm ud\u00e1lostem v metropoli a ka\u017edoro\u010dn\u011b l\u00e1k\u00e1 tis\u00edce n\u00e1v\u0161t\u011bvn\u00edk\u016f do jedine\u010dn\u00e9ho prost\u0159ed\u00ed trojsk\u00e9 botanick\u00e9 zahrady s panoramatick\u00fdm v\u00fdhledem na Prahu. \u201eVinobran\u00ed je pro n\u00e1s vyvrcholen\u00edm celoro\u010dn\u00ed p\u00e9\u010de o vinohrad a\u00a0jednou z nejkr\u00e1sn\u011bj\u0161\u00edch akc\u00ed roku. N\u00e1v\u0161t\u011bvn\u00edci maj\u00ed mo\u017enost ochutnat v\u00edna p\u0159\u00edmo v m\u00edst\u011b jejich vzniku, poznat, jak se d\u011blaj\u00ed, a z\u00e1rove\u0148 str\u00e1vit p\u0159\u00edjemn\u00fd v\u00edkend v prost\u0159ed\u00ed botanick\u00e9 zahrady. Pro rodiny i milovn\u00edky dobr\u00e9ho v\u00edna jsme p\u0159ipravili pestr\u00fd hudebn\u00ed i doprovodn\u00fd program. Aby se p\u0159\u00edchoz\u00ed vyhnuli front\u00e1m u pokladen a z\u00e1rove\u0148 u\u0161et\u0159ili, doporu\u010dujeme vyu\u017e\u00edt on-line p\u0159edprodej zv\u00fdhodn\u011bn\u00fdch vstupenek na na\u0161em webu,\u201c zve Bohumil \u010cern\u00fd, \u0159editel Botanick\u00e9 zahrady hl. m. Prahy.<\/p>\n<p>\u00a0<\/p>\n<p>Hudebn\u00ed program na dvou sc\u00e9n\u00e1ch <\/p>\n<p>Hlavn\u00ed hudebn\u00ed program se b\u011bhem v\u00edkendu odehraje na velk\u00e9m p\u00f3diu, dal\u0161\u00ed vystoupen\u00ed nab\u00eddne men\u0161\u00ed sc\u00e9na u\u00a0Vinot\u00e9ky sv. Kl\u00e1ry. Celou akc\u00ed provedou moder\u00e1to\u0159i R\u00e1dia Blan\u00edk Petr Sl\u00edva a Ad\u00e9la Zahradn\u00ed\u010dkov\u00e1. V sobotu vystoup\u00ed Emma Smetana &amp; Jordan Haj, 20 Minutes, YesBrothers nebo Big Band ZU\u0160 Biskupsk\u00e1. Ned\u011bln\u00ed program nab\u00eddne koncerty D\u011bda Ml\u00e1dek Illegal Band, MoveBreakers, Brass Avenue a OffBeat Orchestra. Komorn\u011bj\u0161\u00ed atmosf\u00e9ru u Vinot\u00e9ky sv.\u00a0Kl\u00e1ry po oba dny dopln\u00ed cimb\u00e1lov\u00e1 muzika a saxofon.<\/p>\n<p>\u00a0<\/p>\n<p> <a href=\"https:\/\/i0.wp.com\/www.cysnews-new.cz\/wp-content\/uploads\/2026\/09\/D6A17191-scaled.jpg?ssl=1\" rel=\"nofollow noopener\" target=\"_blank\"><img loading=\"lazy\" data-recalc-dims=\"1\" decoding=\"async\" data-attachment-id=\"311719\" data-permalink=\"https:\/\/www.cysnews.cz\/top-clanky\/vinobrani-na-vinici-sv-klary-se-blizi-botanicka-zahrada-praha-zve-na-vikend-plny-vina-hudby-a-zabavy-pro-velke-i-male\/attachment\/_d6a17191\/\" data-orig-file=\"https:\/\/i0.wp.com\/www.cysnews-new.cz\/wp-content\/uploads\/2026\/09\/D6A17191-scaled.jpg?fit=2560%2C1707&amp;ssl=1\" data-orig-size=\"2560,1707\" data-comments-opened=\"0\" data-image-meta=\"{&quot;aperture&quot;:&quot;5&quot;,&quot;credit&quot;:&quot;AMALIE BALASTIKOVA&quot;,&quot;camera&quot;:&quot;Canon EOS 5D Mark IV&quot;,&quot;caption&quot;:&quot;&quot;,&quot;created_timestamp&quot;:&quot;0&quot;,&quot;copyright&quot;:&quot;&quot;,&quot;focal_length&quot;:&quot;85&quot;,&quot;iso&quot;:&quot;100&quot;,&quot;shutter_speed&quot;:&quot;0.0025&quot;,&quot;title&quot;:&quot;&quot;,&quot;orientation&quot;:&quot;0&quot;,&quot;alt&quot;:&quot;&quot;}\" data-image-title=\"_D6A1719(1)\" data-image-description=\"\" data-image-caption=\"\" data-large-file=\"https:\/\/i0.wp.com\/www.cysnews-new.cz\/wp-content\/uploads\/2026\/09\/D6A17191-scaled.jpg?fit=640%2C426&amp;ssl=1\" class=\"aligncenter size-large wp-image-311719\" src=\"https:\/\/www.europesays.com\/cz\/wp-content\/uploads\/2026\/09\/D6A17191.jpg\" alt=\"\" width=\"640\" height=\"426\"  \/><\/a><\/p>\n<p>Tradi\u010dn\u00ed \u0159emesla, workshopy a program pro d\u011bti<\/p>\n<p>Sou\u010d\u00e1st\u00ed oslav vinobran\u00ed budou tematick\u00e9 workshopy, kreativn\u00ed d\u00edlny i staro\u010desk\u00e1 \u0159emesln\u00e1 vesni\u010dka. V jej\u00edch st\u00e1nc\u00edch si n\u00e1v\u0161t\u011bvn\u00edci budou moci vyzkou\u0161et nap\u0159\u00edklad ra\u017ebu pam\u011btn\u00ed medaile, kovotepectv\u00ed nebo dr\u00e1tenictv\u00ed. P\u0159ipraveno bude tak\u00e9 vzd\u011bl\u00e1vac\u00ed stanovi\u0161t\u011b s ozna\u010den\u00edm V\u00ednohr\u00e1tky, kter\u00e9 p\u0159ibl\u00ed\u017e\u00ed sv\u011bt vinn\u00e9 r\u00e9vy a vina\u0159stv\u00ed hravou formou. D\u011bti se mohou pod\u00edvat na rostliny pod mikroskopem, dozv\u011bd\u011bt se, co se d\u011bje s hrozny po vylisov\u00e1n\u00ed, nebo si vyzkou\u0161et dal\u0161\u00ed tematick\u00e9 aktivity. Chyb\u011bt nebude d\u011btsk\u00fd koutek, sout\u011b\u017ee ani historick\u00fd koloto\u010d.<\/p>\n<p>\u00a0<\/p>\n<p>Poznejte Vinici sv. Kl\u00e1ry<\/p>\n<p>Mnoho zaj\u00edmav\u00e9ho slibuj\u00ed tak\u00e9 komentovan\u00e9 prohl\u00eddky Vinice sv. Kl\u00e1ry. Pr\u016fvodci n\u00e1v\u0161t\u011bvn\u00edky sezn\u00e1m\u00ed s\u00a0histori\u00ed i sou\u010dasnost\u00ed m\u00edstn\u00edho vinohradu, s p\u011bstov\u00e1n\u00edm vinn\u00e9 r\u00e9vy i cestou hrozn\u016f od sklizn\u011b a\u017e po v\u00fdsledn\u00fd produkt. Prohl\u00eddky za\u010d\u00ednaj\u00ed ka\u017edou celou hodinu od 11.00 do 17.00 hodin a jsou zahrnuty do vstupn\u00e9ho na vinobran\u00ed.<\/p>\n<p><a href=\"https:\/\/i0.wp.com\/www.cysnews-new.cz\/wp-content\/uploads\/2026\/09\/W6B7701-scaled.jpg?ssl=1\" rel=\"nofollow noopener\" target=\"_blank\"><img data-recalc-dims=\"1\" loading=\"lazy\" decoding=\"async\" data-attachment-id=\"311718\" data-permalink=\"https:\/\/www.cysnews.cz\/top-clanky\/vinobrani-na-vinici-sv-klary-se-blizi-botanicka-zahrada-praha-zve-na-vikend-plny-vina-hudby-a-zabavy-pro-velke-i-male\/attachment\/_w6b7701\/\" data-orig-file=\"https:\/\/i0.wp.com\/www.cysnews-new.cz\/wp-content\/uploads\/2026\/09\/W6B7701-scaled.jpg?fit=2560%2C1707&amp;ssl=1\" data-orig-size=\"2560,1707\" data-comments-opened=\"0\" data-image-meta=\"{&quot;aperture&quot;:&quot;5.6&quot;,&quot;credit&quot;:&quot;&quot;,&quot;camera&quot;:&quot;Canon EOS 5D Mark III&quot;,&quot;caption&quot;:&quot;&quot;,&quot;created_timestamp&quot;:&quot;0&quot;,&quot;copyright&quot;:&quot;&quot;,&quot;focal_length&quot;:&quot;50&quot;,&quot;iso&quot;:&quot;100&quot;,&quot;shutter_speed&quot;:&quot;0.002&quot;,&quot;title&quot;:&quot;&quot;,&quot;orientation&quot;:&quot;0&quot;,&quot;alt&quot;:&quot;&quot;}\" data-image-title=\"_W6B7701\" data-image-description=\"\" data-image-caption=\"\" data-large-file=\"https:\/\/i0.wp.com\/www.cysnews-new.cz\/wp-content\/uploads\/2026\/09\/W6B7701-scaled.jpg?fit=640%2C426&amp;ssl=1\" class=\"aligncenter size-large wp-image-311718\" src=\"https:\/\/www.europesays.com\/cz\/wp-content\/uploads\/2026\/09\/W6B7701.jpg\" alt=\"\" width=\"640\" height=\"426\"  \/><\/a><\/p>\n<p>Vstupenky jsou v\u00a0p\u0159edprodeji<\/p>\n<p>Vinobran\u00ed se uskute\u010dn\u00ed 12. a 13. z\u00e1\u0159\u00ed 2026 v are\u00e1lu Ornament\u00e1ln\u00ed zahrady a na Vinici sv.\u00a0Kl\u00e1ry. Zv\u00fdhodn\u011bn\u00e9 vstupenky je mo\u017en\u00e9 zakoupit <a style=\"color: #000000;\" href=\"https:\/\/eshop.botanicka.cz\/produkty\/43\/akce\" rel=\"nofollow noopener\" target=\"_blank\">v\u00a0on-line p\u0159edprodeji<\/a> a\u017e do 11. z\u00e1\u0159\u00ed. Dosp\u011bl\u00ed zaplat\u00ed 250 K\u010d, d\u011bti a ml\u00e1de\u017e 150 K\u010d. P\u0159i n\u00e1kupu na m\u00edst\u011b \u010din\u00ed vstupn\u00e9 280 K\u010d pro dosp\u011bl\u00e9 a 180 K\u010d pro d\u011bti a ml\u00e1de\u017e. V cen\u011b vstupn\u00e9ho je zahrnuta degusta\u010dn\u00ed skleni\u010dka nebo kel\u00edmek NickNack, vstup do venkovn\u00edch expozic i sklen\u00edku Fata Morgana, komentovan\u00e1 prohl\u00eddka vinohradu a kompletn\u00ed doprovodn\u00fd program. Aktu\u00e1ln\u00ed informace o programu i\u00a0p\u0159edprodeji jsou k dispozici na webov\u00fdch str\u00e1nk\u00e1ch Botanick\u00e9 zahrady Praha a jej\u00edch soci\u00e1ln\u00edch s\u00edt\u00edch.<\/p>\n<p>\u00a0<\/p>\n<p>Sledujte d\u011bn\u00ed v\u00a0botanick\u00e9 zahrad\u011b na soci\u00e1ln\u00edch s\u00edt\u00edch (Facebook, Instagram a YouTube).<\/p>\n<p>Novinky a dal\u0161\u00ed informace najdete tak\u00e9 na\u00a0<a style=\"color: #0000ff;\" href=\"https:\/\/www.botanicka.cz\/\" target=\"_blank\" rel=\"noopener nofollow\">https:\/\/www.botanicka.cz\/<\/a><\/p>\n<p>\u00a0<\/p>\n<p>\u00a0<\/p>\n<p>\u00a0<\/p>\n<p>\u00a0<\/p>\n<p>\n\tSouvisej\u00edc\u00ed\n<\/p>\n<p>      &#13;<br \/>\n           &#13;<\/p>\n","protected":false},"excerpt":{"rendered":"&#13; U\u017e za t\u00fdden o\u017eije Vinice sv. Kl\u00e1ry v Botanick\u00e9 zahrad\u011b Praha ka\u017edoro\u010dn\u00edm vinobran\u00edm. O v\u00edkendu 12. a&hellip;\n","protected":false},"author":2,"featured_media":202410,"comment_status":"","ping_status":"","sticky":false,"template":"","format":"standard","meta":{"footnotes":"","_share_on_mastodon":"0"},"categories":[30],"tags":[98,99],"class_list":["post-202409","post","type-post","status-publish","format-standard","has-post-thumbnail","category-praha","tag-prague","tag-praha"],"share_on_mastodon":{"url":"https:\/\/pubeurope.com\/@cz\/117211776299860326","error":""},"_links":{"self":[{"href":"https:\/\/www.europesays.com\/cz\/wp-json\/wp\/v2\/posts\/202409","targetHints":{"allow":["GET"]}}],"collection":[{"href":"https:\/\/www.europesays.com\/cz\/wp-json\/wp\/v2\/posts"}],"about":[{"href":"https:\/\/www.europesays.com\/cz\/wp-json\/wp\/v2\/types\/post"}],"author":[{"embeddable":true,"href":"https:\/\/www.europesays.com\/cz\/wp-json\/wp\/v2\/users\/2"}],"replies":[{"embeddable":true,"href":"https:\/\/www.europesays.com\/cz\/wp-json\/wp\/v2\/comments?post=202409"}],"version-history":[{"count":0,"href":"https:\/\/www.europesays.com\/cz\/wp-json\/wp\/v2\/posts\/202409\/revisions"}],"wp:featuredmedia":[{"embeddable":true,"href":"https:\/\/www.europesays.com\/cz\/wp-json\/wp\/v2\/media\/202410"}],"wp:attachment":[{"href":"https:\/\/www.europesays.com\/cz\/wp-json\/wp\/v2\/media?parent=202409"}],"wp:term":[{"taxonomy":"category","embeddable":true,"href":"https:\/\/www.europesays.com\/cz\/wp-json\/wp\/v2\/categories?post=202409"},{"taxonomy":"post_tag","embeddable":true,"href":"https:\/\/www.europesays.com\/cz\/wp-json\/wp\/v2\/tags?post=202409"}],"curies":[{"name":"wp","href":"https:\/\/api.w.org\/{rel}","templated":true}]}}