{"id":202417,"date":"2026-09-04T08:25:08","date_gmt":"2026-09-04T08:25:08","guid":{"rendered":"https:\/\/www.europesays.com\/cz\/202417\/"},"modified":"2026-09-04T08:25:08","modified_gmt":"2026-09-04T08:25:08","slug":"jak-praha-vybredne-z-krize-bydleni-kandidati-slibuji-vyssi-dan-i-mene-papirovani","status":"publish","type":"post","link":"https:\/\/www.europesays.com\/cz\/202417\/","title":{"rendered":"Jak Praha vyb\u0159edne z krize bydlen\u00ed? Kandid\u00e1ti slibuj\u00ed vy\u0161\u0161\u00ed da\u0148 i m\u00e9n\u011b pap\u00edrov\u00e1n\u00ed"},"content":{"rendered":"<p>\n                        Dostupnost bydlen\u00ed je jeden z\u00a0nejviditeln\u011bj\u0161\u00edch probl\u00e9m\u016f hlavn\u00edho m\u011bsta, jeho\u017e \u0159e\u0161en\u00ed kandid\u00e1ti na pra\u017esk\u00e9ho prim\u00e1tora slibuj\u00ed. Li\u0161\u00ed se ale ve strategi\u00edch, jak k\u00a0n\u011bmu p\u0159istoupit. Nap\u0159\u00edklad Pir\u00e1ti v\u00a0\u010dele s\u00a0Terezou Nislerovou se cht\u011bj\u00ed zam\u011b\u0159it na pot\u00edr\u00e1n\u00ed pr\u00e1zdn\u00fdch obydl\u00ed a cht\u011bj\u00ed rozjet v\u00fdstavbu m\u011bstsk\u00fdch byt\u016f prost\u0159ednictv\u00edm Pra\u017esk\u00e9 developersk\u00e9 spole\u010dnosti (PDS). Tom\u00e1\u0161 Portl\u00edk (ODS) v\u00a0\u010dele kandid\u00e1tky Spolu pro Prahu pak vid\u00ed cestu v\u00a0maxim\u00e1ln\u00edm osek\u00e1n\u00ed byrokracie a liberalizaci trhu pro soukrom\u00e9 developery.\n                    <\/p>\n<p>Pra\u017esk\u00fd bytov\u00fd fond podle <a target=\"_blank\" href=\"https:\/\/scitani.gov.cz\/pocet-bytu#:~:text=v%20roce%201991%20a%202001%20trvale%20obydlen%C3%A9,obvykle%20obydlen%C3%A9%20byty.%20%C3%9Azem%C3%AD%20Rok%20s%C4%8D%C3%ADt%C3%A1n%C3%AD%20lidu\" rel=\"nofollow noopener\">v\u00fdsledk\u016f posledn\u00edho S\u010d\u00edt\u00e1n\u00ed lidu, dom\u016f a byt\u016f z\u00a0roku 2021<\/a> \u010d\u00edtal celkem 721\u00a0332 byt\u016f. 93\u00a0627 z\u00a0nich pak je uv\u00e1d\u011bno jako neobydlen\u00fdch, tedy \u017e\u00e1dn\u00e1 osoba v\u00a0nich nem\u011bla obvykl\u00fd pobyt. V\u00a0rozmez\u00ed let 2022 a 2025 byla<a target=\"_blank\" href=\"https:\/\/csu.gov.cz\/pha\/prazska-bytova-vystavba-v-roce-2025\" rel=\"nofollow noopener\"> podle dat \u010cesk\u00e9ho statistick\u00e9ho \u00fa\u0159adu (\u010cS\u00da)<\/a> zah\u00e1jena v\u00fdstavba celkem 27\u00a0781 byt\u016f. Ve stejn\u00e9 dob\u011b pak byla dokon\u010dena v\u00fdstavba celkem 24\u00a0777 byt\u016f. Pr\u016fm\u011brn\u00e9 tempo v\u00fdstavby se tedy pohybuje mezi 6 a 7 tis\u00edci byt\u016f ro\u010dn\u011b.<\/p>\n<p>\u010cT\u011aTE TAK\u00c9: <a target=\"_blank\" href=\"https:\/\/cnn.iprima.cz\/odvaha-jit-proti-srsti-lide-se-podivuji-nad-prazskym-billboardem-motoristu-519523\" rel=\"nofollow noopener\">Odvaha j\u00edt proti srsti? Lid\u00e9 se podivuj\u00ed nad pra\u017esk\u00fdm billboardem Motorist\u016f<\/a><\/p>\n<p>Pr\u016fm\u011brn\u00e1 cena jednoho metru \u010dtvere\u010dn\u00edho bytu v\u00a0roce 2025 v\u00a0Praze \u010dinila <a target=\"_blank\" href=\"https:\/\/csu.gov.cz\/ceny-nemovitosti?pocet=10&amp;start=0&amp;podskupiny=014&amp;razeni=-datumVydani\" rel=\"nofollow noopener\">podle \u010cS\u00da<\/a> 131\u00a0520 K\u010d. Oproti p\u0159edchoz\u00edmu roku do\u0161lo ke zdra\u017een\u00ed o zhruba 15,5 tis\u00edce korun. Pr\u016fm\u011brn\u00e9 n\u00e1jemn\u00e9 se <a target=\"_blank\" href=\"https:\/\/www.deloitte.com\/cz-sk\/cs\/Industries\/real-estate\/research\/rent-index-archive.html\" rel=\"nofollow noopener\">podle indexu spole\u010dnosti Deloitte<\/a> loni pohybovalo okolo 448 korun za metr \u010dtvere\u010dn\u00ed za m\u011bs\u00edc. B\u011bhem druh\u00e9ho kvart\u00e1lu leto\u0161n\u00edho roku \u2013 obdob\u00ed od za\u010d\u00e1tku dubna do konce \u010dervna \u2013 pak cena za stejnou plochu dos\u00e1hla 462 korun. Trend n\u00e1r\u016fstu cen je patrn\u00fd i p\u0159i pohledu na star\u0161\u00ed data.<\/p>\n<p class=\"intro-title-mobile\">\n        \u010ct\u011bte tak\u00e9\n    <\/p>\n<p>        <a href=\"https:\/\/cnn.iprima.cz\/laska-pirati-nezbavili-prahu-klientelismu-rozpustil-bych-radu-a-zdrazil-parkovne-v-centru-519177\" class=\"image-link\" rel=\"nofollow noopener\" target=\"_blank\"><\/p>\n<p>            <img decoding=\"async\" loading=\"lazy\" class=\"image\" src=\"https:\/\/www.europesays.com\/cz\/wp-content\/uploads\/2026\/09\/c164ff854b0f1eb562e1b725ba9bd638.jpg\" alt=\"Sen\u00e1tor V\u00e1clav L\u00e1ska\"\/><\/p>\n<p>            <\/a><\/p>\n<p class=\"intro-title-desktop\">\n            \u010ct\u011bte tak\u00e9\n        <\/p>\n<p>                <a href=\"https:\/\/cnn.iprima.cz\/laska-pirati-nezbavili-prahu-klientelismu-rozpustil-bych-radu-a-zdrazil-parkovne-v-centru-519177\" class=\"title-link\" rel=\"nofollow noopener\" target=\"_blank\"><\/p>\n<p class=\"title\">\n                L\u00e1ska: Pir\u00e1ti nezbavili Prahu klientelismu. Rozpustil bych radu a zdra\u017eil parkovn\u00e9 v centru\n            <\/p>\n<p>        <\/a><\/p>\n<p>                                                                                                22. srp 2026, 18:05<\/p>\n<p>                6 min \u010dten\u00ed<\/p>\n<p>Sou\u010dasn\u00e9 tempo v\u00fdstavby v\u00a0hlavn\u00edm m\u011bst\u011b ale nezvl\u00e1d\u00e1 pokr\u00fdvat vysokou popt\u00e1vku. Podle <a target=\"_blank\" href=\"https:\/\/iprpraha.cz\/uploads\/assets\/dokumenty\/strategie_rozvoje_bydleni.pdf\" rel=\"nofollow noopener\">Strategie rozvoje hlavn\u00edho m\u011bsta Prahy<\/a> z\u00a0roku 2021 je pro zlep\u0161en\u00ed dostupnosti bydlen\u00ed nutn\u00e9 stav\u011bt ro\u010dn\u011b alespo\u0148 10 tis\u00edc nov\u00fdch byt\u016f. Podle <a target=\"_blank\" href=\"https:\/\/www.prazskebydlenipodlupou.cz\/post\/kratkodobe-pronajmy-za-prazskou-bytovou-krizi-nemohou\" rel=\"nofollow noopener\">anal\u00fdzy projektu Pra\u017esk\u00e9 bydlen\u00ed pod lupou<\/a> kumulovan\u00fd bytov\u00fd dluh od roku 2006 p\u0159esahuje 91 tis\u00edc byt\u016f. Dokud se tedy tempo v\u00fdstavby nezv\u00fd\u0161\u00ed, nelze zlevn\u011bn\u00ed byt\u016f o\u010dek\u00e1vat.<\/p>\n<p>Kde naj\u00edt v\u00edce byt\u016f?<\/p>\n<p>Pir\u00e1ti \u0159e\u0161en\u00ed situace hledaj\u00ed na dvou front\u00e1ch. Jednou z\u00a0nich je <a target=\"_blank\" href=\"https:\/\/cnn.iprima.cz\/praha-vs-airbnb-nici-nam-centrum-shoduji-se-kandidati-na-primatora-ano-hovori-i-o-limitu-dnu-519615\" rel=\"nofollow noopener\">navr\u00e1cen\u00ed Airbnb<\/a> a pr\u00e1zdn\u00fdch byt\u016f na trh s\u00a0dlouhodob\u00fdmi n\u00e1jmy. \u201eV Praze m\u00e1me alespo\u0148 70 tis\u00edc voln\u00fdch byt\u016f, kter\u00e9 jsou vlastn\u011bn\u00e9 spole\u010dn\u00edky nebo soukromn\u00edky. J\u00e1 nechci nikomu \u0159\u00edkat, co m\u00e1 d\u011blat se sv\u00fdm soukrom\u00fdm majetkem. Je tady ale n\u00e1stroj, jak tyto byty uv\u00e9st zp\u00e1tky v\u00a0\u017eivot. T\u00edm je M\u011bstsk\u00e1 n\u00e1jemn\u00ed agentura. Lid\u00e9, kte\u0159\u00ed se boj\u00ed pronajmout sv\u016fj byt, jej mohou sv\u011b\u0159it m\u011bstu. Budou z\u00a0n\u011bj m\u00edt jist\u00fd p\u0159\u00edjem a m\u016f\u017ee b\u00fdt vyu\u017eit pro lidi, kte\u0159\u00ed ho pot\u0159ebuj\u00ed,\u201c \u0159ekla Nislerov\u00e1 novin\u00e1\u0159\u016fm za\u010d\u00e1tkem srpna na happeningu k\u00a0dostupn\u00e9mu bydlen\u00ed. Pir\u00e1ti d\u00e1le dle sv\u00e9ho programu hodlaj\u00ed uvalit n\u011bkolikan\u00e1sobnou da\u0148 z\u00a0nemovitosti na dlouhodob\u011b pr\u00e1zdn\u00e9 bytov\u00e9 domy.<\/p>\n<p class=\"intro-title-mobile\">\n        \u010ct\u011bte tak\u00e9\n    <\/p>\n<p>        <a href=\"https:\/\/cnn.iprima.cz\/praha-vs-airbnb-nici-nam-centrum-shoduji-se-kandidati-na-primatora-ano-hovori-i-o-limitu-dnu-519615\" class=\"image-link\" rel=\"nofollow noopener\" target=\"_blank\"><\/p>\n<p>            <img decoding=\"async\" loading=\"lazy\" class=\"image\" src=\"https:\/\/www.europesays.com\/cz\/wp-content\/uploads\/2026\/09\/6886736984ee63cbdbce9d63db197fbd.jpg\" alt=\"Airbnb (Ilustra\u010dn\u00ed foto)\"\/><\/p>\n<p>            <\/a><\/p>\n<p class=\"intro-title-desktop\">\n            \u010ct\u011bte tak\u00e9\n        <\/p>\n<p>                <a href=\"https:\/\/cnn.iprima.cz\/praha-vs-airbnb-nici-nam-centrum-shoduji-se-kandidati-na-primatora-ano-hovori-i-o-limitu-dnu-519615\" class=\"title-link\" rel=\"nofollow noopener\" target=\"_blank\"><\/p>\n<p class=\"title\">\n                Praha vs. Airbnb: Ni\u010d\u00ed n\u00e1m centrum, shoduj\u00ed se kandid\u00e1ti na prim\u00e1tora. ANO hovo\u0159\u00ed o limitu dn\u016f\n            <\/p>\n<p>        <\/a><\/p>\n<p>                                                                                                23. srp 2026, 05:45<\/p>\n<p>                6 min \u010dten\u00ed<\/p>\n<p>Nislerov\u00e1 se chce ale tak\u00e9 zam\u011b\u0159it na v\u00fdstavbu m\u011bstsk\u00fdch byt\u016f prost\u0159ednictv\u00edm Pra\u017esk\u00e9 developersk\u00e9 spole\u010dnosti (PDS), co\u017e je p\u0159\u00edsp\u011bvkov\u00e1 organizace hlavn\u00edho m\u011bsta, kter\u00e1 vznikla v roce 2020. Jej\u00edm c\u00edlem je iniciovat, koordinovat a realizovat p\u0159edev\u0161\u00edm m\u011bstskou bytovou v\u00fdstavbu \u010di dal\u0161\u00ed stavby ve ve\u0159ejn\u00e9m z\u00e1jmu na pozemc\u00edch hlavn\u00edho m\u011bsta Prahy.<\/p>\n<p>\u201e\u00dazemn\u00ed pl\u00e1nov\u00e1n\u00ed v\u00a0\u010cesku trv\u00e1 sedm a\u017e deset let. PDS funguje u\u017e p\u011bt let a nyn\u00ed m\u00e1 sv\u00e9 projekty ve f\u00e1zi, kdy je dok\u00e1\u017ee p\u0159ekl\u00e1p\u011bt do\u00a0realizace a v\u00fdstavby byt\u016f. To se m\u00e1 za\u010d\u00edt d\u00edt od p\u0159\u00ed\u0161t\u00edho roku. Je ale t\u0159eba tomu je\u0161t\u011b zajistit financov\u00e1n\u00ed. Tady chci p\u0159edat sv\u00e9 know-how, proto\u017ee jsem pracovala v\u00a0Evropsk\u00e9 unii a um\u00edm z\u00a0n\u00ed z\u00edsk\u00e1vat dotace,\u201c uvedla Nislerov\u00e1 v\u00a0po\u0159adu K\u00a0v\u011bci na CNN Prima NEWS.<\/p>\n<p>Stav\u011bt, stav\u011bt, stav\u011bt<\/p>\n<p>M\u011bstsk\u00fdm i pr\u00e1zdn\u00fdm byt\u016fm se hodl\u00e1 v\u011bnovat i l\u00eddr kandid\u00e1tky hnut\u00ed ANO Jan Hu\u0161bauer. \u201eChceme zastavit rozprodej m\u011bstsk\u00fdch byt\u016f a nab\u00eddnout slu\u017eebn\u00ed bydlen\u00ed policist\u016fm, hasi\u010d\u016fm, str\u00e1\u017en\u00edk\u016fm, u\u010ditel\u016fm, zdravotn\u00edk\u016fm a pracovn\u00edk\u016fm v soci\u00e1ln\u00edch slu\u017eb\u00e1ch. Vedle toho chceme s vl\u00e1dou \u0159e\u0161it i dlouhodob\u011b pr\u00e1zdn\u00e9 byty tak, aby se v\u00edce z nich vr\u00e1tilo na trh,\u201c uvedl kandid\u00e1t ANO pro CNN Prima NEWS.<\/p>\n<p>Praha ale podle n\u011bj mus\u00ed p\u0159edev\u0161\u00edm za\u010d\u00edt stav\u011bt. \u201eChci rozh\u00fdbat p\u0159ipraven\u00e9 m\u011bstsk\u00e9 projekty a dostat je do dvou let na staveni\u0161t\u011b. Z\u00e1rove\u0148 chceme vyu\u017e\u00edt m\u011bstsk\u00e9 pozemky pro spolupr\u00e1ci se soukrom\u00fdmi investory tak, aby s novou v\u00fdstavbou rostl tak\u00e9 m\u011bstsk\u00fd bytov\u00fd fond,\u201c dodal Hu\u0161bauer.<\/p>\n<p class=\"intro-title-mobile\">\n        \u010ct\u011bte tak\u00e9\n    <\/p>\n<p>        <a href=\"https:\/\/cnn.iprima.cz\/minimalni-mzda-od-ledna-vzroste-na-temer-25-tisic-korun-ma-byt-44-6-procent-prumerne-mzdy-520064\" class=\"image-link\" rel=\"nofollow noopener\" target=\"_blank\"><\/p>\n<p>            <img decoding=\"async\" loading=\"lazy\" class=\"image\" src=\"https:\/\/www.europesays.com\/cz\/wp-content\/uploads\/2026\/09\/177d67a66207e3e43447a9990561d7ce.jpg\" alt=\"Bankomat (Ilustra\u010dn\u00ed foto)\"\/><\/p>\n<p>            <\/a><\/p>\n<p class=\"intro-title-desktop\">\n            \u010ct\u011bte tak\u00e9\n        <\/p>\n<p>                <a href=\"https:\/\/cnn.iprima.cz\/minimalni-mzda-od-ledna-vzroste-na-temer-25-tisic-korun-ma-byt-44-6-procent-prumerne-mzdy-520064\" class=\"title-link\" rel=\"nofollow noopener\" target=\"_blank\"><\/p>\n<p class=\"title\">\n                Minim\u00e1ln\u00ed mzda od ledna vzroste o v\u00edce ne\u017e 2 000 korun. Bl\u00ed\u017e\u00ed se polovin\u011b pr\u016fm\u011bru v \u010cesku\n            <\/p>\n<p>        <\/a><\/p>\n<p>                                                                                                24. srp 2026, 13:52<\/p>\n<p>                6 min \u010dten\u00ed<\/p>\n<p>Portl\u00edk v\u00fdstavbu vid\u00ed jako jedinou cestu z krize. \u201eDokud bude v\u00fdrazn\u00fd p\u0159evis popt\u00e1vky nad nab\u00eddkou, tak se nikam nepohneme. V\u00fdstavbu brzd\u00ed p\u0159edev\u0161\u00edm p\u0159\u00edli\u0161 dlouh\u00e9 povolov\u00e1n\u00ed. Mus\u00edme tedy maxim\u00e1ln\u011b osekat byrokracii, liberalizovat trh a b\u00fdt soukrom\u00fdm investor\u016fm partnerem, ne p\u0159ek\u00e1\u017ekou,\u201c sd\u011blil CNN Prima NEWS.<\/p>\n<p>P\u0159edseda Prahy sob\u011b, kter\u00e1 v\u00a0leto\u0161n\u00edch komun\u00e1ln\u00edch volb\u00e1ch spolupracuje se Zelen\u00fdmi a KDU-\u010cSL, Adam Scheinherr pl\u00e1nuje nov\u00e9 byty pro m\u011bsto z\u00edskat i za p\u0159isp\u011bn\u00ed developer\u016f. \u201ePraha mus\u00ed byty stav\u011bt a p\u0159\u00edsp\u011bvky developer\u016f, takzvan\u00e9 kontribuce, vyb\u00edrat ve form\u011b hotov\u00fdch byt\u016f, ne financ\u00ed. Je to nejrychlej\u0161\u00ed cesta k\u00a0dostupn\u00e9mu bydlen\u00ed. Praha m\u00e1 pen\u011bz dost, Praha pot\u0159ebuje byty. M\u00e1me pl\u00e1n, jak zajistit pr\u016fb\u011b\u017en\u00e9 financov\u00e1n\u00ed bytov\u00e9 v\u00fdstavby tak, aby n\u00e1jemn\u00e9 v\u00a0nov\u00fdch bytech z\u016fstalo dostupn\u00e9,\u201c uvedl pro CNN Prima NEWS.<\/p>\n<p>Krom\u011b samotn\u00e9 v\u00fdstavby je ale podle n\u011bj t\u0159eba rozvojov\u00e1 \u00fazem\u00ed obslou\u017eit dopravn\u00ed kapacitou, ne\u017e se do nov\u00fdch \u010dtvrt\u00ed nast\u011bhuj\u00ed lid\u00e9. \u201eTo je \u00fakol dne\u0161n\u00edho m\u011bsta a dne\u0161n\u00edch politik\u016f, i kdy\u017e se \u010dasto bav\u00edme o v\u00fdhledech a\u017e do 30. a 40. let,\u201c dodal.<\/p>\n<p>Dru\u017estevn\u00ed bydlen\u00ed<\/p>\n<p>Sen\u00e1tor V\u00e1clav L\u00e1ska (SEN 21), kter\u00fd se tak\u00e9 uch\u00e1z\u00ed o k\u0159eslo pra\u017esk\u00e9ho prim\u00e1tora, pova\u017euje za z\u00e1sadn\u00ed rozvoj dru\u017estevn\u00edho bydlen\u00ed. \u201eA tak\u00e9 regulace toho, jak\u00e9 byty se budou stav\u011bt na pozemc\u00edch odem\u010den\u00fdch nov\u00fdm Metropolitn\u00edm pl\u00e1nem,\u201c doplnil pro CNN Prima NEWS.<\/p>\n<p class=\"intro-title-mobile\">\n        \u010ct\u011bte tak\u00e9\n    <\/p>\n<p>        <a href=\"https:\/\/cnn.iprima.cz\/me-hazeni-jogurtu-jsem-zlocinec-zlehcuje-video-turek-jako-prerostle-dite-mini-palicka-519773\" class=\"image-link\" rel=\"nofollow noopener\" target=\"_blank\"><\/p>\n<p>            <img decoding=\"async\" loading=\"lazy\" class=\"image\" src=\"https:\/\/www.europesays.com\/cz\/wp-content\/uploads\/2026\/09\/c36c996b65f495672e56187fe1888d24.jpg\" alt=\"Filip Turek\"\/><\/p>\n<p>            <\/a><\/p>\n<p class=\"intro-title-desktop\">\n            \u010ct\u011bte tak\u00e9\n        <\/p>\n<p>                <a href=\"https:\/\/cnn.iprima.cz\/me-hazeni-jogurtu-jsem-zlocinec-zlehcuje-video-turek-jako-prerostle-dite-mini-palicka-519773\" class=\"title-link\" rel=\"nofollow noopener\" target=\"_blank\"><\/p>\n<p class=\"title\">\n                M\u00e9 h\u00e1zen\u00ed jogurt\u016f? Jsem zlo\u010dinec, zleh\u010duje video Turek. Jako p\u0159erostl\u00e9 d\u00edt\u011b, m\u00edn\u00ed Pali\u010dka\n            <\/p>\n<p>        <\/a><\/p>\n<p>                                                                                                20. srp 2026, 13:32<\/p>\n<p>                6 min \u010dten\u00ed<\/p>\n<p>Zv\u00fd\u0161en\u00ed nab\u00eddky dostupn\u00fdch byt\u016f v\u00a0hlavn\u00edm m\u011bst\u011b pova\u017euje za prioritu i l\u00eddr kandid\u00e1tky SPD Milan Urban. \u201eUrychlen\u011b nech\u00e1me m\u011bstem rekonstruovat a pot\u0159ebn\u00fdm Pra\u017ean\u016fm pronajmout \u0159\u00e1dov\u011b t\u0159i tis\u00edce vybydlen\u00fdch byt\u016f v\u00a0d\u016fsledku pir\u00e1tsk\u00e9ho programu Housing First,\u201c uvedl Urban pro CNN Prima NEWS. Program Housing First (Bydlen\u00ed p\u0159edev\u0161\u00edm), jeho\u017e smyslem je ukon\u010dovat bezdomovectv\u00ed t\u00edm, \u017ee pot\u0159ebn\u00fdm lidem je nejd\u0159\u00edve poskytnuto bydlen\u00ed a a\u017e pot\u00e9 se za\u010d\u00ednaj\u00ed \u0159e\u0161it dal\u0161\u00ed probl\u00e9my, jako nap\u0159\u00edklad z\u00e1vislosti \u010di psychick\u00e1 onemocn\u011bn\u00ed, hodl\u00e1 zcela zru\u0161it. Z\u00e1rove\u0148 chce Urban zm\u011bnit syst\u00e9m p\u0159erozd\u011blov\u00e1n\u00ed obecn\u00edch byt\u016f tak, aby \u201eodpov\u00eddal realit\u011b a skute\u010dn\u011b pom\u00e1hal\u201c.<\/p>\n<p>I kandid\u00e1t SPD vid\u00ed jako jednu z\u00a0cest z\u00a0krize podporu dru\u017estevn\u00edho bydlen\u00ed i z\u00edsk\u00e1v\u00e1n\u00ed byt\u016f z\u00a0kontribuc\u00ed developer\u016f. \u201ePodpo\u0159\u00edme dru\u017estevn\u00ed v\u00fdstavbu nap\u0159\u00edklad vlo\u017een\u00edm m\u011bstsk\u00fdch pozemk\u016f do bytov\u00fdch projekt\u016f. V\u00a0pl\u00e1novac\u00edch smlouv\u00e1ch s\u00a0developery lze v\u00edce vyu\u017e\u00edvat kontribuce ve form\u011b dostupn\u00fdch byt\u016f. Sou\u010dasn\u011b je z\u00a0na\u0161eho pohledu vhodn\u00e9 podporovat v\u00fdstavbu n\u00e1jemn\u00edho bydlen\u00ed ve spolupr\u00e1ci se soukrom\u00fdm sektorem, v\u010detn\u011b modelu design &amp; build, kdy jeden dodavatel zajist\u00ed jak projekt, tak samotnou v\u00fdstavbu,\u201c dodal Urban s\u00a0t\u00edm, \u017ee takov\u00fd zp\u016fsob umo\u017e\u0148uje nejen v\u00fdstavbu urychlit, ale i l\u00e9pe hl\u00eddat n\u00e1klady.<\/p>\n<p>MOHLI JSTE P\u0158EHL\u00c9DNOUT: <a target=\"_blank\" href=\"https:\/\/cnn.iprima.cz\/dopravni-peklo-v-praze-s-prazdninami-neskonci-kde-se-pripravit-na-nejvetsi-komplikace-519627\" rel=\"nofollow noopener\">Dopravn\u00ed peklo v Praze s pr\u00e1zdninami neskon\u010d\u00ed. Kde se p\u0159ipravit na nejv\u011bt\u0161\u00ed komplikace?<\/a><\/p>\n<p class=\"!text-semibold-14-14 !text-black mb-0 mt-2\">\n                Vystudoval bohemistiku a historii na FF UK a aktu\u00e1ln\u011b medi\u00e1ln\u00ed studia na FSV UK. V\u011bnuje se p\u0159ev\u00e1\u017en\u011b dom\u00e1c\u00ed politice a p\u0159\u00edle\u017eitostn\u011b r\u00e1d zabrous\u00ed do oblasti kultury \u010di d\u011bjin. Ve voln\u00fdch chv\u00edl\u00edch r\u00e1d bloud\u00ed po m\u011bst\u011b s fotoapar\u00e1tem, p\u0159e\u010dte si kn\u00ed\u017eku nebo zahraje n\u011bjakou videohru. V redakci CNN Prima NEWS p\u016fsob\u00ed jako redaktor politick\u00e9ho d\u011bn\u00ed od podzimu 2023. (Petr.Silhan@iprima.cz)\n            <\/p>\n","protected":false},"excerpt":{"rendered":"Dostupnost bydlen\u00ed je jeden z\u00a0nejviditeln\u011bj\u0161\u00edch probl\u00e9m\u016f hlavn\u00edho m\u011bsta, jeho\u017e \u0159e\u0161en\u00ed kandid\u00e1ti na pra\u017esk\u00e9ho prim\u00e1tora slibuj\u00ed. Li\u0161\u00ed se ale&hellip;\n","protected":false},"author":2,"featured_media":202418,"comment_status":"","ping_status":"","sticky":false,"template":"","format":"standard","meta":{"footnotes":"","_share_on_mastodon":"0"},"categories":[30],"tags":[2647,1311,42,475,708,9608,679,26663,2887,174,98,99,17114,2886,5456,11429,29364,11428,40000,11615],"class_list":["post-202417","post","type-post","status-publish","format-standard","has-post-thumbnail","category-praha","tag-adam-scheinherr","tag-bydleni","tag-cesko","tag-developer","tag-ekonomika","tag-hlavni-mesto","tag-krize","tag-milan-urban","tag-obchod-a-finance","tag-politika","tag-prague","tag-praha","tag-prazska-developerska-spolecnost","tag-produkty-a-sluzby","tag-stavba","tag-stavebnictvi-a-nemovitosti","tag-tereza-nislerova","tag-tomas-portlik","tag-vaclav-laska","tag-vladni-politika"],"share_on_mastodon":{"url":"https:\/\/pubeurope.com\/@cz\/117211819391652585","error":""},"_links":{"self":[{"href":"https:\/\/www.europesays.com\/cz\/wp-json\/wp\/v2\/posts\/202417","targetHints":{"allow":["GET"]}}],"collection":[{"href":"https:\/\/www.europesays.com\/cz\/wp-json\/wp\/v2\/posts"}],"about":[{"href":"https:\/\/www.europesays.com\/cz\/wp-json\/wp\/v2\/types\/post"}],"author":[{"embeddable":true,"href":"https:\/\/www.europesays.com\/cz\/wp-json\/wp\/v2\/users\/2"}],"replies":[{"embeddable":true,"href":"https:\/\/www.europesays.com\/cz\/wp-json\/wp\/v2\/comments?post=202417"}],"version-history":[{"count":0,"href":"https:\/\/www.europesays.com\/cz\/wp-json\/wp\/v2\/posts\/202417\/revisions"}],"wp:featuredmedia":[{"embeddable":true,"href":"https:\/\/www.europesays.com\/cz\/wp-json\/wp\/v2\/media\/202418"}],"wp:attachment":[{"href":"https:\/\/www.europesays.com\/cz\/wp-json\/wp\/v2\/media?parent=202417"}],"wp:term":[{"taxonomy":"category","embeddable":true,"href":"https:\/\/www.europesays.com\/cz\/wp-json\/wp\/v2\/categories?post=202417"},{"taxonomy":"post_tag","embeddable":true,"href":"https:\/\/www.europesays.com\/cz\/wp-json\/wp\/v2\/tags?post=202417"}],"curies":[{"name":"wp","href":"https:\/\/api.w.org\/{rel}","templated":true}]}}