{"id":202421,"date":"2026-09-04T08:31:08","date_gmt":"2026-09-04T08:31:08","guid":{"rendered":"https:\/\/www.europesays.com\/cz\/202421\/"},"modified":"2026-09-04T08:31:08","modified_gmt":"2026-09-04T08:31:08","slug":"foto-voda-ze-slap-pomuze-vltave-z-nadrze-vytahuji-lode-novinky","status":"publish","type":"post","link":"https:\/\/www.europesays.com\/cz\/202421\/","title":{"rendered":"FOTO: Voda ze Slap pom\u016f\u017ee Vltav\u011b. Z n\u00e1dr\u017ee vytahuj\u00ed lod\u011b &#8211; Novinky"},"content":{"rendered":"<p><a href=\"https:\/\/news.google.com\/rss\/articles\/CBMiogFBVV95cUxOYVpHcF96S041MTJMNHhUUVZwYzJvbnJIeXE5OTZFbXNMckhINUZNZEtOZjAwQnVNZl8zTmwwYmtwUU5MWWpwRURhTXY0WWQyQ3FFeXE4MEU3TjN1UE1KdDMtSXNtNE9SZHB0bDdpUjZySzBwci00THc2Nm1kZ3ZFM3FnM0VfYjRET2NnQzRFTFp2Z3J6Q3dVc2k4QVRPXzdSdkE?oc=5\" target=\"_blank\" rel=\"nofollow noopener\">FOTO: Voda ze Slap pom\u016f\u017ee Vltav\u011b. Z n\u00e1dr\u017ee vytahuj\u00ed lod\u011b<\/a>&nbsp;&nbsp;Novinky<a href=\"https:\/\/news.google.com\/rss\/articles\/CBMiyAFBVV95cUxPYlY1ei00X2dCNThmcUdKOHcyQnpuUURSRGZQOHJXZVNIYkpzM193RDdVd0poaHZidC1BWG9qZElIaDJpT2ptMUx3RkdvR18xSzBsSEpOYnNKWmItWHNqMDFKc01CX3lmeEVxRi01MmhFVkVsSEpIZHItOG9WbTV0TnZUVlFEZ045U3lGVVFRSF9IT0ROaUdlMG1KbmJuT1RHd3ZleGh6dU1VYVNXaXJIS3lKTmN0dTNjY1AwS0pscVcyenlDRHNpbw?oc=5\" target=\"_blank\" rel=\"nofollow noopener\">Orl\u00edku pom\u016f\u017eou Slapy. \u201aS jejich odpou\u0161t\u011bn\u00edm m\u016f\u017eeme vysta\u010dit m\u011bs\u00edce,\u2018 uji\u0161\u0165uje \u0161\u00e9f Povod\u00ed Vltavy<\/a>&nbsp;&nbsp;iROZHLAS<a href=\"https:\/\/news.google.com\/rss\/articles\/CBMirwFBVV95cUxPVkRFYkFsSUdiRnFCSDBaS2NrT2xidjRhdDZDUWdRekc4N2RqVk55VUNha3VoaXZ1QlBuTzBaMzNBSXk3Y1JLYjhUU01RYVpodDdmWEd5ZlMzWlJrQ3pRdmV0eVI3TVRZSGlXTWJQaUpwSTNzTkM0QloyMGFzRUR4MEU3VW4tcG1JSVIzTUFNWm5yN1NOaVFpOGF5bk9zSV9YbkZaQWhqekh0WVM0TnNn?oc=5\" target=\"_blank\" rel=\"nofollow noopener\">Fotky z dronu nab\u00edzej\u00ed u Orl\u00edku pohledy jako ze sci-fi filmu<\/a>&nbsp;&nbsp;Seznam Zpr\u00e1vy<a href=\"https:\/\/news.google.com\/rss\/articles\/CBMi4gFBVV95cUxNajVRZ0ZPcnI4OTlqU1k0aS1Gek03NmZ3RE1mdkFjNkxHV1lSNVNuaHdpTTY1ODg3LVliZE90dHNKN1RYMXpqbFBFMEhEMlFSMmV6RlBocWN6NmJaOFRYVVJxLUVBRnFrQlhCSzdQZy12TloxOC03N0UwcU1VWkNBc3o3QngwNjNRR1I0ZGlkYWw4bDBMOVBBQTg5ZWgyVUktbkZNYlNJUC1URmo5ZmVaQU9KQ0VPbEdFeFNYT2NZWVNyZ1FueXFuajlGM0FoNlp4M0toWmN3WEk5OXQ0d0hwa0xn?oc=5\" target=\"_blank\" rel=\"nofollow noopener\">Smutn\u00fd rekord na Orl\u00edku. Hladina klesla o 15 metr\u016f, z vody vystoupila i jeskyn\u011b odboj\u00e1\u0159e<\/a>&nbsp;&nbsp;iDNES.cz<a href=\"https:\/\/news.google.com\/rss\/articles\/CBMi0gFBVV95cUxNTWNYd2VvYVgzZlVRV3lib190YzNwQzdkMWZRdUU4SURza0V2dTU0ZExac3JfNkk0N3NNSXpWd3VPZVdkV3VtWl91eElyTFBtRWowMm5ZelRHMzJydlBhY1VhOTRJMXFlUHRXZTRzZTNiaG1sV004cEc2SXZXOW5sZ3J2TzkxdkI4RHMzaV9Qa0xrdmFpQk13NWU1X2JvN3VCdWRLVTRTNWg1eFZjYlhZT1dleUZMQlVVOHF1SXJmMFIxbExZa2phajlMX1RTa0d4V1E?oc=5\" target=\"_blank\" rel=\"nofollow noopener\">Pokles hladiny Orl\u00edku odhalil d\u011bsiv\u00e9 tajemstv\u00ed: Sudy na dn\u011b p\u0159ehrady vyd\u011bsily m\u00edstn\u00ed!<\/a>&nbsp;&nbsp;blesk.cz<\/p>\n","protected":false},"excerpt":{"rendered":"FOTO: Voda ze Slap pom\u016f\u017ee Vltav\u011b. Z n\u00e1dr\u017ee vytahuj\u00ed lod\u011b&nbsp;&nbsp;NovinkyOrl\u00edku pom\u016f\u017eou Slapy. \u201aS jejich odpou\u0161t\u011bn\u00edm m\u016f\u017eeme vysta\u010dit m\u011bs\u00edce,\u2018&hellip;\n","protected":false},"author":2,"featured_media":202422,"comment_status":"","ping_status":"","sticky":false,"template":"","format":"standard","meta":{"footnotes":"","_share_on_mastodon":"0"},"categories":[7],"tags":[43,42,41,40,255,6594,7031,3215],"class_list":["post-202421","post","type-post","status-publish","format-standard","has-post-thumbnail","category-cesko","tag-ceska-republika","tag-cesko","tag-czech-republic","tag-czechia","tag-pocasi","tag-slapy","tag-sucho","tag-voda"],"share_on_mastodon":{"url":"https:\/\/pubeurope.com\/@cz\/117211843029695284","error":""},"_links":{"self":[{"href":"https:\/\/www.europesays.com\/cz\/wp-json\/wp\/v2\/posts\/202421","targetHints":{"allow":["GET"]}}],"collection":[{"href":"https:\/\/www.europesays.com\/cz\/wp-json\/wp\/v2\/posts"}],"about":[{"href":"https:\/\/www.europesays.com\/cz\/wp-json\/wp\/v2\/types\/post"}],"author":[{"embeddable":true,"href":"https:\/\/www.europesays.com\/cz\/wp-json\/wp\/v2\/users\/2"}],"replies":[{"embeddable":true,"href":"https:\/\/www.europesays.com\/cz\/wp-json\/wp\/v2\/comments?post=202421"}],"version-history":[{"count":0,"href":"https:\/\/www.europesays.com\/cz\/wp-json\/wp\/v2\/posts\/202421\/revisions"}],"wp:featuredmedia":[{"embeddable":true,"href":"https:\/\/www.europesays.com\/cz\/wp-json\/wp\/v2\/media\/202422"}],"wp:attachment":[{"href":"https:\/\/www.europesays.com\/cz\/wp-json\/wp\/v2\/media?parent=202421"}],"wp:term":[{"taxonomy":"category","embeddable":true,"href":"https:\/\/www.europesays.com\/cz\/wp-json\/wp\/v2\/categories?post=202421"},{"taxonomy":"post_tag","embeddable":true,"href":"https:\/\/www.europesays.com\/cz\/wp-json\/wp\/v2\/tags?post=202421"}],"curies":[{"name":"wp","href":"https:\/\/api.w.org\/{rel}","templated":true}]}}