{"id":202443,"date":"2026-09-04T08:50:17","date_gmt":"2026-09-04T08:50:17","guid":{"rendered":"https:\/\/www.europesays.com\/cz\/202443\/"},"modified":"2026-09-04T08:50:17","modified_gmt":"2026-09-04T08:50:17","slug":"studena-fronta-prinese-bourky-a-silne-narazy-vetru-varuji-meteorologove","status":"publish","type":"post","link":"https:\/\/www.europesays.com\/cz\/202443\/","title":{"rendered":"Studen\u00e1 fronta p\u0159inese bou\u0159ky a\u00a0siln\u00e9 n\u00e1razy v\u011btru, varuj\u00ed meteorologov\u00e9"},"content":{"rendered":"<p class=\"c_bB\"><a data-dot=\"atm-link\" target=\"_blank\" rel=\"noopener nofollow\" href=\"https:\/\/vystrahy-cr.chmi.cz\/\" class=\"c_I\">V\u00fdstraha \u010cHM\u00da<\/a> plat\u00ed pro \u010d\u00e1sti \u00dasteck\u00e9ho, Libereck\u00e9ho a\u00a0Kr\u00e1lov\u00e9hradeck\u00e9ho kraje od p\u00e1te\u010dn\u00edch 22:00\u00a0do sobotn\u00edch 3:00.\u00a0Nejsiln\u011bj\u0161\u00ed n\u00e1razy se o\u010dek\u00e1vaj\u00ed p\u0159i p\u0159echodu fronty a\u00a0v ojedin\u011bl\u00fdch bou\u0159k\u00e1ch.<\/p>\n<p class=\"c_bB\">\u201eP\u0159echod fronty a\u00a0bou\u0159ky se mohou projevit siln\u00fdm jihoz\u00e1padn\u00edm, postupn\u011b z\u00e1padn\u00edm a\u017e severoz\u00e1padn\u00edm v\u011btrem s\u00a0n\u00e1razy 15\u00a0a\u017e 20\u00a0m\/s (55\u00a0a\u017e 70\u00a0km\/h),\u201c varuj\u00ed meteorologov\u00e9 ve v\u00fdstraze.<\/p>\n<p class=\"c_bB\">V\u00edtr zes\u00edl\u00ed i\u00a0mimo \u00fazem\u00ed, pro kter\u00e9 plat\u00ed v\u00fdstraha, zejm\u00e9na v\u00a0severn\u00ed a\u00a0z\u00e1padn\u00ed \u010d\u00e1sti \u010cech. Na ji\u017en\u00ed a\u00a0st\u0159edn\u00ed Morav\u011b a\u00a0ve Slezsku by naopak nem\u011bl b\u00fdt tak v\u00fdrazn\u00fd.<\/p>\n<p class=\"c_bB\">Studen\u00e1 fronta p\u0159inese tak\u00e9 d\u00e9\u0161\u0165. Podle modelov\u00fdch p\u0159edpov\u011bd\u00ed napr\u0161\u00ed nejv\u00edce v\u00a0\u010cech\u00e1ch, kde mohou sr\u00e1\u017ekov\u00e9 \u00fahrny m\u00edsty p\u0159es\u00e1hnout 10\u00a0milimetr\u016f. Nejm\u00e9n\u011b sr\u00e1\u017eek naopak z\u0159ejm\u011b dostane ji\u017en\u00ed a\u00a0st\u0159edn\u00ed Morava, kterou nad\u00e1le tr\u00e1p\u00ed v\u00fdrazn\u00e9 sucho.<\/p>\n<p><a data-dot=\"atm-link\" target=\"_self\" href=\"https:\/\/www.novinky.cz\/clanek\/pocasi-evropu-rozdeli-extremni-vedra-a-studena-fronta-40595948\" class=\"c_I\" rel=\"nofollow noopener\"><img fetchpriority=\"high\" height=\"1080\" width=\"1920\" src=\"https:\/\/www.europesays.com\/cz\/wp-content\/uploads\/2026\/09\/1788511816_258_windy-teplota-pocasi.png\" loading=\"eager\" decoding=\"sync\" class=\"c_t c_r\"\/><\/a><img height=\"1078\"   width=\"1812\" src=\"https:\/\/www.europesays.com\/cz\/wp-content\/uploads\/2026\/09\/windy-vitr-pocasi.png\" loading=\"eager\" decoding=\"sync\" class=\"c_t c_r\"\/>Foto: Windy<\/p>\n<p class=\"c_bB\">Maxim\u00e1ln\u00ed n\u00e1razy v\u011btru podle modelu ICON-EU.<\/p>\n","protected":false},"excerpt":{"rendered":"V\u00fdstraha \u010cHM\u00da plat\u00ed pro \u010d\u00e1sti \u00dasteck\u00e9ho, Libereck\u00e9ho a\u00a0Kr\u00e1lov\u00e9hradeck\u00e9ho kraje od p\u00e1te\u010dn\u00edch 22:00\u00a0do sobotn\u00edch 3:00.\u00a0Nejsiln\u011bj\u0161\u00ed n\u00e1razy se o\u010dek\u00e1vaj\u00ed p\u0159i&hellip;\n","protected":false},"author":2,"featured_media":202444,"comment_status":"","ping_status":"","sticky":false,"template":"","format":"standard","meta":{"footnotes":"","_share_on_mastodon":"0"},"categories":[7],"tags":[3862,43,42,41,40,255,10503,11416,1709],"class_list":["post-202443","post","type-post","status-publish","format-standard","has-post-thumbnail","category-cesko","tag-bourka","tag-ceska-republika","tag-cesko","tag-czech-republic","tag-czechia","tag-pocasi","tag-studena-fronta","tag-vitr","tag-vystraha-chmu"],"share_on_mastodon":{"url":"https:\/\/pubeurope.com\/@cz\/117211917852953928","error":""},"_links":{"self":[{"href":"https:\/\/www.europesays.com\/cz\/wp-json\/wp\/v2\/posts\/202443","targetHints":{"allow":["GET"]}}],"collection":[{"href":"https:\/\/www.europesays.com\/cz\/wp-json\/wp\/v2\/posts"}],"about":[{"href":"https:\/\/www.europesays.com\/cz\/wp-json\/wp\/v2\/types\/post"}],"author":[{"embeddable":true,"href":"https:\/\/www.europesays.com\/cz\/wp-json\/wp\/v2\/users\/2"}],"replies":[{"embeddable":true,"href":"https:\/\/www.europesays.com\/cz\/wp-json\/wp\/v2\/comments?post=202443"}],"version-history":[{"count":0,"href":"https:\/\/www.europesays.com\/cz\/wp-json\/wp\/v2\/posts\/202443\/revisions"}],"wp:featuredmedia":[{"embeddable":true,"href":"https:\/\/www.europesays.com\/cz\/wp-json\/wp\/v2\/media\/202444"}],"wp:attachment":[{"href":"https:\/\/www.europesays.com\/cz\/wp-json\/wp\/v2\/media?parent=202443"}],"wp:term":[{"taxonomy":"category","embeddable":true,"href":"https:\/\/www.europesays.com\/cz\/wp-json\/wp\/v2\/categories?post=202443"},{"taxonomy":"post_tag","embeddable":true,"href":"https:\/\/www.europesays.com\/cz\/wp-json\/wp\/v2\/tags?post=202443"}],"curies":[{"name":"wp","href":"https:\/\/api.w.org\/{rel}","templated":true}]}}