{"id":202460,"date":"2026-09-04T08:59:23","date_gmt":"2026-09-04T08:59:23","guid":{"rendered":"https:\/\/www.europesays.com\/cz\/202460\/"},"modified":"2026-09-04T08:59:23","modified_gmt":"2026-09-04T08:59:23","slug":"nestesti-v-kempu-ve-francii-otec-autem-srazil-rocni-dceru-holcicce-nebylo-pomoci","status":"publish","type":"post","link":"https:\/\/www.europesays.com\/cz\/202460\/","title":{"rendered":"Ne\u0161t\u011bst\u00ed v kempu ve Francii: Otec autem srazil ro\u010dn\u00ed dceru, hol\u010di\u010dce nebylo pomoci"},"content":{"rendered":"<p class=\"main-title\">\n        Ne\u017e za\u010dnete \u010d\u00edst<br \/>\n        Co byste m\u011bli v\u011bd\u011bt, ne\u017e za\u010dnete \u010d\u00edst\n    <\/p>\n<p>Trag\u00e9die v kempu: Otec srazil vlastn\u00ed dceru.<\/p>\n<p>Batole nehodu ve Francii nep\u0159e\u017eilo.<\/p>\n<p>Rodina ze Stuttgartu dorazila na m\u00edsto teprve ve st\u0159edu.<\/p>\n<p>Byl \u0159idi\u010d pod vlivem alkoholu \u010di drog?<\/p>\n<p>        <a href=\"\" class=\"show-more\" data-collapsed-text=\"V\u00edce\" data-expanded-text=\"M\u00e9n\u011b\"><br \/>\n        V\u00edce<br \/>\n    <\/a><\/p>\n<p>    <a href=\"https:\/\/cnn.iprima.cz\/michaela-bartosova\" class=\"-mr-5\" style=\"z-index: 9\" rel=\"nofollow noopener\" target=\"_blank\"><br \/>\n        <img decoding=\"async\" src=\"https:\/\/www.europesays.com\/cz\/wp-content\/uploads\/2026\/09\/d622887eed8c941d6c33c1f5836ec334.png\" alt=\"Michaela Barto\u0161ov\u00e1\" class=\"avatar-img w-[40px] h-[40px] min-w-[40px] rounded-full border-[1.5px] border-solid border-black object-cover hover:opacity-90 transition-opacity before:!content-none !bg-none\" loading=\"lazy\"\/><br \/>\n    <\/a><\/p>\n<p class=\"lead\">\n                        Trag\u00e9die se odehr\u00e1la ve st\u0159edu v kempu ve francouzsk\u00e9m departementu Moselle. Otec tam b\u011bhem man\u00e9vrov\u00e1n\u00ed s vozidlem srazil teprve rok a p\u016fl starou dceru. Hol\u010di\u010dka zran\u011bn\u00edm podlehla, informovalo zpravodajstv\u00ed BFMTV.\n                    <\/p>\n<p>                                <a href=\"https:\/\/www.seznam.cz\/pridat-boxik\/173335\" onclick=\"dataLayer.push({&#039;event&#039;: &#039;add_to_seznam&#039;})\" class=\"hidden w-full\" id=\"seznam-banner\" rel=\"nofollow noopener\" target=\"_blank\"><\/p>\n<p>        <img decoding=\"async\" loading=\"lazy\" class=\"w-full mb-4\" src=\"https:\/\/assets.cnn.iprima.cz\/images\/seznam-banner-desktop-v3.svg\" alt=\"Seznam.cz banner\"\/><\/p>\n<p><\/a><\/p>\n<p>Rodina ze Stuttgartu dorazila podle <a target=\"_blank\" href=\"https:\/\/www.bild.de\/news\/tragoedie-in-frankreich-deutscher-faehrt-kleine-tochter-auf-campingplatz-tot-6a992d12ca00b4462f069ade\" rel=\"nofollow noopener\">den\u00edku Bild<\/a> do kempu teprve ve st\u0159edu brzy odpoledne. Pot\u00e9 p\u011bta\u010dty\u0159icetilet\u00fd mu\u017e v\u00a0bezprost\u0159edn\u00ed bl\u00edzkosti recepce provedl man\u00e9vr, aby p\u0159em\u00edstil rodinn\u00e9 vozidlo SUV. V\u00a0tu chv\u00edli se pod jeho koly ale ocitlo batole.<\/p>\n<p>\u010cT\u011aTE TAK\u00c9: <a target=\"_blank\" href=\"https:\/\/cnn.iprima.cz\/vrazda-znameho-hudebnika-a-jeho-rodiny-utocnici-neusetrili-ani-triletou-dceru-a-tehotnou-manzelku-520832\" rel=\"nofollow noopener\">Vra\u017eda zn\u00e1m\u00e9ho hudebn\u00edka a jeho rodiny v Mexiku. \u00dato\u010dn\u00edci neu\u0161et\u0159ili ani t\u0159\u00edletou dceru<\/a><\/p>\n<p>To se zpo\u010d\u00e1tku spolu se t\u0159emi\u00a0bratry, sedmilet\u00fdm chlapcem a \u010dty\u0159let\u00fdmi dvoj\u010daty, dr\u017eelo stranou, uv\u00e1d\u00ed <a target=\"_blank\" href=\"https:\/\/www.bfmtv.com\/police-justice\/en-moselle-une-enfant-d-un-an-et-demi-meurt-accidentellement-ecrasee-par-son-pere-dans-un-camping_AD-202609030222.html\" rel=\"nofollow noopener\">zpravodajstv\u00ed BFMTV<\/a>. \u201eB\u011bhem man\u00e9vru se ale skupinka ne\u010dekan\u011b p\u0159ibl\u00ed\u017eila k autu a za ne\u0161\u0165astn\u00fdch okolnost\u00ed do\u0161lo ke sr\u00e1\u017ece,\u201c uvedl soudce v\u00a0tiskov\u00e9 zpr\u00e1v\u011b.<\/p>\n<p>Testy na alkohol a drogy proveden\u00e9 u \u0159idi\u010de byly negativn\u00ed.<\/p>\n<p>MOHLO V\u00c1M UNIKNOUT: <a target=\"_blank\" href=\"https:\/\/cnn.iprima.cz\/trojnasobny-vrah-hejna-znovu-pred-soudem-po-22-letech-zada-propusteni-na-svobodu-520836\" rel=\"nofollow noopener\">Trojn\u00e1sobn\u00fd vrah Hejna chce po 22 letech na svobodu. Sna\u017e\u00edm se v\u0161e od\u010dinit, \u0159ekl soudu<\/a><\/p>\n<p class=\"related-articles-title\">\n        Doporu\u010den\u00e9 \u010dl\u00e1nky\n    <\/p>\n<p class=\"!text-semibold-14-14 !text-black mb-0 mt-2\">\n                Vystudovala liter\u00e1rn\u00ed tvorbu na Vysok\u00e9 \u0161kole kreativn\u00ed komunikace a n\u00e1sledn\u011b nav\u00e1zala studiem m\u00e9di\u00ed na Metropolitn\u00ed univerzit\u011b v Praze. Od dubna 2023 p\u016fsob\u00ed jako redaktorka v on-line redakci CNN Prima NEWS. (Michaela.Bartosova@iprima.cz)\n            <\/p>\n","protected":false},"excerpt":{"rendered":"Ne\u017e za\u010dnete \u010d\u00edst Co byste m\u011bli v\u011bd\u011bt, ne\u017e za\u010dnete \u010d\u00edst Trag\u00e9die v kempu: Otec srazil vlastn\u00ed dceru. Batole&hellip;\n","protected":false},"author":2,"featured_media":202461,"comment_status":"","ping_status":"","sticky":false,"template":"","format":"standard","meta":{"footnotes":"","_share_on_mastodon":"0"},"categories":[11],"tags":[5068,12484,7484,46227,7485,1231,12483,649,19913,54,1230,53,52,1296],"class_list":["post-202460","post","type-post","status-publish","format-standard","has-post-thumbnail","category-svet","tag-bild","tag-dopravni-nehoda","tag-katastrofy","tag-moselle","tag-nehody-a-mimoradne-udalosti","tag-pravo-a-spravedlnost","tag-silnicni-nehoda","tag-spolecnost","tag-stuttgart","tag-svet","tag-trestna-cinnost","tag-world","tag-world-news","tag-zraneni"],"share_on_mastodon":{"url":"https:\/\/pubeurope.com\/@cz\/117211953196655648","error":""},"_links":{"self":[{"href":"https:\/\/www.europesays.com\/cz\/wp-json\/wp\/v2\/posts\/202460","targetHints":{"allow":["GET"]}}],"collection":[{"href":"https:\/\/www.europesays.com\/cz\/wp-json\/wp\/v2\/posts"}],"about":[{"href":"https:\/\/www.europesays.com\/cz\/wp-json\/wp\/v2\/types\/post"}],"author":[{"embeddable":true,"href":"https:\/\/www.europesays.com\/cz\/wp-json\/wp\/v2\/users\/2"}],"replies":[{"embeddable":true,"href":"https:\/\/www.europesays.com\/cz\/wp-json\/wp\/v2\/comments?post=202460"}],"version-history":[{"count":0,"href":"https:\/\/www.europesays.com\/cz\/wp-json\/wp\/v2\/posts\/202460\/revisions"}],"wp:featuredmedia":[{"embeddable":true,"href":"https:\/\/www.europesays.com\/cz\/wp-json\/wp\/v2\/media\/202461"}],"wp:attachment":[{"href":"https:\/\/www.europesays.com\/cz\/wp-json\/wp\/v2\/media?parent=202460"}],"wp:term":[{"taxonomy":"category","embeddable":true,"href":"https:\/\/www.europesays.com\/cz\/wp-json\/wp\/v2\/categories?post=202460"},{"taxonomy":"post_tag","embeddable":true,"href":"https:\/\/www.europesays.com\/cz\/wp-json\/wp\/v2\/tags?post=202460"}],"curies":[{"name":"wp","href":"https:\/\/api.w.org\/{rel}","templated":true}]}}