{"id":202462,"date":"2026-09-04T09:00:10","date_gmt":"2026-09-04T09:00:10","guid":{"rendered":"https:\/\/www.europesays.com\/cz\/202462\/"},"modified":"2026-09-04T09:00:10","modified_gmt":"2026-09-04T09:00:10","slug":"babisuv-hartenberg-utrzil-227-miliardy-korun-ztratu-za-dva-roky-snizil-na-polovinu","status":"publish","type":"post","link":"https:\/\/www.europesays.com\/cz\/202462\/","title":{"rendered":"Babi\u0161\u016fv Hartenberg utr\u017eil 22,7\u00a0miliardy korun. Ztr\u00e1tu za dva roky sn\u00ed\u017eil na polovinu"},"content":{"rendered":"<p class=\"c_bB\">\u201eByl to rekordn\u00ed rok,\u201c \u0159ekl <a data-dot=\"atm-link\" target=\"_blank\" rel=\"noopener nofollow\" href=\"https:\/\/www.seznamzpravy.cz\/clanek\/ekonomika-firmy-babisovu-hartenbergu-se-loni-darilo-trzby-prekonaly-900-milionu-eur-314572\" class=\"c_I\">Seznam Zpr\u00e1v\u00e1m<\/a> \u0159\u00edd\u00edc\u00ed partner Hartenberg Capital Jozef Janov. V\u00fdsledky podle n\u011bj zlep\u0161il r\u016fst ji\u017e vlastn\u011bn\u00fdch podnik\u016f i\u00a0n\u00e1kup dal\u0161\u00edch \u0161esti firem\u00a0\u2013 t\u0159\u00ed internetov\u00fdch obchod\u016f a\u00a0t\u0159\u00ed klinik.<\/p>\n<p class=\"c_bB\">\u00da\u010detn\u00ed ztr\u00e1ta se p\u0159esto druh\u00fdm rokem zmen\u0161ila. V\u00a0roce 2023\u00a0dosahovala 734,5\u00a0milionu korun, o\u00a0rok pozd\u011bji 399\u00a0milion\u016f a\u00a0loni 368\u00a0milion\u016f. Za dva roky tak klesla t\u00e9m\u011b\u0159 na polovinu.<\/p>\n<p class=\"c_bB\">Podle Hartenbergu za n\u00ed nestoj\u00ed prod\u011ble\u010dn\u00fd chod firem, ale hlavn\u011b \u00fa\u010detn\u00ed odpisy. Holding postupn\u011b odepisuje rozd\u00edl mezi kupn\u00ed cenou spole\u010dnost\u00ed a\u00a0jejich \u00fa\u010detn\u00ed hodnotou. Nejde tedy o\u00a0pen\u00edze, kter\u00e9 by v\u00a0dan\u00e9m roce skute\u010dn\u011b vydal.<\/p>\n<p><a data-dot=\"atm-link\" target=\"_self\" href=\"https:\/\/www.novinky.cz\/clanek\/domaci-po-agrofertu-synbiol-dalsi-mozny-stret-babisovych-zajmu-40556230\" class=\"c_I\" rel=\"nofollow noopener\"><img fetchpriority=\"high\" height=\"2304\" width=\"4096\" src=\"https:\/\/www.europesays.com\/cz\/wp-content\/uploads\/2026\/09\/seznam-advertorial-gennet.jpeg\" loading=\"eager\" decoding=\"sync\" class=\"c_t c_r\"\/><\/a><\/p>\n<p class=\"c_bB\">Jedn\u00edm z\u00a0hlavn\u00edch z\u00e1jm\u016f skupiny je zdravotnictv\u00ed. S\u00ed\u0165 FutureLife provozuje p\u0159es 60\u00a0klinik v\u00a015\u00a0evropsk\u00fdch zem\u00edch a\u00a0ro\u010dn\u011b provede v\u00edce ne\u017e 77\u00a0tis\u00edc cykl\u016f um\u011bl\u00e9ho oplodn\u011bn\u00ed. Podle \u00fadaj\u016f skupiny se v\u00a0r\u00e1mci jej\u00edch slu\u017eeb narodilo ji\u017e p\u0159es 170\u00a0tis\u00edc d\u011bt\u00ed.<\/p>\n<p class=\"c_bB\">\u010cesk\u00e1 zdravotnick\u00e1 za\u0159\u00edzen\u00ed pat\u0159\u00edc\u00ed do FutureLife dostala podle kv\u011btnov\u00e9ho zji\u0161t\u011bn\u00ed Den\u00edku N v\u00a0minul\u00e9m roce p\u0159es 2,8\u00a0miliardy korun z\u00a0ve\u0159ejn\u00e9ho zdravotn\u00edho poji\u0161t\u011bn\u00ed. Ne\u0161lo o\u00a0dotace, ale o\u00a0\u00fahrady za poskytnutou p\u00e9\u010di.<\/p>\n<p class=\"c_bB\">Hartenberg na rozd\u00edl od koncernu Agrofert nebyl p\u0159eveden do sv\u011b\u0159ensk\u00e9ho fondu RSVP Trust. \u201eT\u00fdk\u00e1 se to jen Agrofertu,\u201c \u0159ekl Babi\u0161 loni v\u00a0prosinci Den\u00edku N o\u00a0chystan\u00e9m p\u0159evodu.<\/p>\n<p class=\"c_bB\">Babi\u0161 Hartenberg nad\u00e1le v\u011bt\u0161inov\u011b vlastn\u00ed prost\u0159ednictv\u00edm spole\u010dnosti SynBiol, kter\u00e1 dr\u017e\u00ed pod\u00edl 87,75\u00a0procenta. Evropsk\u00e1 komise proto SynBiol i\u00a0Hartenberg pova\u017euje za firmy pod jeho p\u0159\u00edmou kontrolou. \u010cesk\u00e9 \u00fa\u0159ady vyzvala, aby do vy\u00fa\u010dtov\u00e1n\u00ed evropsk\u00fdch fond\u016f zat\u00edm nezahrnovaly v\u00fddaje spojen\u00e9 s\u00a0t\u011bmito spole\u010dnostmi, dokud posuzov\u00e1n\u00ed mo\u017en\u00e9ho st\u0159etu z\u00e1jm\u016f neskon\u010d\u00ed.<\/p>\n<p><a data-dot=\"atm-link\" target=\"_self\" href=\"https:\/\/www.novinky.cz\/clanek\/zahranicni-brusel-vytyka-cesku-nedostatky-kolem-stretu-zajmu-40588625\" class=\"c_I\" rel=\"nofollow noopener\"><img height=\"2096\" width=\"3727\" src=\"https:\/\/www.europesays.com\/cz\/wp-content\/uploads\/2026\/09\/1788512410_447_eu.jpeg\" loading=\"eager\" decoding=\"sync\" class=\"c_t c_r\"\/><\/a><\/p>\n","protected":false},"excerpt":{"rendered":"\u201eByl to rekordn\u00ed rok,\u201c \u0159ekl Seznam Zpr\u00e1v\u00e1m \u0159\u00edd\u00edc\u00ed partner Hartenberg Capital Jozef Janov. V\u00fdsledky podle n\u011bj zlep\u0161il r\u016fst&hellip;\n","protected":false},"author":2,"featured_media":202463,"comment_status":"","ping_status":"","sticky":false,"template":"","format":"standard","meta":{"footnotes":"","_share_on_mastodon":"0"},"categories":[7],"tags":[266,43,42,41,40,7155,46228,5435],"class_list":["post-202462","post","type-post","status-publish","format-standard","has-post-thumbnail","category-cesko","tag-andrej-babis","tag-ceska-republika","tag-cesko","tag-czech-republic","tag-czechia","tag-hartenberg","tag-reprodukcni-lekarstvi","tag-zisk"],"share_on_mastodon":{"url":"https:\/\/pubeurope.com\/@cz\/117211956971639948","error":""},"_links":{"self":[{"href":"https:\/\/www.europesays.com\/cz\/wp-json\/wp\/v2\/posts\/202462","targetHints":{"allow":["GET"]}}],"collection":[{"href":"https:\/\/www.europesays.com\/cz\/wp-json\/wp\/v2\/posts"}],"about":[{"href":"https:\/\/www.europesays.com\/cz\/wp-json\/wp\/v2\/types\/post"}],"author":[{"embeddable":true,"href":"https:\/\/www.europesays.com\/cz\/wp-json\/wp\/v2\/users\/2"}],"replies":[{"embeddable":true,"href":"https:\/\/www.europesays.com\/cz\/wp-json\/wp\/v2\/comments?post=202462"}],"version-history":[{"count":0,"href":"https:\/\/www.europesays.com\/cz\/wp-json\/wp\/v2\/posts\/202462\/revisions"}],"wp:featuredmedia":[{"embeddable":true,"href":"https:\/\/www.europesays.com\/cz\/wp-json\/wp\/v2\/media\/202463"}],"wp:attachment":[{"href":"https:\/\/www.europesays.com\/cz\/wp-json\/wp\/v2\/media?parent=202462"}],"wp:term":[{"taxonomy":"category","embeddable":true,"href":"https:\/\/www.europesays.com\/cz\/wp-json\/wp\/v2\/categories?post=202462"},{"taxonomy":"post_tag","embeddable":true,"href":"https:\/\/www.europesays.com\/cz\/wp-json\/wp\/v2\/tags?post=202462"}],"curies":[{"name":"wp","href":"https:\/\/api.w.org\/{rel}","templated":true}]}}