{"id":202476,"date":"2026-09-04T09:15:16","date_gmt":"2026-09-04T09:15:16","guid":{"rendered":"https:\/\/www.europesays.com\/cz\/202476\/"},"modified":"2026-09-04T09:15:16","modified_gmt":"2026-09-04T09:15:16","slug":"uderi-kdyz-to-necekame-hvezdny-kouc-o-zivotnim-roce-manuel-i-novem-ceskem-supertalentu","status":"publish","type":"post","link":"https:\/\/www.europesays.com\/cz\/202476\/","title":{"rendered":"Ude\u0159\u00ed, kdy\u017e to ne\u010dek\u00e1me. Hv\u011bzdn\u00fd kou\u010d o\u00a0\u017eivotn\u00edm roce Manuel i\u00a0nov\u00e9m \u010desk\u00e9m supertalentu"},"content":{"rendered":"<p class=\"b_bA\">V Bruselu, kam ve \u010dtvrtek dorazil na fin\u00e1le Diamantov\u00e9 ligy, se usadil v\u00a0lobby hotelu, zapnul videohovor a\u00a0pro Sport.cz vypr\u00e1v\u011bl o\u00a0skv\u011bl\u00e9 sezon\u011b i\u00a0ho\u0159k\u00e9m evropsk\u00e9m \u0161ampion\u00e1tu Manuel, potenci\u00e1lu Michala Rady \u010di hv\u011bzdn\u00e9 Broedersov\u00e9-Bolov\u00e9 a\u00a0rekordu Jarmily Kratochv\u00edlov\u00e9.<\/p>\n<p>Lurdes Glorii Manuel \u010dek\u00e1 v\u00a0sobotu v\u00a0Bruselu p\u0159edposledn\u00ed start sezony, prvn\u00ed \u010dtvrtka od mistrovstv\u00ed Evropy v\u00a0Birminghamu. Jak na tom je?<\/p>\n<p class=\"b_bA\">Douf\u00e1m, \u017ee ji \u010dekaj\u00ed je\u0161t\u011b t\u0159i z\u00e1vody, v\u00a0Budape\u0161ti se b\u011b\u017e\u00ed semifin\u00e1le i\u00a0fin\u00e1le. V\u00a0Diamantov\u00e9 lize m\u00e1 velmi dobrou sezonu, poka\u017ed\u00e9 byla v\u00a0elitn\u00ed trojce, posouvala si osobn\u00ed rekord. Samoz\u0159ejm\u011b byla z\u00a0mistrovstv\u00ed Evropy v\u00a0Birminghamu zklaman\u00e1 a\u00a0bylo pro ni t\u011b\u017ek\u00e9 naj\u00edt motivaci. Nav\u00edc byla v\u00a0nov\u00e9 situaci, v\u00a0minulosti pro ni znamenal \u0161ampion\u00e1t vrchol sezony a\u00a0pak u\u017e nic d\u016fle\u017eit\u00e9ho nen\u00e1sledovalo. Te\u010f je\u0161t\u011b p\u0159ijde fin\u00e1le Diamantov\u00e9 ligy a\u00a0Ultimate Championships. Pro mlad\u00e9 z\u00e1vodn\u00edky je t\u011b\u017e\u0161\u00ed dr\u017eet motivaci tak dlouho, ale i\u00a0to je sou\u010d\u00e1st\u00ed procesu, aby nejen b\u011bhala co nejrychleji, ale tak\u00e9 z\u00edsk\u00e1vala tyto zku\u0161enosti. Je dob\u0159e, \u017ee si to za\u017eije u\u017e takhle mlad\u00e1.<\/p>\n<p>V b\u0159eznu se stala halovou mistryn\u00ed sv\u011bta, u\u017e v\u00a0kv\u011btnu startovala na Sv\u011btov\u00fdch \u0161tafet\u00e1ch a\u00a0od t\u00e9 doby z\u00e1vod\u00ed. Pozorujete na n\u00ed u\u017e fyzickou nebo i\u00a0psychickou \u00fanavu?<\/p>\n<p class=\"b_bA\">Oproti atlet\u016fm, kte\u0159\u00ed jsou na tenhle koloto\u010d zvykl\u00ed, s\u00a0t\u00edm bojuje o\u00a0trochu v\u00edc, proto\u017ee je to pro ni nov\u00e9. Fyzicky zvl\u00e1d\u00e1 st\u00e1le dobr\u00e9 tr\u00e9ninky, ale \u010dtvrtka je t\u011b\u017ek\u00e1 discipl\u00edna a\u00a0pot\u0159ebujete b\u00fdt pln\u00ed energie i\u00a0po ment\u00e1ln\u00ed str\u00e1nce. Po Birminghamu bylo pro ni t\u011b\u017e\u0161\u00ed naj\u00edt spr\u00e1vnou motivaci, ale m\u011bli jsme dobr\u00fd rozhovor o\u00a0tom, jak je d\u016fle\u017eit\u00e9 sezonu po \u0161ampion\u00e1tu nevzdat. Bude to kl\u00ed\u010dov\u00e9 i\u00a0do budoucna. P\u0159\u00ed\u0161t\u00ed rok je mistrovstv\u00ed sv\u011bta v\u00a0z\u00e1\u0159\u00ed a\u00a0v roce 2028\u00a0po mistrovstv\u00ed Evropy olympi\u00e1da a\u00a0pak je\u0161t\u011b p\u016flka Diamantov\u00e9 ligy.<\/p>\n<p><a data-dot=\"atm-link\" target=\"_self\" href=\"https:\/\/www.sport.cz\/clanek\/atletika-dojemny-navrat-cesky-desetibojar-po-prodelane-leukemii-opet-zavodil-5522776\" class=\"b_V g_ig\" rel=\"nofollow noopener\"><img fetchpriority=\"high\" height=\"1051\" width=\"1402\" src=\"https:\/\/www.europesays.com\/cz\/wp-content\/uploads\/2026\/09\/1788513314_402_svoboda-atletika-leukemie.webp\" loading=\"eager\" decoding=\"sync\" class=\"b_B b_z\"\/><\/a>Na posledn\u00ed Diamantov\u00e9 lize v\u00a0Polsku \u010dtvrtku neb\u011b\u017eela, zvolili jste tra\u0165 300\u00a0metr\u016f, kterou vyhr\u00e1la. Pro\u010d?<\/p>\n<p class=\"b_bA\">Shodli jsme se, \u017ee t\u0159\u00edstovka by byla fajn zm\u011bna, nav\u00edc to m\u011bl b\u00fdt siln\u011b obsazen\u00fd z\u00e1vod a\u00a0Shaunae Millerov\u00e1-Uibov\u00e1 m\u011bla \u00fato\u010dit na sv\u011btov\u00fd rekord. Nakonec z\u016fstala Lu jako nejlep\u0161\u00ed ve startovn\u00ed listin\u011b, ale byla to pro ni p\u0159\u00edjemn\u00e1 zm\u011bna, kdy\u017e nemusela na Diamantov\u00e9 lize \u010delit stejn\u00fdm soupe\u0159k\u00e1m.<\/p>\n<p>Vra\u0165me se je\u0161t\u011b do Birminghamu, kde byla ze \u010dtvrt\u00e9ho m\u00edsta smutn\u00e1. Byl probl\u00e9m v\u00a0tom, \u017ee byla a\u017e p\u0159emotivovan\u00e1 a\u00a0rozb\u011bhla fin\u00e1le p\u0159\u00edli\u0161 rychle?<\/p>\n<p class=\"b_bA\">Roli hr\u00e1ly podm\u00ednky. P\u0159i semifin\u00e1le bylo teplo a\u00a0prvn\u00edch 200\u00a0metr\u016f foukalo do zad, co\u017e je obrovsk\u00e1 v\u00fdhoda. Na fin\u00e1le se dost ochladilo a\u00a0na protilehl\u00e9 rovince foukalo velmi siln\u011b proti. S\u00a0jej\u00ed postavou bylo oproti ostatn\u00edm extr\u00e9mn\u011b n\u00e1ro\u010dn\u00e9 b\u011b\u017eet v\u00a0takov\u00e9m v\u011btru. Rozhodla se za\u010d\u00edt velmi ofenzivn\u011b, co\u017e ji st\u00e1lo hodn\u011b energie, proto\u017ee v\u00edtr j\u00ed nepom\u00e1hal. Trochu jsem se toho ob\u00e1val, kdy\u017e jsem vid\u011bl po\u010das\u00ed a\u00a0\u017ee m\u00e1 dr\u00e1hu nad nejv\u011bt\u0161\u00edmi soupe\u0159kami. Ale to agresivn\u00ed pojet\u00ed b\u011bhu se mi na n\u00ed l\u00edb\u00ed, d\u0159\u00edv si nev\u011b\u0159ila tolik, aby z\u00e1vody rozb\u00edhala tak rychle. Mus\u00ed se nau\u010dit l\u00e9pe rozvrhnout s\u00edly, ale rad\u0161i vid\u00edm, kdy\u017e atletka chce vz\u00edt zodpov\u011bdnost na sebe, ne\u017e kdy\u017e se schov\u00e1v\u00e1 a\u00a0chce p\u0159edb\u00edhat soupe\u0159ky a\u017e v\u00a0z\u00e1v\u011bru.<\/p>\n<p>Po zlatu na halov\u00e9m mistrovstv\u00ed sv\u011bta jste ji ozna\u010dil jako \u201etich\u00e9ho zabij\u00e1ka\u201c. Plat\u00ed to po\u0159\u00e1d, nebo s\u00a0\u00fasp\u011bchy roste i\u00a0jej\u00ed sebed\u016fv\u011bra a\u00a0m\u011bn\u00ed se pojet\u00ed b\u011bhu?<\/p>\n<p class=\"b_bA\">T\u00edm tich\u00fdm zabij\u00e1kem je proto, \u017ee v\u00a0ur\u010dit\u00fdch chv\u00edl\u00edch b\u00fdv\u00e1 plach\u00e1, klidn\u00e1 a\u00a0introvertn\u00ed. Ale jak vstoup\u00ed na dr\u00e1hu, je z\u00a0n\u00ed jin\u00fd \u010dlov\u011bk. Ude\u0159\u00ed p\u0159esn\u011b tehdy, kdy to ne\u010dek\u00e1me.<\/p>\n<p>P\u0159ekvapila v\u00e1s n\u011b\u010d\u00edm letos? Je to pro ni pr\u016flomov\u00fd rok. Poprv\u00e9 naplno z\u00e1vodila pod va\u0161\u00edm veden\u00edm, jezdila na nejlep\u0161\u00ed m\u00edtinky, byl na ni tlak jako na halovou \u0161ampionku.<\/p>\n<p class=\"b_bA\">U dvacetilet\u00e9ho sportovce nikdy nev\u00edte, jak bude na velk\u00fd \u00fasp\u011bch reagovat. Kdy\u017e jsme po hale za\u010dali op\u011bt tr\u00e9novat, trochu jsem ji pozoroval. A\u00a0m\u011bl jsem fakt radost, jak je oddan\u00e1 tr\u00e9ninku a\u00a0motivovan\u00e1 se d\u00e1l posouvat. To byl kl\u00ed\u010d k\u00a0tomu, \u017ee i\u00a0v l\u00e9t\u011b od za\u010d\u00e1tku b\u011bh\u00e1 tak rychle, posunula si osobn\u00ed rekord o\u00a0v\u00edce ne\u017e sekundu. V\u00ed, \u017ee se po\u0159\u00e1d u\u010d\u00ed a\u00a0mus\u00ed se je\u0161t\u011b hodn\u011b zlep\u0161it, aby stabiln\u011b pat\u0159ila do \u0161pi\u010dky.<\/p>\n<p>K v\u00e1m do skupiny m\u00e1 nam\u00ed\u0159eno i\u00a0juniorsk\u00fd mistr sv\u011bta na \u010dtvrtce p\u0159ek\u00e1\u017eek Michal Rada. Ptal jste se na n\u011bj Lurdes? Oba jsou Jiho\u010de\u0161i, znaj\u00ed se\u2026<\/p>\n<p class=\"b_bA\">Michal s\u00a0dvoj\u010detem Ninou s\u00a0n\u00e1mi absolvoval dva a\u00a0p\u016fl t\u00fddne v\u00a0Ji\u017en\u00ed Africe. Bavil jsem se o\u00a0n\u011bm i\u00a0s Lu, ale mysl\u00edm, \u017ee se bl\u00ed\u017ee pozn\u00e1vali a\u017e tam. Po p\u00e1r dnech se bohu\u017eel lehce zranil, ale mohl jsem s\u00a0n\u00edm b\u00fdt p\u0159i rehabilitaci a\u00a0sledovat jeho oddanost i\u00a0profesion\u00e1ln\u00ed p\u0159\u00edstup i\u00a0v t\u011bch n\u00e1ro\u010dn\u011bj\u0161\u00edch chv\u00edl\u00edch. To bylo podobn\u00e9 s\u00a0Lu, kdy\u017e musela vynechat lo\u0148skou letn\u00ed sezonu, d\u00edky poctiv\u00e9 rehabilitaci se ale skv\u011ble p\u0159ipravila na leto\u0161n\u00ed. A\u00a0j\u00e1 Michala na tom kempu mohl poznat i\u00a0jako \u010dlov\u011bka, zjistit, jak\u00e9 m\u00e1 nastaven\u00ed a\u00a0jak zapadne do skupiny.<\/p>\n<p><a data-dot=\"atm-link\" target=\"_self\" href=\"https:\/\/www.sport.cz\/clanek\/atletika-smula-slovenky-zapletalova-skobrtla-a-prisla-o-neporazitelnost-5519843\" class=\"b_V g_ig\" rel=\"nofollow noopener\"><img height=\"2933\" width=\"3910\" src=\"https:\/\/www.europesays.com\/cz\/wp-content\/uploads\/2026\/09\/1788513315_375_a9a9.jpeg\" loading=\"eager\" decoding=\"sync\" class=\"b_B b_z\"\/><\/a>Jak vid\u00edte jeho potenci\u00e1l? Ob\u010das ho p\u0159irovn\u00e1vaj\u00ed k\u00a0mlad\u00e9mu Karstenu Warholmovi i\u00a0d\u00edky tomu, \u017ee byli oba v\u00a0ml\u00e1d\u00ed \u00fasp\u011b\u0161n\u00ed v\u00edceboja\u0159i.<\/p>\n<p class=\"b_bA\">M\u00e1 potenci\u00e1l b\u011bhat rychle jako Karsten. Oba m\u011bli talent na v\u00edc discipl\u00edn a\u00a0jak jsem Michala sledoval na soust\u0159ed\u011bn\u00ed, m\u00e1 v\u00fdbornou rychlost i\u00a0n\u00e1dhern\u011b plynul\u00fd a\u00a0efektivn\u00ed pohyb. Zjistil jsem, \u017ee zat\u00edm prakticky neb\u011bhal aerobn\u00ed vytrvalost, prostor ke zlep\u0161en\u00ed je u\u00a0n\u011bj obrovsk\u00fd. P\u0159itom je \u00fa\u017easn\u00e9, jak\u00e9 v\u00fdkony dok\u00e1zal jako junior zab\u011bhnout. Vzal jsem ho na Diamantovou ligu do Lausanne a\u00a0z prvn\u00ed dr\u00e1hy proti hv\u011bzd\u00e1m typu Raie Benjamina zab\u011bhl sv\u016fj druh\u00fd nejlep\u0161\u00ed \u010das kari\u00e9ry. Uk\u00e1zal, \u017ee nem\u00e1 respekt z\u00a0velk\u00fdch jmen, tak se moc t\u011b\u0161\u00edm, co p\u0159edvede.<\/p>\n<p>\u010ctvrtka p\u0159ek\u00e1\u017eek se ale za posledn\u00ed roky extr\u00e9mn\u011b posunula d\u00edky Warholmovi, Benjaminovi a\u00a0\u010derstv\u00e9mu sv\u011btov\u00e9mu rekordmanovi Alisonu dos Santosovi. Jak t\u011b\u017ek\u00fd bude pro Michala p\u0159echod mezi dosp\u011blou elitu?<\/p>\n<p class=\"b_bA\">Mus\u00ed se soust\u0159edit na vlastn\u00ed progres. Kdy\u017e b\u011bh\u00e1te 48,5\u00a0a\u00a0ti nejlep\u0161\u00ed 45,8, m\u016f\u017ee se to zd\u00e1t slo\u017eit\u00e9. Jsem p\u0159esv\u011bd\u010den\u00fd, \u017ee pokud z\u016fstane zdrav\u00fd, poko\u0159\u00ed hranici 48\u00a0sekund u\u017e p\u0159\u00ed\u0161t\u00ed rok, co\u017e bude velk\u00fd krok ke sv\u011btov\u00e9 \u0161pi\u010dce. Ale nem\u016f\u017eeme \u010dekat, \u017ee b\u011bhem dvou let bude b\u011bhat s\u00a0t\u011bmi t\u0159emi nejlep\u0161\u00edmi. Bude to cht\u00edt \u010das.<\/p>\n<p>V halov\u00e9 sezon\u011b se v\u011bnoval sedmiboji, dop\u0159ejete mu v\u00edceboja\u0159sk\u00e9 zpest\u0159en\u00ed?<\/p>\n<p class=\"b_bA\">Te\u010f u\u017e se bude soust\u0159edit na svou hlavn\u00ed discipl\u00ednu. Ale v\u017edycky na tren\u00e9rsk\u00fdch \u0161kolen\u00edch zd\u016fraz\u0148uju, \u017ee nen\u00ed d\u016fle\u017eit\u00e9, v\u00a0\u010dem z\u00e1vod\u00edte, ale jak tr\u00e9nujete. Chci, aby si udr\u017eel pestrou p\u0159\u00edpravu s\u00a0hody, skoky, vytrvalost\u00ed i\u00a0rychlost\u00ed. M\u016f\u017ee h\u00e1zet medicinbalem, d\u011blat odrazy, k\u00a0tomu nen\u00ed t\u0159eba z\u00e1vodit ve v\u00edceboji. U\u00a0sv\u00fdch atlet\u016f, kte\u0159\u00ed se z\u00a0v\u00edceboje specializovali, se v\u017edy sna\u017e\u00edm zachovat to, co je odli\u0161ovalo, t\u0159eba lep\u0161\u00ed koordinaci.<\/p>\n<p><img height=\"2730\"   width=\"4096\" src=\"https:\/\/www.europesays.com\/cz\/wp-content\/uploads\/2026\/09\/rada-atletika.jpeg\" loading=\"eager\" decoding=\"sync\" class=\"b_B b_z\"\/>Foto: \u010cAS\/Maty\u00e1\u0161 Kl\u00e1pa<\/p>\n<p class=\"b_bA\">Euforie Michala Rady v\u00a0c\u00edli \u010dtvrtky p\u0159ek\u00e1\u017eek na juniorsk\u00e9m MS v\u00a0Eugene.<\/p>\n<p>Soust\u0159ed\u011bn\u00ed s\u00a0v\u00e1mi absolvovala i\u00a0jeho sestra Nina, dorosteneck\u00e1 mistryn\u011b Evropy, kterou letos zabrzdilo zdrav\u00ed. Bylo nebo je v\u00a0pl\u00e1nu, \u017ee by se i\u00a0ona k\u00a0v\u00e1m p\u0159idala?<\/p>\n<p class=\"b_bA\">Bavili jsme se o\u00a0tom. M\u011bla t\u011b\u017ekou sezonu, mo\u017en\u00e1 byla ve stavu ur\u010dit\u00e9ho p\u0159etr\u00e9nov\u00e1n\u00ed, nebyla zcela fit. Vzhledem k\u00a0\u00farovni na\u0161\u00ed skupiny by byl te\u010f odstup p\u0159\u00edli\u0161 velk\u00fd a\u00a0nebylo by to pro jej\u00ed rozvoj spr\u00e1vn\u00e9 prost\u0159ed\u00ed. Jsme ale v\u00a0kontaktu, s\u00a0ohledem na l\u00e9ka\u0159sk\u00e9 zpr\u00e1vy jsem j\u00ed dal n\u011bjak\u00e9 rady do tr\u00e9ninku a\u00a0uvid\u00edme, na jakou \u00farove\u0148 se vr\u00e1t\u00ed, a\u017e bude zase zcela fit.<\/p>\n<p>Ur\u010dit\u011b sledujete i\u00a0dal\u0161\u00ed talenty, co jste \u0159\u00edkal na Lindu Botkovou, kter\u00e1 v\u00a016\u00a0letech zab\u011bhla evropsk\u00fd rekord na p\u0159ek\u00e1\u017ek\u00e1ch dorostenek i\u00a0juniorek? M\u00e1 sv\u00e9ho kou\u010de Petra Hab\u00e1ska, ale l\u00e1kalo by v\u00e1s m\u00edt takov\u00fd talent jednou ve skupin\u011b?<\/p>\n<p class=\"b_bA\">Bral jsem si Lu i\u00a0Radovi na tr\u00e9ninkov\u00fd kemp, proto\u017ee pot\u0159ebuju zjistit, jak se k\u00a0t\u011bm v\u00fdsledk\u016fm dostali, jak tr\u00e9novali. A\u00a0pot\u0159ebuju je poznat, jakou maj\u00ed motivaci, atletick\u00e9 IQ. \u010cesk\u00e1 atletika m\u00e1 spoustu ml\u00e1de\u017enick\u00fdch talent\u016f, ale realita v\u00a0seniorsk\u00e9 kategorii je takov\u00e1, \u017ee tam moc adept\u016f na medaile nen\u00ed. Lindu jsem p\u0159edt\u00edm moc neznal, samoz\u0159ejm\u011b ji sleduju, ale je po\u0159\u00e1d velmi mlad\u00e1, studuje, ur\u010dit\u011b to te\u010f nen\u00ed t\u00e9ma. Nav\u00edc m\u00e1te dvojn\u00e1sobnou mistryni sv\u011bta na \u010dtvrtce p\u0159ek\u00e1\u017eek (Zuzanu Hejnovou), tak je vid\u011bt, \u017ee ne v\u0161echny talenty se mus\u00ed rozvinout v\u00a0cizin\u011b. (\u00fasm\u011bv)<\/p>\n<p>Tah\u00e1kem leto\u0161n\u00ed sezony b\u00fdvaj\u00ed osmistovky i\u00a0d\u00edky va\u0161\u00ed sv\u011b\u0159enkyni Femke Broedersov\u00e9-Bolov\u00e9, kter\u00e1 zrychluje s\u00a0ka\u017ed\u00fdm z\u00e1vodem. \u010cekal jste, \u017ee po p\u0159echodu ze \u010dtvrtky p\u0159ek\u00e1\u017eek bude hned v\u00a0prvn\u00edm roce takto siln\u00e1?<\/p>\n<p class=\"b_bA\">Ur\u010dit\u011b p\u0159ekonala sv\u00e1 o\u010dek\u00e1v\u00e1n\u00ed, byla by spokojen\u00e1 s\u00a0\u010dasem kolem 1:57.\u00a0Mn\u011b bylo jasn\u00e9, \u017ee pob\u011b\u017e\u00ed mnohem rychleji, i\u00a0kdy\u017e m\u011bla v\u00a0\u00fanoru men\u0161\u00ed zran\u011bn\u00ed, tak m\u011b tolik nep\u0159ekvapila. Jej\u00ed v\u00fdkony mi d\u00e1vaj\u00ed velkou nad\u011bji pro dal\u0161\u00ed dva roky, \u017ee uk\u00e1\u017ee je\u0161t\u011b mnohem v\u00edc.<\/p>\n<p>Na tiskov\u00e9 konferenci v\u00a0Bruselu zm\u00ednila, jak jste j\u00ed \u0159\u00edkal, \u017ee m\u011bla a\u017e p\u0159\u00edli\u0161 velk\u00fd respekt k\u00a0nov\u00e9 trati a\u00a0soupe\u0159k\u00e1m. Te\u010f u\u017e zmizel?<\/p>\n<p class=\"b_bA\">Pomohlo mistrovstv\u00ed Evropy, kde zjistila, \u017ee zvl\u00e1dne b\u011b\u017eet t\u0159i z\u00e1vody a\u00a0ve fin\u00e1le si zlep\u0161it osobn\u00ed rekord. Kdy\u017e te\u010f pak v\u00a0Lausanne fini\u0161ovala t\u011bsn\u011b druh\u00e1, do\u0161lo j\u00ed, \u017ee kdy\u017e ud\u011bl\u00e1 v\u0161e spr\u00e1vn\u011b, m\u016f\u017ee bojovat o\u00a0v\u00edt\u011bzstv\u00ed i\u00a0proti olympijsk\u00e9 v\u00edt\u011bzce \u010di mistryni sv\u011bta. A\u00a0v Curychu zase p\u0159edvedla, \u017ee um\u00ed reagovat na r\u016fzn\u00e9 taktiky a\u00a0m\u016f\u017ee b\u011b\u017eet i\u00a0zep\u0159edu.<\/p>\n<p>Osmistovka je v\u00a0\u010cesku hodn\u011b sledovan\u00e1 d\u00edky dr\u017eitelce sv\u011btov\u00e9ho rekordu Jarmile Kratochv\u00edlov\u00e9. Mysl\u00edte, \u017ee jej\u00ed \u010das m\u016f\u017ee b\u00fdt v\u00a0ohro\u017een\u00ed i\u00a0v Bruselu a\u00a0Budape\u0161ti, nebo se na t\u011bchto akc\u00edch pob\u011b\u017e\u00ed hlavn\u011b na v\u00edt\u011bzstv\u00ed?<\/p>\n<p class=\"b_bA\">Mysl\u00edm, \u017ee letos u\u017e rekord nepadne. Souboj o\u00a0v\u00edt\u011bzstv\u00ed bude kl\u00ed\u010dov\u00fd. Pokud by Audrey (Werrov\u00e1) m\u011bla na Femke n\u00e1skok dvou t\u0159\u00ed sekund, pravd\u011bpodobn\u011b by na n\u011bj je\u0161t\u011b za\u00fato\u010dila. Ale te\u010f v\u00ed, \u017ee sebemen\u0161\u00ed chyba m\u016f\u017ee znamenat prohru. V\u017edycky bude m\u00edt na rameni and\u011bla a\u00a0\u010f\u00e1bla. Jeden bude cht\u00edt sv\u011btov\u00fd rekord, druh\u00fd bude varovat p\u0159ed rizikem prohry. Mysl\u00edm ale, \u017ee Curych byl letos posledn\u00ed \u0161anc\u00ed se o\u00a0ten \u010das pokusit, o\u00a0to zaj\u00edmav\u011bj\u0161\u00ed to bude p\u0159\u00ed\u0161t\u00ed rok.<\/p>\n<p>U Broedersov\u00e9-Bolov\u00e9 jste na soci\u00e1ln\u00edch s\u00edt\u00edch zm\u00ednil, \u017ee by se mohla po olympi\u00e1d\u011b p\u0159edstavit v\u00a0sedmiboji v\u00a0Talence. Mysl\u00edte, \u017ee na to skute\u010dn\u011b dojde?<\/p>\n<p class=\"b_bA\">Bavila se s\u00a0jednou v\u00edceboja\u0159kou, jak\u00fd je nejrychlej\u0161\u00ed \u010das historie na osmistovce v\u00a0r\u00e1mci sedmiboje a\u00a0je to asi 2:01.\u00a0Ale vysv\u011btlili jsme j\u00ed, \u017ee nem\u016f\u017ee jen tak nastoupit a\u00a0b\u011b\u017eet rychle osmistovku. Musela by dokon\u010dit cel\u00fd sedmiboj a\u00a0je\u0161t\u011b z\u00edskat mysl\u00edm minim\u00e1ln\u011b 5500\u00a0bod\u016f. Tak za\u010dala po\u010d\u00edtat, jestli je to re\u00e1ln\u00e9, a\u00a0nadhodila, \u017ee po Los Angeles to zkus\u00ed. Ale nem\u016f\u017eu garantovat, \u017ee na to fakt dojde a\u00a0motivace j\u00ed vydr\u017e\u00ed. (\u00fasm\u011bv)<\/p>\n<p><a data-dot=\"atm-link\" target=\"_self\" href=\"https:\/\/www.sport.cz\/clanek\/atletika-manuel-pobezi-o-diamant-dalsi-cesi-meli-k-finale-daleko-5524908\" class=\"b_V g_ig\" rel=\"nofollow noopener\"><img height=\"2666\" width=\"3556\" src=\"https:\/\/www.europesays.com\/cz\/wp-content\/uploads\/2026\/09\/1788513316_797_lurdes-lurdes-gloria-manuel.jpeg\" loading=\"eager\" decoding=\"sync\" class=\"b_B b_z\"\/><\/a><\/p>\n","protected":false},"excerpt":{"rendered":"V Bruselu, kam ve \u010dtvrtek dorazil na fin\u00e1le Diamantov\u00e9 ligy, se usadil v\u00a0lobby hotelu, zapnul videohovor a\u00a0pro Sport.cz&hellip;\n","protected":false},"author":2,"featured_media":202477,"comment_status":"","ping_status":"","sticky":false,"template":"","format":"standard","meta":{"footnotes":"","_share_on_mastodon":"0"},"categories":[15],"tags":[3503,3526,94,93],"class_list":["post-202476","post","type-post","status-publish","format-standard","has-post-thumbnail","category-sport","tag-atletika","tag-lurdes-gloria-manuel","tag-sport","tag-sports"],"share_on_mastodon":{"url":"https:\/\/pubeurope.com\/@cz\/117212015944500015","error":""},"_links":{"self":[{"href":"https:\/\/www.europesays.com\/cz\/wp-json\/wp\/v2\/posts\/202476","targetHints":{"allow":["GET"]}}],"collection":[{"href":"https:\/\/www.europesays.com\/cz\/wp-json\/wp\/v2\/posts"}],"about":[{"href":"https:\/\/www.europesays.com\/cz\/wp-json\/wp\/v2\/types\/post"}],"author":[{"embeddable":true,"href":"https:\/\/www.europesays.com\/cz\/wp-json\/wp\/v2\/users\/2"}],"replies":[{"embeddable":true,"href":"https:\/\/www.europesays.com\/cz\/wp-json\/wp\/v2\/comments?post=202476"}],"version-history":[{"count":0,"href":"https:\/\/www.europesays.com\/cz\/wp-json\/wp\/v2\/posts\/202476\/revisions"}],"wp:featuredmedia":[{"embeddable":true,"href":"https:\/\/www.europesays.com\/cz\/wp-json\/wp\/v2\/media\/202477"}],"wp:attachment":[{"href":"https:\/\/www.europesays.com\/cz\/wp-json\/wp\/v2\/media?parent=202476"}],"wp:term":[{"taxonomy":"category","embeddable":true,"href":"https:\/\/www.europesays.com\/cz\/wp-json\/wp\/v2\/categories?post=202476"},{"taxonomy":"post_tag","embeddable":true,"href":"https:\/\/www.europesays.com\/cz\/wp-json\/wp\/v2\/tags?post=202476"}],"curies":[{"name":"wp","href":"https:\/\/api.w.org\/{rel}","templated":true}]}}