{"id":202478,"date":"2026-09-04T09:16:10","date_gmt":"2026-09-04T09:16:10","guid":{"rendered":"https:\/\/www.europesays.com\/cz\/202478\/"},"modified":"2026-09-04T09:16:10","modified_gmt":"2026-09-04T09:16:10","slug":"syn-hvezdy-ulice-je-fesak-tadeas-moravec-zari-ve-filmu-jako-letec-raf-od-sandevy-ale-schytal-poradnou-nakladacku-zena-cz","status":"publish","type":"post","link":"https:\/\/www.europesays.com\/cz\/202478\/","title":{"rendered":"Syn hv\u011bzdy Ulice je fe\u0161\u00e1k. Tade\u00e1\u0161 Moravec z\u00e1\u0159\u00ed ve filmu jako letec RAF, od Sandevy ale schytal po\u0159\u00e1dnou nakl\u00e1da\u010dku &#8211; \u017dena.cz"},"content":{"rendered":"<p><a href=\"https:\/\/news.google.com\/rss\/articles\/CBMi4AFBVV95cUxPWGFFSk5NTzBSSTJlbTJQbm4zR1ZIaW9seFhtZVdDUUtsM1NaRm53RWlZbTFWczhzWTRQT1liWkR1SkIyd2x0cEVuYVBjN1duX3FMOWdHdl96cmxXTFJLLVIybm5xQUhwTTBkaGJQTFB4TXh2clJuR0o3dGI2LWoyMlpQRllGTldvUDRLZ1hzYUwzMm5Xemplb2l6OUFYRk9HdWV1d0RfX2VoakZvWFF6NmwwQTJkZ3VQRUc5T1g3MXV1azZlY0tuNlFPaWFIRDlrekJHeUVZUFl5OGp0dEdXWA?oc=5\" target=\"_blank\" rel=\"nofollow noopener\">Syn hv\u011bzdy Ulice je fe\u0161\u00e1k. Tade\u00e1\u0161 Moravec z\u00e1\u0159\u00ed ve filmu jako letec RAF, od Sandevy ale schytal po\u0159\u00e1dnou nakl\u00e1da\u010dku<\/a>&nbsp;&nbsp;\u017dena.cz<a href=\"https:\/\/news.google.com\/rss\/articles\/CBMioAFBVV95cUxNd3V1UHpXeXZuZ1pGRXhBXzEzNzdnU3Q1M2ZyU3kwcFRhSmJJcDQ2dFRfOXRGOGYxbHg2VlVUWHN6WnFIR1gySHg3VzlqOXBmczVQT2Y3a1NxYWo3cFRoeGlVQVhEczNqUU0xMVdmMUNGQ05oNWxlZzE5RmRoYno0V205Y1FGSjUtckJVMy1SQVZ0SGlwXy1UQ3JGTmZOc1BY?oc=5\" target=\"_blank\" rel=\"nofollow noopener\">Osam\u011bl\u00fd vlk Josef Franti\u0161ek. \u201eTento drz\u00fd \u010cech jako kdyby nepat\u0159il do sv\u00e9ho n\u00e1roda\u201c<\/a>&nbsp;&nbsp;Echo24<a href=\"https:\/\/news.google.com\/rss\/articles\/CBMif0FVX3lxTE0yOU5GRkQxUUUwWUJBamxEUkt2SkV5OVhjM1h5c1lDbXpZTXJKY1J4aWs4TUprUnF4MjUyN3pmZTIxT1NxdGVlcGE5OXVlUzlHRGRNV3ZRV1JNNmVzNEpwN1A2bEE0VWE3UVQ5VDBkeWNWYmY0MWlLU2ZtYnBYaEU?oc=5\" target=\"_blank\" rel=\"nofollow noopener\">Recenze: Byl jedn\u00edm z nejlep\u0161\u00edch pilot\u016f RAF. Film p\u0159ipom\u00edn\u00e1 zapomenut\u00e9ho letce<\/a>&nbsp;&nbsp;Seznam Zpr\u00e1vy<a href=\"https:\/\/news.google.com\/rss\/articles\/CBMitwFBVV95cUxOd2lrUmNJNkU1VjNpdk5uTHR5al9henViWVlyREFlci1qUW1tQ1M1eVgzSUxCdjZMR3pCOVRkR2hUUFljeUFqMElia2YzVVFnQ0lEUWZKZ3JUdVBBa1FGY0pTdEtZSFRsdlFzOEFzc1Zhc0UtRnh1QlYzZnFmNEtuVGxXNVhlb1VMdDRVYXNkdl9zLVpfSGIwclcxek1JQXhab1haS3dDdnYweVVuOERiX055bC05cjA?oc=5\" target=\"_blank\" rel=\"nofollow noopener\">Kv\u016fli roli v Osam\u011bl\u00e9m vlkovi se ost\u0159\u00edhal na je\u017eka. Nakonec jsem hr\u00e1l v paruce, \u0159\u00edk\u00e1 Tade\u00e1\u0161 Moravec<\/a>&nbsp;&nbsp;\u010cesk\u00fd rozhlas St\u0159edn\u00ed \u010cechy<a href=\"https:\/\/news.google.com\/rss\/articles\/CBMi9AFBVV95cUxQUE01bXNuT0ZOeWtUQ3UzMFZ0clBlRVhIUjhIYmFYLTdrYmt4VVRObW5sb1RhekZZRXlXa2ZQVUdrak1PN2RzWUs2SEtidDc0X3E2Z1Y4Nk53RVZZN2VDZVQyWVJob3JxYzFHZkp4cDUwTkxabXFOdFNBek5TRk1OY1lzSjhEcVFGbElBR192TkFPYjd2UncxRDJvRUt1bF9TRWM5RXhKRUJrRVZYU2d2OWZ2UUhaMmg4Y2gtZEs4SkY2TlJLTVJiek9sYVRUOEQ0UzFhSVFuVHpKVnFrM3JZbHpxY0Y0bk1Cb3Y0Z0FuTEIyWVZi?oc=5\" target=\"_blank\" rel=\"nofollow noopener\">Syn hv\u011bzdy Ulice u\u017e je vid\u011bt v\u00edc ne\u017e m\u00e1ma. Jde z role do role<\/a>&nbsp;&nbsp;Super.cz<\/p>\n","protected":false},"excerpt":{"rendered":"Syn hv\u011bzdy Ulice je fe\u0161\u00e1k. Tade\u00e1\u0161 Moravec z\u00e1\u0159\u00ed ve filmu jako letec RAF, od Sandevy ale schytal po\u0159\u00e1dnou&hellip;\n","protected":false},"author":2,"featured_media":202479,"comment_status":"","ping_status":"","sticky":false,"template":"","format":"standard","meta":{"footnotes":"","_share_on_mastodon":"0"},"categories":[14],"tags":[79,4000,349,1539,4346,651,5113,44664,80],"class_list":["post-202478","post","type-post","status-publish","format-standard","has-post-thumbnail","category-zabava","tag-entertainment","tag-film","tag-herec","tag-herectvi","tag-pilot","tag-rodina","tag-sara-sandeva","tag-tadeas-moravec","tag-zabava"],"share_on_mastodon":{"url":"https:\/\/pubeurope.com\/@cz\/117212019797115708","error":""},"_links":{"self":[{"href":"https:\/\/www.europesays.com\/cz\/wp-json\/wp\/v2\/posts\/202478","targetHints":{"allow":["GET"]}}],"collection":[{"href":"https:\/\/www.europesays.com\/cz\/wp-json\/wp\/v2\/posts"}],"about":[{"href":"https:\/\/www.europesays.com\/cz\/wp-json\/wp\/v2\/types\/post"}],"author":[{"embeddable":true,"href":"https:\/\/www.europesays.com\/cz\/wp-json\/wp\/v2\/users\/2"}],"replies":[{"embeddable":true,"href":"https:\/\/www.europesays.com\/cz\/wp-json\/wp\/v2\/comments?post=202478"}],"version-history":[{"count":0,"href":"https:\/\/www.europesays.com\/cz\/wp-json\/wp\/v2\/posts\/202478\/revisions"}],"wp:featuredmedia":[{"embeddable":true,"href":"https:\/\/www.europesays.com\/cz\/wp-json\/wp\/v2\/media\/202479"}],"wp:attachment":[{"href":"https:\/\/www.europesays.com\/cz\/wp-json\/wp\/v2\/media?parent=202478"}],"wp:term":[{"taxonomy":"category","embeddable":true,"href":"https:\/\/www.europesays.com\/cz\/wp-json\/wp\/v2\/categories?post=202478"},{"taxonomy":"post_tag","embeddable":true,"href":"https:\/\/www.europesays.com\/cz\/wp-json\/wp\/v2\/tags?post=202478"}],"curies":[{"name":"wp","href":"https:\/\/api.w.org\/{rel}","templated":true}]}}