{"id":202480,"date":"2026-09-04T09:20:14","date_gmt":"2026-09-04T09:20:14","guid":{"rendered":"https:\/\/www.europesays.com\/cz\/202480\/"},"modified":"2026-09-04T09:20:14","modified_gmt":"2026-09-04T09:20:14","slug":"deti-se-sotva-vratily-do-skoly-a-dalsi-volno-uz-klepe-na-dvere-prvni-prazdniny-nabidnou-poradne-dlouhy-odpocinek","status":"publish","type":"post","link":"https:\/\/www.europesays.com\/cz\/202480\/","title":{"rendered":"D\u011bti se sotva vr\u00e1tily do \u0161koly a dal\u0161\u00ed volno u\u017e klepe na dve\u0159e. Prvn\u00ed pr\u00e1zdniny nab\u00eddnou po\u0159\u00e1dn\u011b dlouh\u00fd odpo\u010dinek"},"content":{"rendered":"<p dir=\"ltr\">U\u017e zanedlouho p\u0159itom d\u011bti \u010dekaj\u00ed podzimn\u00ed pr\u00e1zdniny. Ty<br \/>\nletos d\u00edky st\u00e1tn\u00edmu sv\u00e1tku ve st\u0159edu vych\u00e1zej\u00ed tak, \u017ee si m\u016f\u017eeme<br \/>\nu\u017e\u00edt celkem p\u011bt dn\u00ed volna. Takto dlouh\u00e9 pr\u00e1zdniny mohou b\u00fdt perfektn\u00ed<br \/>\np\u0159\u00edle\u017eitost\u00ed ke kr\u00e1tk\u00e9 dovolen\u00e9 u\u00a0n\u00e1s nebo v\u00a0zahrani\u010d\u00ed.<\/p>\n<p>Kdy se do\u010dk\u00e1me podzimn\u00edch pr\u00e1zdnin<\/p>\n<p dir=\"ltr\">S\u00a0p\u0159\u00edchodem nov\u00e9ho \u0161koln\u00edho roku lid\u00e9 \u010dasto studuj\u00ed, <a href=\"https:\/\/energozrouti.cz\/clanek\/terminy-prazdnin-ve-skolnim-roce\" rel=\"nofollow noopener\" target=\"_blank\">jak p\u0159esn\u011b letos vych\u00e1zej\u00ed<br \/>\npr\u00e1zdniny a dny volna<\/a>. Podzimn\u00ed pr\u00e1zdniny letos p\u0159ipadaj\u00ed na<br \/>\n29.\u00a0a 30.\u00a0\u0159\u00edjna. Krom\u011b toho Ve st\u0159edu 28.\u00a0\u0159\u00edjna je<br \/>\nnav\u00edc st\u00e1tn\u00ed sv\u00e1tek a voln\u00e9 dny d\u00e1le prodlu\u017euje v\u00edkend<br \/>\n31.\u00a0\u0159\u00edjna a 1.\u00a0listopadu. Celkem se tedy m\u016f\u017eeme t\u011b\u0161it na p\u011bt voln\u00fdch<br \/>\ndn\u00ed od st\u0159edy do ned\u011ble. Pr\u00e1v\u011b takov\u00e9 na\u010dasov\u00e1n\u00ed si doslova \u0159\u00edk\u00e1<br \/>\no\u00a0napl\u00e1nov\u00e1n\u00ed kr\u00e1tk\u00e9 rodinn\u00e9 dovolen\u00e9, d\u00edky n\u00ed\u017e si odpo\u010dinete od<br \/>\nstereotypu.<\/p>\n<p>\u010ce\u0161i letos pl\u00e1nuj\u00ed dovolenou v\u00a0tuzemsku<\/p>\n<p dir=\"ltr\">Z\u00a0nejnov\u011bj\u0161\u00edho pr\u016fzkumu agentury CzechTourism vyplynulo, \u017ee<br \/>\nletos je u\u00a0\u010cech\u016f z\u00e1jem hlavn\u011b o\u00a0podzimn\u00ed dovolenou v\u00a0tuzemsku.<br \/>\nV\u00a0na\u0161\u00ed zemi chce dovolenou str\u00e1vit celkem 71\u00a0% \u010cech\u016f, co\u017e je<br \/>\no\u00a020\u00a0procentn\u00edch bod\u016f v\u00edce ne\u017e loni. T\u00e9m\u011b\u0159 polovina<br \/>\ntuzemsk\u00fdch cestovatel\u016f p\u0159itom d\u00e1v\u00e1 p\u0159ednost prodlou\u017een\u00fdm<br \/>\nv\u00edkend\u016fm.\u00a0<\/p>\n<p dir=\"ltr\">\u0158editel \u010cesk\u00e9 centr\u00e1ly cestovn\u00edho ruchu\u00a0\u2013 CzechTourism<br \/>\nFranti\u0161ek Reism\u00fcller uvedl: \u201ePodzim se tak st\u00e1v\u00e1 plnohodnotnou<br \/>\nsou\u010d\u00e1st\u00ed cestovatelsk\u00e9ho roku. Lid\u00e9 oce\u0148uj\u00ed, \u017ee mohou vyrazit i\u00a0na<br \/>\nkrat\u0161\u00ed dobu, bez slo\u017eit\u00e9ho pl\u00e1nov\u00e1n\u00ed, a p\u0159itom spojit p\u0159\u00edrodu,<br \/>\npam\u00e1tky, wellness nebo l\u00e1zn\u011b. Pro regiony m\u00e1 cestov\u00e1n\u00ed mimo hlavn\u00ed<br \/>\nsez\u00f3nu velk\u00fd v\u00fdznam\u00a0\u2013 prodlu\u017euje obdob\u00ed, kdy do nich p\u0159ij\u00ed\u017ed\u011bj\u00ed<br \/>\nn\u00e1v\u0161t\u011bvn\u00edci\u200b, a pom\u00e1h\u00e1 udr\u017eet slu\u017eby i\u00a0pracovn\u00ed m\u00edsta po v\u011bt\u0161\u00ed<br \/>\n\u010d\u00e1st roku.\u201c<\/p>\n<p><a data-fancybox=\"gallery\" href=\"https:\/\/energozrouti.cz\/storage-webp\/2\/QCYWyxLoJ4syUerSkWXNdfBbal7oolR7PZmhvGtSSQ1DUiNsFSkaVcwjEKe8vFxtBUBoHRsyFHGA7yufrnvbwVDByegntop03OZU_big.webp\" rel=\"nofollow noopener\" target=\"_blank\"><br \/>\n            <img decoding=\"async\" loading=\"lazy\" class=\"img-responsive\" src=\"https:\/\/www.europesays.com\/cz\/wp-content\/uploads\/2026\/09\/QCYWyxLoJ4syUerSkWXNdfBbal7oolR7PZmhvGtSSQ1DUiNsFSkaVcwjEKe8vFxtBUBoHRsyFHGA7yufrnvbwVDByegntop03OZU.webp\" title=\"\u010ce\u0161i letos pl\u00e1nuj\u00ed hlavn\u011b podzimn\u00ed dovolenou v tuzemsku\"\/><br \/>\n            <\/a>\u010ce\u0161i letos pl\u00e1nuj\u00ed hlavn\u011b podzimn\u00ed dovolenou v tuzemsku<br \/>\n            , &#8230;<\/p>\n<p>Kam letos \u010ce\u0161i pl\u00e1nuj\u00ed vyrazit?<\/p>\n<p dir=\"ltr\">Pr\u016fzkum uk\u00e1zal krom\u011b jin\u00e9ho i\u00a0to, kter\u00e1 konkr\u00e9tn\u00ed m\u00edsta<br \/>\naktu\u00e1ln\u011b u\u00a0\u010cech\u016f vedou. Podle dat budou nej\u010dast\u011bj\u0161\u00edmi c\u00edli leto\u0161n\u00ed<br \/>\npodzimn\u00ed dovolen\u00e9 Jiho\u010desk\u00fd a Jihomoravsk\u00fd kraj. Tyto<br \/>\nkraje vol\u00ed shodn\u011b 20\u00a0% dot\u00e1zan\u00fdch. N\u00e1sleduj\u00ed Moravskoslezsk\u00fd<br \/>\nkraj a kraj Vyso\u010dina. Pr\u016fm\u011brn\u011b p\u0159itom \u010ce\u0161i<br \/>\npo\u010d\u00edtaj\u00ed s\u00a0n\u00e1v\u0161t\u011bvou dvou region\u016f.\u00a0<\/p>\n<p dir=\"ltr\">Ji\u017en\u00ed \u010cechy nap\u0159\u00edklad nab\u00edzej\u00ed kombinaci p\u0159\u00edrody,<br \/>\nkr\u00e1sn\u00fdch historick\u00fdch m\u011bst i\u00a0r\u016fzn\u00fdch aktivit vhodn\u00fdch pro rodiny<br \/>\ns\u00a0d\u011btmi. Dovolenou lze spojit t\u0159eba s\u00a0n\u00e1v\u0161t\u011bvou \u010cesk\u00e9ho Krumlova,<br \/>\nHlubok\u00e9 nad Vltavou nebo T\u0159ebon\u011b. Zav\u00edtat lze tak\u00e9 na \u0160umavu.<br \/>\nJihomoravsk\u00fd kraj pak l\u00e1k\u00e1 zejm\u00e9na na Lednicko-valtick\u00fd are\u00e1l, P\u00e1lavu \u010di<br \/>\noblast Moravsk\u00e9ho krasu. Nav\u00edc si na podzim u\u017eijete i\u00a0sez\u00f3nu v\u00edna a<br \/>\nbur\u010d\u00e1ku.\u00a0<\/p>\n<p dir=\"ltr\">U\u00a0t\u011bch, kte\u0159\u00ed letos pl\u00e1nuj\u00ed dovolenou v\u00a0zahrani\u010d\u00ed, vede<br \/>\nIt\u00e1lie. N\u00e1sleduje Polsko,<br \/>\nSlovensko a Rakousko nebo<br \/>\n\u0158ecko. Jeden\u00e1ct procent respondent\u016f zva\u017euje n\u00e1v\u0161t\u011bvu<br \/>\n\u0160pan\u011blska a Ma\u010farska.\u00a0<\/p>\n<p>Co cht\u011bj\u00ed d\u011bti<\/p>\n<p dir=\"ltr\">Rodinn\u00e1 dovolen\u00e1 s\u00a0d\u011btmi samoz\u0159ejm\u011b nen\u00ed jen o\u00a0tom, co<br \/>\ncht\u011bj\u00ed rodi\u010de. Podle Family Travel Association t\u00e9m\u011b\u0159 polovina<br \/>\nrodi\u010d\u016f d\u011bt\u00ed ve v\u011bku nad 7\u00a0let \u0159\u00edk\u00e1, \u017ee d\u00edt\u011b v\u00fdrazn\u011b ovliv\u0148uje<br \/>\nv\u00fdb\u011br aktivit. V\u011bt\u0161ina rodin p\u0159itom pova\u017euje mo\u017enost, aby si<br \/>\nd\u00edt\u011b samo b\u011bhem cesty n\u011bco zvolilo, za jeden z\u00a0d\u016fle\u017eit\u00fdch prvk\u016f<br \/>\nrodinn\u00e9 dovolen\u00e9.\u00a0<\/p>\n<p dir=\"ltr\">V\u00a0praxi to znamen\u00e1, \u017ee m\u016f\u017eete program alespo\u0148 \u010d\u00e1ste\u010dn\u011b<br \/>\npostavit na tom, co chce d\u00edt\u011b. Typicky se m\u016f\u017ee jednat t\u0159eba o\u00a0n\u00e1v\u0161t\u011bvu<br \/>\nzoo, aquaparku nebo z\u00e1bavn\u00edho parku. Men\u0161\u00ed d\u011bti se zabav\u00ed v\u00a0hern\u011b,<br \/>\nstar\u0161\u00ed d\u011bti mohou zatou\u017eit t\u0159eba po r\u016fzn\u00fdch adrenalinov\u00fdch<br \/>\naktivit\u00e1ch.\u00a0<\/p>\n<p>Na kolik v\u00e1s vyjde podzimn\u00ed dovolen\u00e1<\/p>\n<p dir=\"ltr\">Ot\u00e1zka ceny samoz\u0159ejm\u011b z\u00e1vis\u00ed na mnoha faktorech. Nejv\u011bt\u0161\u00ed<br \/>\npolo\u017ekou b\u00fdv\u00e1 ubytov\u00e1n\u00ed,\u00a0<a href=\"https:\/\/energozrouti.cz\/clanek\/dovolena-zdrazeni-destinace-2026\" rel=\"nofollow noopener\" target=\"_blank\">roz\u00adhoduj\u00edc\u00ed je v\u0161ak<br \/>\ni\u00a0typ stravy nebo zvolen\u00e9 aktivity<\/a>. Podle dat spole\u010dnosti Invia se ceny<br \/>\n\u0161esti a\u017e sedmidenn\u00edch pobyt\u016f v\u00a0zahrani\u010d\u00ed pohybuj\u00ed od 20\u00a0do<br \/>\n45\u00a0tis\u00edc korun na osobu. U\u00a0takzvan\u00fdch eurov\u00edkend\u016f se cena<br \/>\npohybuje mezi 6\u00a0a 16\u00a0tis\u00edci korunami na osobu. Podle<br \/>\npr\u016fzkumu CzechTourism pl\u00e1nuj\u00ed \u010ce\u0161i letos za podzimn\u00ed dovolenou utratit<br \/>\npr\u016fm\u011brn\u011b necel\u00fdch 8\u00a0tis\u00edc korun na osobu.\u00a0<\/p>\n","protected":false},"excerpt":{"rendered":"U\u017e zanedlouho p\u0159itom d\u011bti \u010dekaj\u00ed podzimn\u00ed pr\u00e1zdniny. Ty letos d\u00edky st\u00e1tn\u00edmu sv\u00e1tku ve st\u0159edu vych\u00e1zej\u00ed tak, \u017ee si&hellip;\n","protected":false},"author":2,"featured_media":202481,"comment_status":"","ping_status":"","sticky":false,"template":"","format":"standard","meta":{"footnotes":"","_share_on_mastodon":"0"},"categories":[7],"tags":[43,42,41,40,1471,46231,46230],"class_list":["post-202480","post","type-post","status-publish","format-standard","has-post-thumbnail","category-cesko","tag-ceska-republika","tag-cesko","tag-czech-republic","tag-czechia","tag-dovolena","tag-kam-na-dovolenou","tag-podzimni-prazdniny"],"share_on_mastodon":{"url":"https:\/\/pubeurope.com\/@cz\/117212035848886050","error":""},"_links":{"self":[{"href":"https:\/\/www.europesays.com\/cz\/wp-json\/wp\/v2\/posts\/202480","targetHints":{"allow":["GET"]}}],"collection":[{"href":"https:\/\/www.europesays.com\/cz\/wp-json\/wp\/v2\/posts"}],"about":[{"href":"https:\/\/www.europesays.com\/cz\/wp-json\/wp\/v2\/types\/post"}],"author":[{"embeddable":true,"href":"https:\/\/www.europesays.com\/cz\/wp-json\/wp\/v2\/users\/2"}],"replies":[{"embeddable":true,"href":"https:\/\/www.europesays.com\/cz\/wp-json\/wp\/v2\/comments?post=202480"}],"version-history":[{"count":0,"href":"https:\/\/www.europesays.com\/cz\/wp-json\/wp\/v2\/posts\/202480\/revisions"}],"wp:featuredmedia":[{"embeddable":true,"href":"https:\/\/www.europesays.com\/cz\/wp-json\/wp\/v2\/media\/202481"}],"wp:attachment":[{"href":"https:\/\/www.europesays.com\/cz\/wp-json\/wp\/v2\/media?parent=202480"}],"wp:term":[{"taxonomy":"category","embeddable":true,"href":"https:\/\/www.europesays.com\/cz\/wp-json\/wp\/v2\/categories?post=202480"},{"taxonomy":"post_tag","embeddable":true,"href":"https:\/\/www.europesays.com\/cz\/wp-json\/wp\/v2\/tags?post=202480"}],"curies":[{"name":"wp","href":"https:\/\/api.w.org\/{rel}","templated":true}]}}