{"id":202484,"date":"2026-09-04T09:23:15","date_gmt":"2026-09-04T09:23:15","guid":{"rendered":"https:\/\/www.europesays.com\/cz\/202484\/"},"modified":"2026-09-04T09:23:15","modified_gmt":"2026-09-04T09:23:15","slug":"hradec-kralove-sparta-praha-kdy-se-hraje-kde-zapas-sledovat-a-co-cekat-hradecky-denik","status":"publish","type":"post","link":"https:\/\/www.europesays.com\/cz\/202484\/","title":{"rendered":"Hradec Kr\u00e1lov\u00e9 \u2013 Sparta Praha: kdy se hraje, kde z\u00e1pas sledovat a co \u010dekat \u2013 Hradeck\u00fd den\u00edk"},"content":{"rendered":"<p>Kdy se hraje Hradec Kr\u00e1lov\u00e9 \u2013 Sparta Praha?<\/p>\n<p id=\"paragraphBlock-1\">V kalend\u00e1\u0159i si zakrou\u017ekujte ned\u011bli 6. z\u00e1\u0159\u00ed. V\u00fdkop utk\u00e1n\u00ed Hradec Kr\u00e1lov\u00e9 \u2013 Sparta Praha je napl\u00e1novan\u00fd na 18 hodin, hr\u00e1t se bude ve FINEP Aren\u011b.<\/p>\n<p id=\"paragraphBlock-2\">A pr\u00e1zdn\u00e1 m\u00edsta nehledejte. O z\u00e1pas je v Hradci tradi\u010dn\u011b obrovsk\u00fd z\u00e1jem, stadion s kapacitou 9300 div\u00e1k\u016f bude vyprodan\u00fd.<\/p>\n<p><a href=\"https:\/\/hradecky.denik.cz\/fotbal-prvni-liga\/hradec-padl-v-brne-rozhodl-byvaly-votrok-horejs-ten-gol-tezce-kousu\/\" class=\"shrink-0 no-underline w-[7.5rem] h-20 sm:w-[13.125rem] sm:h-[8.75rem] \" data-click-measurement=\"true\" data-module=\"related_articles\" data-type=\"article\" data-name=\"article_related_articles\" data-text=\"Hradec padl v Brn\u011b, rozhodl b\u00fdval\u00fd Votrok. Horej\u0161: Ten g\u00f3l t\u011b\u017ece kou\u0161u\" data-position=\"1\" rel=\"nofollow noopener\" target=\"_blank\"><img decoding=\"async\" src=\"https:\/\/www.europesays.com\/cz\/wp-content\/uploads\/2026\/09\/6da2aa74-a21c-40ef-8c53-e63aa2203ae2.webp\" alt=\"Hradec padl v Brn\u011b, rozhodl b\u00fdval\u00fd Votrok. Horej\u0161: Ten g\u00f3l t\u011b\u017ece kou\u0161u\" title=\"Hradec padl v Brn\u011b, rozhodl b\u00fdval\u00fd Votrok. Horej\u0161: Ten g\u00f3l t\u011b\u017ece kou\u0161u\" class=\"object-cover aspect-3x2 w-full object-center mx-auto max-h-[40rem] bg-grey-1 e2e-imel\" data-id=\"\" data-aspect-ratio=\"aspect-3x2\" data-lightbox-url=\"\/images\/api\/image\/1366x910\/6da\/6da2aa74-a21c-40ef-8c53-e63aa2203ae2.webp\" loading=\"lazy\" width=\"210\" height=\"140\"\/><\/a><\/p>\n<p id=\"paragraphBlock-3\">Pro Votroky p\u016fjde o n\u00e1vrat dom\u016f po dvou ligov\u00fdch v\u00fdjezdech. Ani jeden jim body nep\u0159inesl. V Liberci prohr\u00e1li po brzk\u00e9m vylou\u010den\u00ed Franti\u0161ka \u010cecha 0:2, ve st\u0159ede\u010dn\u00ed dohr\u00e1vce v Brn\u011b padli 0:1. Jedin\u00fd g\u00f3l vst\u0159elil po hodin\u011b hry jejich b\u00fdval\u00fd \u00fato\u010dn\u00edk Daniel Va\u0161ul\u00edn.<\/p>\n<p>Kde sledovat Hradec \u2013 Sparta v televizi?<\/p>\n<p id=\"paragraphBlock-4\">Kdo nem\u00e1 vstupenku, m\u016f\u017ee utk\u00e1n\u00ed sledovat na Oneplay Sport 1. P\u0159edz\u00e1pasov\u00e9 studio za\u010dne v 17.30, samotn\u00fd duel o p\u016fl hodiny pozd\u011bji.<\/p>\n<p>V tabulce je d\u011bl\u00ed dva body<\/p>\n<p id=\"paragraphBlock-6\">Pohled na tabulku mo\u017en\u00e1 leckoho p\u0159ekvap\u00ed. Sparta p\u0159ijede do Hradce z osm\u00e9 p\u0159\u00ed\u010dky. Po \u0161esti z\u00e1pasech m\u00e1 dev\u011bt bod\u016f, Votroci jsou s jedn\u00edm utk\u00e1n\u00edm k dobru a sedmi body des\u00e1t\u00ed.<\/p>\n<p id=\"paragraphBlock-7\">Leten\u0161t\u00ed zat\u00edm jedou v re\u017eimu v\u00fdhra, nebo nic. T\u0159i z\u00e1pasy vyhr\u00e1li, t\u0159i prohr\u00e1li. Hradec m\u00e1 po p\u011bti odehran\u00fdch kolech bilanci dvou v\u00edt\u011bzstv\u00ed, jedn\u00e9 rem\u00edzy a dvou por\u00e1\u017eek.<\/p>\n<p>Tabulka &#8211; Chance Liga, 2026\/2027<\/p>\n<p>Legenda: Z &#8211; z\u00e1pasy, V &#8211; v\u00fdhry, R &#8211; rem\u00edzy, P &#8211; prohry, S &#8211; sk\u00f3re, B &#8211; body <\/p>\n<p><a class=\"button w-full lg:w-auto\" href=\"https:\/\/hradecky.denik.cz\/sport\/fotbal-vysledky\/2026\/celostatni-ligy\/chance-liga-2026-2\/\" rel=\"nofollow noopener\" target=\"_blank\">Zobrazit v\u00fdsledky z\u00e1pas\u016f<\/a><\/p>\n<p id=\"paragraphBlock-8\">A odpo\u010dinek v nejbli\u017e\u0161\u00edch dnech rozhodn\u011b nehroz\u00ed. U\u017e ve st\u0159edu 9. z\u00e1\u0159\u00ed \u010dek\u00e1 Votroky dal\u0161\u00ed dom\u00e1c\u00ed \u0161l\u00e1gr, tentokr\u00e1t dohr\u00e1vka proti Viktorii Plze\u0148.<\/p>\n<p>Darida: Je pot\u0159eba to zlomit<\/p>\n<p id=\"paragraphBlock-9\">Dv\u011b ligov\u00e9 por\u00e1\u017eky p\u0159i\u0161ly po n\u00e1ro\u010dn\u00e9m evropsk\u00e9m programu. Votroci v l\u00e9t\u011b pro\u0161li p\u0159es Troms\u00f8, n\u00e1sledn\u011b vypadli s Besiktasem a jejich poh\u00e1rovou cestu ukon\u010dil a\u017e Panathinaikos.<\/p>\n<p id=\"paragraphBlock-10\">V\u00fdkony proti evropsk\u00fdm soupe\u0159\u016fm snesly m\u011b\u0159\u00edtko, kapit\u00e1n Vladim\u00edr Darida ale p\u0159ed Spartou nechce z\u016fst\u00e1vat jen u pochval.<\/p>\n<p>Hradec Kr\u00e1lov\u00e9 \u2013 Sparta Praha v kostceZ\u00e1pas: FC Hradec Kr\u00e1lov\u00e9 \u2013 AC Sparta PrahaSout\u011b\u017e: Chance Liga, 7. koloKdy: ned\u011ble 6. z\u00e1\u0159\u00ed 2026V\u00fdkop: 18.00Kde: FINEP Arena, Hradec Kr\u00e1lov\u00e9Kapacita: 9300 div\u00e1k\u016f \u2013 vyprod\u00e1noTV: Oneplay Sport 1, studio od 17.30Tabulka: Sparta 8. \u2013 9 bod\u016f (6 z\u00e1pas\u016f), Hradec 10. \u2013 7 bod\u016f (5 z\u00e1pas\u016f)Posledn\u00ed vz\u00e1jemn\u00fd z\u00e1pas: Sparta \u2013 Hradec 2:1Posledn\u00ed z\u00e1pas v Hradci: Hradec \u2013 Sparta 2:1<\/p>\n<p id=\"paragraphBlock-11\">\u201eT\u011b\u0161\u00edm se na plnou podporu stadionu. V\u011b\u0159\u00edm, \u017ee to bude zase hezk\u00fd z\u00e1pas a kdyby se opakoval v\u00fdsledek z minul\u00e9ho roku, tak bych se v\u016fbec nezlobil. Bylo by fajn, kdybychom zase vyhr\u00e1li. Je pot\u0159eba to zlomit a zase m\u00edt pocit v\u00edt\u011bzstv\u00ed,\u201c \u0159\u00edk\u00e1 Darida.<\/p>\n<p id=\"paragraphBlock-12\">A vz\u00e1p\u011bt\u00ed pojmenuje to hlavn\u00ed.<\/p>\n<p id=\"paragraphBlock-13\">\u201eNem\u016f\u017eeme se jen chl\u00e1cholit t\u00edm, \u017ee jsme hr\u00e1li s Besiktasem a Panathinaikosem vyrovnan\u00e9 z\u00e1pasy, ale prohr\u00e1li jsme. Mus\u00edme se te\u010f soust\u0159edit na to, aby \u017e\u00e1dn\u00e1 dal\u0161\u00ed prohra nep\u0159i\u0161la.\u201c<\/p>\n<p>Sparta u\u017e v Hradci padla. A ne jednou<\/p>\n<p id=\"paragraphBlock-14\">Daridova pozn\u00e1mka o minul\u00e9m roce nen\u00ed n\u00e1hodn\u00e1. Posledn\u00ed ligov\u00e1 n\u00e1v\u0161t\u011bva Sparty ve FINEP Aren\u011b skon\u010dila v\u00fdhrou Hradce 2:1.<\/p>\n<p id=\"paragraphBlock-15\">Leten\u0161t\u00ed Votrok\u016fm por\u00e1\u017eku vr\u00e1tili v z\u00e1v\u011bru minul\u00e9 sezony. V posledn\u00edm kole nadstavby sice Hradec poslal u\u017e v osm\u00e9 minut\u011b do veden\u00ed David Ludv\u00ed\u010dek, dom\u00e1c\u00ed ale sk\u00f3re oto\u010dili a vyhr\u00e1li rovn\u011b\u017e 2:1.<\/p>\n<p id=\"paragraphBlock-16\">Celkov\u00e1 bilance je v\u00fdrazn\u011b na stran\u011b Sparty. Ze \u010dty\u0159iceti vz\u00e1jemn\u00fdch ligov\u00fdch z\u00e1pas\u016f vyhr\u00e1la \u010dty\u0159iat\u0159icet, Hradec p\u011bt a jednou se body d\u011blily.<\/p>\n<p id=\"paragraphBlock-17\">Jen\u017ee pr\u00e1v\u011b p\u011bt hradeck\u00fdch v\u00edt\u011bzstv\u00ed nab\u00edz\u00ed zaj\u00edmavou statistiku. Votroci porazili Spartu poka\u017ed\u00e9 doma.<\/p>\n<p>Sparta m\u00e1 Alc\u00f3cera, Hradec m\u016f\u017ee vyt\u00e1hnout \u010cvan\u010daru<\/p>\n<p id=\"paragraphBlock-18\">Kdo zat\u00edm t\u00e1hne spar\u0165anskou ofenzivu? Josimar Alc\u00f3cer dal v lize t\u0159i g\u00f3ly. Po dvou z\u00e1saz\u00edch maj\u00ed John Mercado, Adam Karabec a Andrew Irving.<\/p>\n<p id=\"paragraphBlock-19\">Votroci maj\u00ed sv\u00e9 opory v kapit\u00e1novi Daridovi nebo brank\u00e1\u0159i Adamu Zadra\u017eilovi. Nejv\u011bt\u0161\u00ed pozornost ale bude p\u0159ed ned\u011bln\u00edm z\u00e1pasem sm\u011b\u0159ovat jinam.<\/p>\n<p id=\"paragraphBlock-20\">Tren\u00e9r David Horej\u0161 u\u017e m\u016f\u017ee po\u010d\u00edtat s Tom\u00e1\u0161em \u010cvan\u010darou. \u0160estadvacetilet\u00fd reprezenta\u010dn\u00ed \u00fato\u010dn\u00edk dorazil tento t\u00fdden na ro\u010dn\u00ed hostov\u00e1n\u00ed z Borussie M\u00f6nchengladbach.<\/p>\n<p><a href=\"https:\/\/hradecky.denik.cz\/fotbal-prvni-liga\/potvrzeno-cvancara-se-vraci-do-ceska-z-monchengladbachu-jde-do-hradce\/\" class=\"shrink-0 no-underline w-[7.5rem] h-20 sm:w-[13.125rem] sm:h-[8.75rem] \" data-click-measurement=\"true\" data-module=\"related_articles\" data-type=\"article\" data-name=\"article_related_articles\" data-text=\"Potvrzeno! \u010cvan\u010dara se vrac\u00ed do \u010ceska, z M\u00f6nchengladbachu jde do Hradce\" data-position=\"2\" rel=\"nofollow noopener\" target=\"_blank\"><img decoding=\"async\" src=\"https:\/\/www.europesays.com\/cz\/wp-content\/uploads\/2026\/09\/30cb3ce5-5249-4cac-a663-71afa2181fad.webp\" alt=\"Potvrzeno! \u010cvan\u010dara se vrac\u00ed do \u010ceska, z M\u00f6nchengladbachu jde do Hradce\" title=\"Potvrzeno! \u010cvan\u010dara se vrac\u00ed do \u010ceska, z M\u00f6nchengladbachu jde do Hradce\" class=\"object-cover aspect-3x2 w-full object-center mx-auto max-h-[40rem] bg-grey-1 e2e-imel\" data-id=\"\" data-aspect-ratio=\"aspect-3x2\" data-lightbox-url=\"\/images\/api\/image\/1366x910\/30c\/30cb3ce5-5249-4cac-a663-71afa2181fad.webp\" loading=\"lazy\" width=\"210\" height=\"140\"\/><\/a><\/p>\n<p id=\"paragraphBlock-21\">A soupe\u0159e pro p\u0159\u00edpadnou premi\u00e9ru si snad ani nemohl vybrat l\u00e9pe. Pr\u00e1v\u011b ze Sparty \u010cvan\u010dara v l\u00e9t\u011b 2023 do bundesligov\u00e9ho M\u00f6nchengladbachu odch\u00e1zel. V posledn\u00ed sezon\u011b v rud\u00e9m dresu nast\u0159\u00edlel v nejvy\u0161\u0161\u00ed sout\u011b\u017ei dvan\u00e1ct branek a slavil mistrovsk\u00fd titul.<\/p>\n<p id=\"paragraphBlock-22\">Zda ho Horej\u0161 po\u0161le proti b\u00fdval\u00e9mu klubu na h\u0159i\u0161t\u011b, uk\u00e1\u017ee a\u017e ned\u011bln\u00ed ve\u010der.<\/p>\n","protected":false},"excerpt":{"rendered":"Kdy se hraje Hradec Kr\u00e1lov\u00e9 \u2013 Sparta Praha? V kalend\u00e1\u0159i si zakrou\u017ekujte ned\u011bli 6. z\u00e1\u0159\u00ed. V\u00fdkop utk\u00e1n\u00ed Hradec&hellip;\n","protected":false},"author":2,"featured_media":202485,"comment_status":"","ping_status":"","sticky":false,"template":"","format":"standard","meta":{"footnotes":"","_share_on_mastodon":"0"},"categories":[30],"tags":[98,99],"class_list":["post-202484","post","type-post","status-publish","format-standard","has-post-thumbnail","category-praha","tag-prague","tag-praha"],"share_on_mastodon":{"url":"https:\/\/pubeurope.com\/@cz\/117212047427834841","error":""},"_links":{"self":[{"href":"https:\/\/www.europesays.com\/cz\/wp-json\/wp\/v2\/posts\/202484","targetHints":{"allow":["GET"]}}],"collection":[{"href":"https:\/\/www.europesays.com\/cz\/wp-json\/wp\/v2\/posts"}],"about":[{"href":"https:\/\/www.europesays.com\/cz\/wp-json\/wp\/v2\/types\/post"}],"author":[{"embeddable":true,"href":"https:\/\/www.europesays.com\/cz\/wp-json\/wp\/v2\/users\/2"}],"replies":[{"embeddable":true,"href":"https:\/\/www.europesays.com\/cz\/wp-json\/wp\/v2\/comments?post=202484"}],"version-history":[{"count":0,"href":"https:\/\/www.europesays.com\/cz\/wp-json\/wp\/v2\/posts\/202484\/revisions"}],"wp:featuredmedia":[{"embeddable":true,"href":"https:\/\/www.europesays.com\/cz\/wp-json\/wp\/v2\/media\/202485"}],"wp:attachment":[{"href":"https:\/\/www.europesays.com\/cz\/wp-json\/wp\/v2\/media?parent=202484"}],"wp:term":[{"taxonomy":"category","embeddable":true,"href":"https:\/\/www.europesays.com\/cz\/wp-json\/wp\/v2\/categories?post=202484"},{"taxonomy":"post_tag","embeddable":true,"href":"https:\/\/www.europesays.com\/cz\/wp-json\/wp\/v2\/tags?post=202484"}],"curies":[{"name":"wp","href":"https:\/\/api.w.org\/{rel}","templated":true}]}}