{"id":202488,"date":"2026-09-04T09:29:15","date_gmt":"2026-09-04T09:29:15","guid":{"rendered":"https:\/\/www.europesays.com\/cz\/202488\/"},"modified":"2026-09-04T09:29:15","modified_gmt":"2026-09-04T09:29:15","slug":"policie-hleda-zlate-pruty-za-48-milionu-seniory-o-ne-pripravil-falesny-synovec","status":"publish","type":"post","link":"https:\/\/www.europesays.com\/cz\/202488\/","title":{"rendered":"Policie hled\u00e1 zlat\u00e9 pruty za 4,8\u00a0milionu. Seniory o\u00a0n\u011b p\u0159ipravil fale\u0161n\u00fd synovec"},"content":{"rendered":"<p class=\"c_bB\">Seniorsk\u00e9mu p\u00e1ru (88\u00a0a\u00a089\u00a0let) z\u00a0Prahy 3\u00a0se nezn\u00e1m\u00fd pachatel ozval ve st\u0159edu. Tvrdil, \u017ee je jejich synovec a\u00a0pros\u00ed o\u00a0pomoc pro sv\u00e9ho syna.<\/p>\n<p class=\"c_bB\">\u201eM\u011bl v\u00e1\u017enou dopravn\u00ed nehodu, p\u0159i kter\u00e9 m\u011bl usmrtit motork\u00e1\u0159e, a\u00a0nyn\u00ed mu hroz\u00ed v\u011bzen\u00ed. Sou\u010dasn\u011b po\u017e\u00e1dal o\u00a0finan\u010dn\u00ed pomoc s\u00a0t\u00edm, \u017ee pot\u0159ebuje slo\u017eit vysokou kauci, kterou \u00fadajn\u011b n\u00e1sleduj\u00edc\u00ed den vr\u00e1t\u00ed,\u201c informoval v\u00a0p\u00e1tek o\u00a0p\u0159\u00edpadu mluv\u010d\u00ed policie Jan Dan\u011bk.<\/p>\n<p class=\"c_bB\">Jakou \u010d\u00e1stku podvodn\u00edk cht\u011bl, policie neup\u0159esnila, podle mluv\u010d\u00edho mu senio\u0159i ka\u017edop\u00e1dn\u011b sd\u011blili, \u017ee tolik hotovosti nemaj\u00ed, mohou ale nab\u00eddnout investi\u010dn\u00ed zlato.<\/p>\n<p><img fetchpriority=\"high\" height=\"587\"   width=\"800\" src=\"https:\/\/www.europesays.com\/cz\/wp-content\/uploads\/2026\/09\/zlato-podvod.jpeg\" loading=\"eager\" decoding=\"sync\" class=\"c_t c_r\"\/>Foto: Policie \u010cR<\/p>\n<p class=\"c_bB\">Investi\u010dn\u00ed zlato, o\u00a0kter\u00e9 p\u0159i\u0161el seniorsk\u00fd p\u00e1r z\u00a0Prahy<\/p>\n<p class=\"c_bB\">Kdy\u017e pachatel p\u00e1r p\u0159esv\u011bd\u010dil, \u017ee i\u00a0zlatem se d\u00e1 kauce zaplatit, vlo\u017eil senior dle instrukc\u00ed zlat\u00e9 pruty do ta\u0161ky a\u00a0p\u0159ed domem je p\u0159edal nezn\u00e1m\u00e9mu mu\u017ei, kter\u00fd vystupoval jako kur\u00fdr.<\/p>\n<p class=\"c_bB\">\u201eDosavadn\u00edm prov\u011b\u0159ov\u00e1n\u00edm kriminalist\u00e9 zjistili, \u017ee odcizen\u00e9 zlat\u00e9 pruty byly rozst\u0159\u00edh\u00e1ny na men\u0161\u00ed \u010d\u00e1sti, kdy se jedn\u00e1 o\u00a0zlat\u00e9 kusy o\u00a0d\u00e9lce p\u0159ibli\u017en\u011b 30\u00a0centimetr\u016f a\u00a0\u0161\u00ed\u0159ce okolo 0,5\u00a0centimetru,\u201c doplnil Dan\u011bk.<\/p>\n<p><a data-dot=\"atm-link\" target=\"_self\" href=\"https:\/\/www.novinky.cz\/clanek\/internet-a-pc-bezpecnost-muz-z-ceskobudejovicka-se-zasahovkou-v-zadech-prijel-predat-falesnemu-kuryrovi-800-tisic-40594375\" class=\"c_I\" rel=\"nofollow noopener\"><img height=\"1080\" width=\"1920\" src=\"https:\/\/www.europesays.com\/cz\/wp-content\/uploads\/2026\/09\/kuryr-ceske-budejovice-zasahovka.jpeg\" loading=\"eager\" decoding=\"sync\" class=\"c_t c_r\"\/><\/a><\/p>\n<p class=\"c_bB\">Policie \u017e\u00e1d\u00e1 o\u00a0pomoc ve\u0159ejnost, zejm\u00e9na pak obchodn\u00edky se zlatem, klenotn\u00edky, provozovatele zastav\u00e1ren \u010di v\u00fdkupny drah\u00fdch kov\u016f, aby v\u00a0p\u0159\u00edpad\u011b, \u017ee se s\u00a0takto upraven\u00fdmi kusy zlata setkaj\u00ed, kontaktovali linku 158.<\/p>\n<p class=\"c_bB\">Z\u00e1rove\u0148 \u017e\u00e1daj\u00ed \u0159idi\u010de, kte\u0159\u00ed ve st\u0159edu 2.\u00a0z\u00e1\u0159\u00ed kolem 20.\u00a0hodiny proj\u00ed\u017ed\u011bli ulic\u00ed Sudom\u011b\u0159sk\u00e1 v\u00a0Praze 3\u00a0a\u00a0jejich auto je vybaveno palubn\u00ed kamerou, aby t\u00e9\u017e kontaktovali policii.<\/p>\n<p class=\"c_bB\">P\u0159\u00edpad policie \u0159e\u0161\u00ed jako podvod, za kter\u00fd podez\u0159el\u00fdm hroz\u00ed a\u017e desetilet\u00e9 v\u011bzen\u00ed.<\/p>\n<p><img height=\"544\"   width=\"800\" src=\"https:\/\/www.europesays.com\/cz\/wp-content\/uploads\/2026\/09\/1788514154_957_zlato-podvod.jpeg\" loading=\"eager\" decoding=\"sync\" class=\"c_t c_r\"\/>Foto: Policie \u010cR<\/p>\n<p class=\"c_bB\">Investi\u010dn\u00ed zlato, o\u00a0kter\u00e9 p\u0159i\u0161el seniorsk\u00fd p\u00e1r z\u00a0Prahy<\/p>\n<p class=\"c_bB\">\u201eSou\u010dasn\u011b znovu apelujeme zejm\u00e9na na seniory a\u00a0jejich rodinn\u00e9 p\u0159\u00edslu\u0161n\u00edky, aby byli p\u0159i podobn\u00fdch telefon\u00e1tech maxim\u00e1ln\u011b obez\u0159etn\u00ed. Pachatel\u00e9 \u010dasto zneu\u017e\u00edvaj\u00ed strachu o\u00a0sv\u00e9 bl\u00edzk\u00e9 a\u00a0pod r\u016fzn\u00fdmi z\u00e1minkami po\u017eaduj\u00ed pen\u00edze, \u0161perky nebo jin\u00e9 cennosti. V\u017edy je vhodn\u00e9 si takovou informaci ov\u011b\u0159it p\u0159\u00edmo u\u00a0dot\u010den\u00e9ho p\u0159\u00edbuzn\u00e9ho nebo kontaktovat policii,\u201c dodal mluv\u010d\u00ed.<\/p>\n<p><a data-dot=\"atm-link\" target=\"_self\" href=\"https:\/\/www.novinky.cz\/clanek\/internet-a-pc-bezpecnost-chtel-investovat-s-andrejem-babisem-ale-heslo-kolobezka-ho-pripravilo-o-13-milionu-40592794\" class=\"c_I\" rel=\"nofollow noopener\"><img height=\"1080\" width=\"1920\" src=\"https:\/\/www.europesays.com\/cz\/wp-content\/uploads\/2026\/09\/podvodne-video.jpeg\" loading=\"eager\" decoding=\"sync\" class=\"c_t c_r\"\/><\/a><\/p>\n","protected":false},"excerpt":{"rendered":"Seniorsk\u00e9mu p\u00e1ru (88\u00a0a\u00a089\u00a0let) z\u00a0Prahy 3\u00a0se nezn\u00e1m\u00fd pachatel ozval ve st\u0159edu. Tvrdil, \u017ee je jejich synovec a\u00a0pros\u00ed o\u00a0pomoc pro&hellip;\n","protected":false},"author":2,"featured_media":202489,"comment_status":"","ping_status":"","sticky":false,"template":"","format":"standard","meta":{"footnotes":"","_share_on_mastodon":"0"},"categories":[7],"tags":[43,42,41,40,259,325,4367,558],"class_list":["post-202488","post","type-post","status-publish","format-standard","has-post-thumbnail","category-cesko","tag-ceska-republika","tag-cesko","tag-czech-republic","tag-czechia","tag-podvod","tag-policie","tag-seniori","tag-zlato"],"share_on_mastodon":{"url":"https:\/\/pubeurope.com\/@cz\/117212071148321685","error":""},"_links":{"self":[{"href":"https:\/\/www.europesays.com\/cz\/wp-json\/wp\/v2\/posts\/202488","targetHints":{"allow":["GET"]}}],"collection":[{"href":"https:\/\/www.europesays.com\/cz\/wp-json\/wp\/v2\/posts"}],"about":[{"href":"https:\/\/www.europesays.com\/cz\/wp-json\/wp\/v2\/types\/post"}],"author":[{"embeddable":true,"href":"https:\/\/www.europesays.com\/cz\/wp-json\/wp\/v2\/users\/2"}],"replies":[{"embeddable":true,"href":"https:\/\/www.europesays.com\/cz\/wp-json\/wp\/v2\/comments?post=202488"}],"version-history":[{"count":0,"href":"https:\/\/www.europesays.com\/cz\/wp-json\/wp\/v2\/posts\/202488\/revisions"}],"wp:featuredmedia":[{"embeddable":true,"href":"https:\/\/www.europesays.com\/cz\/wp-json\/wp\/v2\/media\/202489"}],"wp:attachment":[{"href":"https:\/\/www.europesays.com\/cz\/wp-json\/wp\/v2\/media?parent=202488"}],"wp:term":[{"taxonomy":"category","embeddable":true,"href":"https:\/\/www.europesays.com\/cz\/wp-json\/wp\/v2\/categories?post=202488"},{"taxonomy":"post_tag","embeddable":true,"href":"https:\/\/www.europesays.com\/cz\/wp-json\/wp\/v2\/tags?post=202488"}],"curies":[{"name":"wp","href":"https:\/\/api.w.org\/{rel}","templated":true}]}}