{"id":202502,"date":"2026-09-04T09:42:07","date_gmt":"2026-09-04T09:42:07","guid":{"rendered":"https:\/\/www.europesays.com\/cz\/202502\/"},"modified":"2026-09-04T09:42:07","modified_gmt":"2026-09-04T09:42:07","slug":"prezident-trump-evropa-musi-usa-vratit-pomoc-poskytnutou-ukrajine","status":"publish","type":"post","link":"https:\/\/www.europesays.com\/cz\/202502\/","title":{"rendered":"Prezident Trump: Evropa mus\u00ed USA vr\u00e1tit pomoc poskytnutou Ukrajin\u011b."},"content":{"rendered":"<p>3. z\u00e1\u0159\u00ed americk\u00fd prezident Donald Trump v p\u0159\u00edsp\u011bvku na Truth Social pokra\u010doval v kritice rozsahu pomoci, kterou <a class=\"data-link\" data-org-href=\"https:\/\/www.vietnam.vn\/cs\/tag\/ukraine\" href=\"https:\/\/www.vietnam.vn\/cs\/tag\/ukraine\" title=\"Ukrajina\" target=\"_blank\" rel=\"nofollow noopener\">Ukrajin\u011b<\/a> poskytla b\u00fdval\u00e1 administrativa Joea Bidena.<\/p>\n<p> \u201eUkrajin\u011b a NATO byly bezplatn\u011b poskytnuty stovky miliard dolar\u016f, zat\u00edmco Evropa by za to m\u011bla zaplatit, kdyby o to byla po\u017e\u00e1d\u00e1na.\u201c<\/p>\n<p> \u201eNicm\u00e9n\u011b ty pen\u00edze dostaneme zp\u011bt, i kdy\u017e trochu pozd\u011b,\u201c napsal Trump.<\/p>\n<p> Prezident neup\u0159esnil, kolik bude po\u017eadovat, kter\u00e1 evropsk\u00e1 zem\u011b zaplat\u00ed ani jak bude zp\u011btn\u00e1 platba provedena.<\/p>\n<p> D\u0159\u00edve, 1. z\u00e1\u0159\u00ed, prezident Trump prohl\u00e1sil, \u017ee Biden dal Ukrajin\u011b \u201ezdarma\u201c zbran\u011b v hodnot\u011b v\u00edce ne\u017e 300 miliard dolar\u016f. Toto \u010d\u00edslo vyvol\u00e1v\u00e1 kontroverze.<\/p>\n<p> Zpr\u00e1va gener\u00e1ln\u00edho inspektora pro operaci Atlantic Resolve z kv\u011btna 2026 uv\u00e1d\u00ed, \u017ee celkov\u00fd rozpo\u010det USA pro Ukrajinu a \u0161ir\u0161\u00ed opat\u0159en\u00ed v reakci na konflikt \u010dinil k \u00fanoru 2022 p\u0159ibli\u017en\u011b 195 miliard dolar\u016f.<\/p>\n<p> To zahrnuje 67,8 miliard dolar\u016f vy\u010dlen\u011bn\u00fdch na obrann\u00e9 vybaven\u00ed a slu\u017eby pro Ukrajinu.<\/p>\n<p> Za prezidenta Trumpa USA p\u0159esunuly finan\u010dn\u00ed b\u0159emeno za nov\u00e9 americk\u00e9 zbran\u011b dod\u00e1van\u00e9 Ukrajin\u011b prost\u0159ednictv\u00edm ukrajinsk\u00e9ho seznamu prioritn\u00edch pot\u0159eb (PURL) na ostatn\u00ed \u010dleny a partnery NATO.<\/p>\n<p> Tento program, spu\u0161t\u011bn\u00fd v \u010dervenci 2025, umo\u017e\u0148uje evropsk\u00fdm spojenc\u016fm a Kanad\u011b p\u0159isp\u00edvat finan\u010dn\u00edmi prost\u0159edky na \u00fahradu zbran\u00ed a st\u0159eliva vyroben\u00fdch v USA dod\u00e1van\u00fdch p\u0159\u00edmo na Ukrajinu.<\/p>\n<p> NATO uvedlo, \u017ee prost\u0159ednictv\u00edm tohoto programu bylo financov\u00e1no americk\u00e9 <a class=\"data-link\" data-org-href=\"https:\/\/www.vietnam.vn\/cs\/category\/quan-su\" href=\"https:\/\/www.vietnam.vn\/cs\/category\/quan-su\" title=\"v\u00e1le\u010dn\u00fd\" target=\"_blank\" rel=\"nofollow noopener\">vojensk\u00e9<\/a> vybaven\u00ed v hodnot\u011b v\u00edce ne\u017e 6 miliard dolar\u016f.<\/p>\n<p> Nejnov\u011bj\u0161\u00ed v\u00fdroky prezidenta Trumpa p\u0159ich\u00e1zej\u00ed v dob\u011b, kdy odm\u00edt\u00e1 zpr\u00e1vy, \u017ee konflikt s <a class=\"data-link\" data-org-href=\"https:\/\/www.vietnam.vn\/cs\/tag\/iran\" href=\"https:\/\/www.vietnam.vn\/cs\/tag\/iran\" title=\"\u00cdr\u00e1n\" target=\"_blank\" rel=\"nofollow noopener\">\u00cdr\u00e1nem<\/a> v\u00e1\u017en\u011b vy\u010derpal z\u00e1soby munice.<\/p>\n<p> Trump prohl\u00e1sil, \u017ee USA zvy\u0161uj\u00ed produkci a v sou\u010dasn\u00e9 dob\u011b si nov\u011b vyrobenou munici ponech\u00e1vaj\u00ed pro sv\u00e9 vlastn\u00ed s\u00edly, m\u00edsto aby ji prod\u00e1valy do zahrani\u010d\u00ed.<\/p>\n<p> Trumpova administrativa tak\u00e9 popsala konflikt na Ukrajin\u011b jako zp\u016fsobuj\u00edc\u00ed Spojen\u00fdm st\u00e1t\u016fm v\u011bt\u0161\u00ed ekonomick\u00e9 ztr\u00e1ty.<\/p>\n<p> Ministr financ\u00ed Scott Bessent prohl\u00e1sil, \u017ee \u00fatoky Ukrajiny na ruskou energetickou infrastrukturu spolu s v\u00e1lkou s \u00cdr\u00e1nem p\u0159isp\u011bly k \u201eenergetick\u00e9mu \u0161oku\u201c, kter\u00fd ve Spojen\u00fdch st\u00e1tech vyhnal ceny energi\u00ed nahoru.<\/p>\n<p> Podle RT <\/p>\n<p class=\"mb-0\"> Zdroj: https:\/\/giaoducthoidai.vn\/tong-thong-trump-chau-au-phai-boi-hoan-chi-phi-my-vien-tro-cho-ukraine-post790418.html<\/p>\n","protected":false},"excerpt":{"rendered":"3. z\u00e1\u0159\u00ed americk\u00fd prezident Donald Trump v p\u0159\u00edsp\u011bvku na Truth Social pokra\u010doval v kritice rozsahu pomoci, kterou Ukrajin\u011b&hellip;\n","protected":false},"author":2,"featured_media":202503,"comment_status":"","ping_status":"","sticky":false,"template":"","format":"standard","meta":{"footnotes":"","_share_on_mastodon":"0"},"categories":[3],"tags":[109,108,106,37045,174,1235,110,12620],"class_list":["post-202502","post","type-post","status-publish","format-standard","has-post-thumbnail","category-evropa","tag-europa","tag-europe","tag-evropa","tag-pane-trumpe","tag-politika","tag-pomoc","tag-ukrajina","tag-vydaje"],"share_on_mastodon":{"url":"https:\/\/pubeurope.com\/@cz\/117212121931586245","error":""},"_links":{"self":[{"href":"https:\/\/www.europesays.com\/cz\/wp-json\/wp\/v2\/posts\/202502","targetHints":{"allow":["GET"]}}],"collection":[{"href":"https:\/\/www.europesays.com\/cz\/wp-json\/wp\/v2\/posts"}],"about":[{"href":"https:\/\/www.europesays.com\/cz\/wp-json\/wp\/v2\/types\/post"}],"author":[{"embeddable":true,"href":"https:\/\/www.europesays.com\/cz\/wp-json\/wp\/v2\/users\/2"}],"replies":[{"embeddable":true,"href":"https:\/\/www.europesays.com\/cz\/wp-json\/wp\/v2\/comments?post=202502"}],"version-history":[{"count":0,"href":"https:\/\/www.europesays.com\/cz\/wp-json\/wp\/v2\/posts\/202502\/revisions"}],"wp:featuredmedia":[{"embeddable":true,"href":"https:\/\/www.europesays.com\/cz\/wp-json\/wp\/v2\/media\/202503"}],"wp:attachment":[{"href":"https:\/\/www.europesays.com\/cz\/wp-json\/wp\/v2\/media?parent=202502"}],"wp:term":[{"taxonomy":"category","embeddable":true,"href":"https:\/\/www.europesays.com\/cz\/wp-json\/wp\/v2\/categories?post=202502"},{"taxonomy":"post_tag","embeddable":true,"href":"https:\/\/www.europesays.com\/cz\/wp-json\/wp\/v2\/tags?post=202502"}],"curies":[{"name":"wp","href":"https:\/\/api.w.org\/{rel}","templated":true}]}}