{"id":202512,"date":"2026-09-04T09:54:11","date_gmt":"2026-09-04T09:54:11","guid":{"rendered":"https:\/\/www.europesays.com\/cz\/202512\/"},"modified":"2026-09-04T09:54:11","modified_gmt":"2026-09-04T09:54:11","slug":"praha-3-musi-byt-dobry-spoluvlastnik-a-soused-zpravy","status":"publish","type":"post","link":"https:\/\/www.europesays.com\/cz\/202512\/","title":{"rendered":"Praha 3 mus\u00ed b\u00fdt dobr\u00fd spoluvlastn\u00edk a soused | Zpr\u00e1vy"},"content":{"rendered":"<p>  <a class=\"fancybox lazyload-wrapper\" data-fancybox=\"gallery\" rel=\"gallery nofollow noopener\" href=\"https:\/\/www.praha3.cz\/getFile\/id:843250\/type:large\/foto_siluety_1920x1080-zeleny-opozice.png\" title=\"foto siluety 1920x1080-zeleny-opozice\" target=\"_blank\"> <img decoding=\"async\" class=\"img-responsive lazyload-img\" src=\"https:\/\/www.europesays.com\/cz\/wp-content\/uploads\/2026\/09\/foto_siluety_1920x1080-zeleny-opozice.png\" data-lazyload=\"https:\/\/www.praha3.cz\/getFile\/id:843250\/type:large\/foto_siluety_1920x1080-zeleny-opozice.png\" alt=\"foto siluety 1920x1080-zeleny-opozice\" loading=\"lazy\" width=\"900\" height=\"506\"\/> <\/a>  <\/p>\n<p>Praha 3 vlastn\u00ed stovky byt\u016f v domech SVJ. A m\u00e1 stejnou povinnost jako ka\u017ed\u00fd jin\u00fd vlastn\u00edk: chovat se ohledupln\u011b k soused\u016fm a n\u00e9st odpov\u011bdnost za sv\u00e9 n\u00e1jemn\u00edky. T\u00fdk\u00e1 se to i velk\u00fdch panelov\u00fdch dom\u016f mezi Roh\u00e1\u010dovou, Blahoslavovou, Jeseniovou a Ostrome\u010dskou \u010di mezi Kubel\u00edkovou, Ond\u0159\u00ed\u010dkovou a T\u00e1boritskou, kde se opakovan\u011b objevuj\u00ed probl\u00e9my, ale samoz\u0159ejm\u011b nejen tam.<\/p>\n<p>Pokud m\u011bstsk\u00fd n\u00e1jemn\u00edk opakovan\u011b ru\u0161\u00ed d\u016fm, zne\u010di\u0161\u0165uje spole\u010dn\u00e9 prostory nebo obt\u011b\u017euje sousedy, nesta\u010d\u00ed probl\u00e9m m\u011bs\u00edce p\u0159ehazovat mezi \u00fa\u0159adem, spr\u00e1vcem a soci\u00e1lkou. V Blahoslavov\u011b se tak\u00e9 d\u0159\u00edve \u0159e\u0161il v\u00fdskyt \u0161t\u011bnic v byt\u011b m\u011bstsk\u00e9ho n\u00e1jemn\u00edka a obavy z jejich roz\u0161\u00ed\u0159en\u00ed po dom\u011b. SVJ upozor\u0148uj\u00ed i na p\u0159\u00edpady, kdy m\u011bstsk\u00fd byt fakticky u\u017e\u00edv\u00e1 v\u00edce osob, ne\u017e kolik jich radnice \u010di SVJ eviduje. Negativn\u00ed d\u016fsledky bytov\u00e9 politiky M\u010c nesm\u011bj\u00ed n\u00e9st ostatn\u00ed spoluvlastn\u00edci. Praha 3 nav\u00edc poskytuje n\u011bkter\u00e9 sv\u00e9 byty neziskov\u00fdm organizac\u00edm p\u016fsob\u00edc\u00edm v soci\u00e1ln\u00ed oblasti. Za sv\u016fj byt a jeho u\u017eivatele mus\u00ed n\u00e9st ale odpov\u011bdnost v\u017edy radnice.<\/p>\n<p>\u0160patn\u00fdm sousedem m\u016f\u017ee b\u00fdt radnice i jinak. Domy Roh\u00e1\u010dova 34\u201344 nechala p\u0159ed privatizac\u00ed za mnoho milion\u016f korun revitalizovat. Jej\u00ed vlastn\u00ed pr\u00e1vn\u00ed stanovisko ale pozd\u011bji p\u0159ipustilo, \u017ee stavba nebyla provedena pln\u011b v souladu se smlouvou, a zhotovitel u v\u011bt\u0161iny reklamovan\u00fdch vad pod t\u00edhou d\u016fkaz\u016f mus\u00ed p\u0159ijmout odpov\u011bdnost. Je\u0161t\u011b letos se zpracov\u00e1valy posudky kv\u016fli poruch\u00e1m st\u0159ech a rampy. Spoluvlastn\u00edci tak n\u00e1sledky m\u011bstsk\u00e9 investice a laxn\u00edho p\u0159\u00edstupu \u0159e\u0161\u00ed roky.<\/p>\n<p>My chceme jednoduch\u00e9 pravidlo: m\u011bstsk\u00fd byt = odpov\u011bdnost za n\u00e1jemn\u00edka. M\u011bstsk\u00e1 investice = odpov\u011bdnost za jej\u00ed kvalitu. Praha 3 mus\u00ed b\u00fdt dobr\u00fd soused.<\/p>\n","protected":false},"excerpt":{"rendered":"Praha 3 vlastn\u00ed stovky byt\u016f v domech SVJ. A m\u00e1 stejnou povinnost jako ka\u017ed\u00fd jin\u00fd vlastn\u00edk: chovat se&hellip;\n","protected":false},"author":2,"featured_media":202513,"comment_status":"","ping_status":"","sticky":false,"template":"","format":"standard","meta":{"footnotes":"","_share_on_mastodon":"0"},"categories":[30],"tags":[98,99,46233],"class_list":["post-202512","post","type-post","status-publish","format-standard","has-post-thumbnail","category-praha","tag-prague","tag-praha","tag-praha-3-musi-byt-dobry-spoluvlastnik-a-soused-zpravy-praha-3"],"share_on_mastodon":{"url":"https:\/\/pubeurope.com\/@cz\/117212169710698073","error":""},"_links":{"self":[{"href":"https:\/\/www.europesays.com\/cz\/wp-json\/wp\/v2\/posts\/202512","targetHints":{"allow":["GET"]}}],"collection":[{"href":"https:\/\/www.europesays.com\/cz\/wp-json\/wp\/v2\/posts"}],"about":[{"href":"https:\/\/www.europesays.com\/cz\/wp-json\/wp\/v2\/types\/post"}],"author":[{"embeddable":true,"href":"https:\/\/www.europesays.com\/cz\/wp-json\/wp\/v2\/users\/2"}],"replies":[{"embeddable":true,"href":"https:\/\/www.europesays.com\/cz\/wp-json\/wp\/v2\/comments?post=202512"}],"version-history":[{"count":0,"href":"https:\/\/www.europesays.com\/cz\/wp-json\/wp\/v2\/posts\/202512\/revisions"}],"wp:featuredmedia":[{"embeddable":true,"href":"https:\/\/www.europesays.com\/cz\/wp-json\/wp\/v2\/media\/202513"}],"wp:attachment":[{"href":"https:\/\/www.europesays.com\/cz\/wp-json\/wp\/v2\/media?parent=202512"}],"wp:term":[{"taxonomy":"category","embeddable":true,"href":"https:\/\/www.europesays.com\/cz\/wp-json\/wp\/v2\/categories?post=202512"},{"taxonomy":"post_tag","embeddable":true,"href":"https:\/\/www.europesays.com\/cz\/wp-json\/wp\/v2\/tags?post=202512"}],"curies":[{"name":"wp","href":"https:\/\/api.w.org\/{rel}","templated":true}]}}