{"id":202516,"date":"2026-09-04T09:56:12","date_gmt":"2026-09-04T09:56:12","guid":{"rendered":"https:\/\/www.europesays.com\/cz\/202516\/"},"modified":"2026-09-04T09:56:12","modified_gmt":"2026-09-04T09:56:12","slug":"citila-jsem-se-jako-pes-rika-mary-austinova-o-poslednich-slovech-ktera-ji-rekl-freddie-mercury","status":"publish","type":"post","link":"https:\/\/www.europesays.com\/cz\/202516\/","title":{"rendered":"C\u00edtila jsem se jako pes, \u0159\u00edk\u00e1 Mary Austinov\u00e1 o\u00a0posledn\u00edch slovech, kter\u00e1 j\u00ed \u0159ekl Freddie Mercury"},"content":{"rendered":"<p class=\"c_bB\">V rozhovoru pro <a data-dot=\"atm-link\" target=\"_blank\" rel=\"noopener nofollow\" href=\"https:\/\/www.theguardian.com\/music\/2026\/sep\/01\/freddie-mercury-lover-mary-austin-interview\" class=\"c_I\">The Guardian<\/a> \u0159ekla: \u201eP\u0159ed domem se shrom\u00e1\u017edili fotografov\u00e9 a\u00a0\u010dekali. Pamatuji si, jak jednou p\u0159ijel kur\u00fdr, aby si vyzvedl film. Ptal se, jestli jsou n\u011bjak\u00e9 novinky, a\u00a0n\u011bkdo z\u00a0fotograf\u016f na n\u011bj zak\u0159i\u010del: Ne, je\u0161t\u011b nen\u00ed mrtv\u00fd. To bylo asi dva t\u00fddny p\u0159ed jeho smrt\u00ed. \u010cekali tam jako supi. \u010cekali na n\u011bj, a\u017e bude muset j\u00edt k\u00a0l\u00e9ka\u0159i a\u00a0odej\u00edt z\u00a0domu. Cht\u011bli ho vyfotit.\u201c<\/p>\n<p class=\"c_bB\">Austinov\u00e1 prozradila i\u00a0to, jak\u00e1 byla posledn\u00ed slova, kter\u00e1 j\u00ed Freddie Mercury \u0159ekl: \u201ePamatuji si, jak jsem ho dr\u017eela za ruku. Byl na morfinu a\u00a0byl v\u00a0polobezv\u011bdom\u00ed. Nakonec se probudil a\u00a0\u0159ekl: M\u00e1 star\u00e1 v\u011brn\u00e1. Tak\u017ee jsem se c\u00edtila trochu jako pes. Nebylo to hezk\u00e9.\u201c<\/p>\n<p class=\"c_bB\">Mary Austinov\u00e1 vydala 1.\u00a0z\u00e1\u0159\u00ed knihu Freddie Mercury: A\u00a0Life In Lyrics (Freddie Mercury: \u017divot v\u00a0textech). Krom\u011b vzpom\u00ednek nab\u00edz\u00ed ru\u010dn\u011b psan\u00e9 texty p\u00edsn\u00ed Freddieho Mercuryho i\u00a0dosud nepublikovan\u00e9 fotografie.<\/p>\n<p class=\"c_bB\">V knize zve\u0159ejnila i\u00a0to, \u017ee by\u0165 si fanou\u0161ci mysl\u00ed, \u017ee Mercury napsal slavnou baladu Love of My Life pro ni, nebylo to tak. Freddie j\u00ed pr\u00fd nikdy ne\u0159ekl, \u017ee by p\u00edse\u0148 byla o\u00a0n\u00ed. Naopak uvedla, \u017ee pro ni napsal skladbu Lily of the Valley.<\/p>\n<p class=\"c_bB\">Dnes p\u011btasedmdes\u00e1tilet\u00e1 Austinov\u00e1 se s\u00a0Mercurym setkala je\u0161t\u011b p\u0159edt\u00edm, ne\u017e Queen dos\u00e1hli sl\u00e1vy. Sezn\u00e1mili se na za\u010d\u00e1tku sedmdes\u00e1t\u00fdch let dvac\u00e1t\u00e9ho stolet\u00ed. N\u011bkolik rok\u016f spolu chodili a\u00a0Freddie ji dokonce po\u017e\u00e1dal o\u00a0ruku.<\/p>\n<p class=\"c_bB\">Roze\u0161li se, kdy\u017e j\u00ed Mercury v\u00a0roce 1976\u00a0p\u0159iznal, \u017ee je homosexu\u00e1l. Bylo to ale v\u00a0klidu a\u00a0s \u00factou. Z\u016fstali v\u00a0\u00fazk\u00e9m kontaktu.<\/p>\n<p class=\"c_bB\">Navzdory jejich odlou\u010den\u00ed byla Austinov\u00e1 po jeho boku v\u00a0dob\u011b, kdy ve sv\u00e9m lond\u00fdnsk\u00e9m dom\u011b zvan\u00e9m Garden Lodge um\u00edral na komplikace spojen\u00e9 s\u00a0nemoc\u00ed AIDS.<\/p>\n<p><a data-dot=\"atm-link\" target=\"_self\" href=\"https:\/\/www.novinky.cz\/clanek\/kultura-hudba-zemrel-druhy-baskytarista-skupiny-queen-40593886\" class=\"c_I\" rel=\"nofollow noopener\"><img fetchpriority=\"high\" height=\"1012\" width=\"1800\" src=\"https:\/\/www.europesays.com\/cz\/wp-content\/uploads\/2026\/09\/barry-mitchell.jpeg\" loading=\"eager\" decoding=\"sync\" class=\"c_t c_r\"\/><\/a><\/p>\n","protected":false},"excerpt":{"rendered":"V rozhovoru pro The Guardian \u0159ekla: \u201eP\u0159ed domem se shrom\u00e1\u017edili fotografov\u00e9 a\u00a0\u010dekali. Pamatuji si, jak jednou p\u0159ijel kur\u00fdr,&hellip;\n","protected":false},"author":2,"featured_media":202517,"comment_status":"","ping_status":"","sticky":false,"template":"","format":"standard","meta":{"footnotes":"","_share_on_mastodon":"0"},"categories":[14],"tags":[79,13159,46234,13160,80],"class_list":["post-202516","post","type-post","status-publish","format-standard","has-post-thumbnail","category-zabava","tag-entertainment","tag-freddie-mercury","tag-mary-austin","tag-queen","tag-zabava"],"share_on_mastodon":{"url":"https:\/\/pubeurope.com\/@cz\/117212177101611702","error":""},"_links":{"self":[{"href":"https:\/\/www.europesays.com\/cz\/wp-json\/wp\/v2\/posts\/202516","targetHints":{"allow":["GET"]}}],"collection":[{"href":"https:\/\/www.europesays.com\/cz\/wp-json\/wp\/v2\/posts"}],"about":[{"href":"https:\/\/www.europesays.com\/cz\/wp-json\/wp\/v2\/types\/post"}],"author":[{"embeddable":true,"href":"https:\/\/www.europesays.com\/cz\/wp-json\/wp\/v2\/users\/2"}],"replies":[{"embeddable":true,"href":"https:\/\/www.europesays.com\/cz\/wp-json\/wp\/v2\/comments?post=202516"}],"version-history":[{"count":0,"href":"https:\/\/www.europesays.com\/cz\/wp-json\/wp\/v2\/posts\/202516\/revisions"}],"wp:featuredmedia":[{"embeddable":true,"href":"https:\/\/www.europesays.com\/cz\/wp-json\/wp\/v2\/media\/202517"}],"wp:attachment":[{"href":"https:\/\/www.europesays.com\/cz\/wp-json\/wp\/v2\/media?parent=202516"}],"wp:term":[{"taxonomy":"category","embeddable":true,"href":"https:\/\/www.europesays.com\/cz\/wp-json\/wp\/v2\/categories?post=202516"},{"taxonomy":"post_tag","embeddable":true,"href":"https:\/\/www.europesays.com\/cz\/wp-json\/wp\/v2\/tags?post=202516"}],"curies":[{"name":"wp","href":"https:\/\/api.w.org\/{rel}","templated":true}]}}