{"id":202526,"date":"2026-09-04T10:10:11","date_gmt":"2026-09-04T10:10:11","guid":{"rendered":"https:\/\/www.europesays.com\/cz\/202526\/"},"modified":"2026-09-04T10:10:11","modified_gmt":"2026-09-04T10:10:11","slug":"tragicka-nehoda-u-chebu-auto-srazilo-chodce-na-miste-zemrel","status":"publish","type":"post","link":"https:\/\/www.europesays.com\/cz\/202526\/","title":{"rendered":"Tragick\u00e1 nehoda u\u00a0Chebu. Auto srazilo chodce, na m\u00edst\u011b zem\u0159el"},"content":{"rendered":"<p class=\"c_bB\">K tragick\u00e9 sr\u00e1\u017ece auta s\u00a0chodcem do\u0161lo kr\u00e1tce p\u0159ed p\u00e1tou hodinou rann\u00ed na silnici I\/21\u00a0ve sm\u011bru z\u00a0Chebu na Franti\u0161kovy L\u00e1zn\u011b. Po p\u0159\u00edjezdu z\u00e1chran\u00e1\u0159\u016f bylo z\u0159ejm\u00e9, \u017ee situace je v\u00e1\u017en\u00e1. <\/p>\n<p class=\"c_bB\">\u201eL\u00e9ka\u0159 u\u00a0mu\u017ee konstatoval zran\u011bn\u00ed neslu\u010diteln\u00e1 se \u017eivotem a\u00a0n\u00e1sledn\u011b smrt,\u201c uvedla mluv\u010d\u00ed krajsk\u00e9 z\u00e1chranky Simona Kratochv\u00edlov\u00e1.<\/p>\n<p class=\"c_bB\">Okolnosti nehody nyn\u00ed vy\u0161et\u0159uj\u00ed policist\u00e9. U\u00a0\u0159idi\u010de provedli dechovou zkou\u0161ku a\u00a0tak\u00e9 test na p\u0159\u00edtomnost omamn\u00fdch a\u00a0psychotropn\u00edch l\u00e1tek. \u201eOb\u011b zkou\u0161ky vy\u0161ly s\u00a0negativn\u00edm v\u00fdsledkem,\u201c uvedl policejn\u00ed mluv\u010d\u00ed Jan B\u00edlek.<\/p>\n<p class=\"c_bB\">Policist\u00e9 na m\u00edst\u011b \u0159\u00eddili dopravu a\u00a0vozidla odkl\u00e1n\u011bli na obj\u00edzdnou trasu p\u0159es St\u0159\u00ed\u017eov. Nyn\u00ed u\u017e je silnice pr\u016fjezdn\u00e1.<\/p>\n<p><a data-dot=\"atm-link\" target=\"_self\" href=\"https:\/\/www.novinky.cz\/clanek\/krimi-osmnactilety-mladik-v-audi-srazil-v-karlovych-varech-mladou-zenu-na-prechodu-zraneni-neprezila-40595645\" class=\"c_I\" rel=\"nofollow noopener\"><img fetchpriority=\"high\" height=\"1079\" width=\"1919\" src=\"https:\/\/www.europesays.com\/cz\/wp-content\/uploads\/2026\/09\/1788516611_991_misto-tragicke-nehody-v-ulici-stara-kysibelska-v-karlovych-varech-kde-osmnactilety-ridic-srazil-na-p.jpeg\" loading=\"eager\" decoding=\"sync\" class=\"c_t c_r\"\/><\/a><\/p>\n","protected":false},"excerpt":{"rendered":"K tragick\u00e9 sr\u00e1\u017ece auta s\u00a0chodcem do\u0161lo kr\u00e1tce p\u0159ed p\u00e1tou hodinou rann\u00ed na silnici I\/21\u00a0ve sm\u011bru z\u00a0Chebu na Franti\u0161kovy&hellip;\n","protected":false},"author":2,"featured_media":202527,"comment_status":"","ping_status":"","sticky":false,"template":"","format":"standard","meta":{"footnotes":"","_share_on_mastodon":"0"},"categories":[7],"tags":[43,42,727,2289,158,41,40,323,13684,36281,3993,725,325,715,2292,2625,4984,5397,4866],"class_list":["post-202526","post","type-post","status-publish","format-standard","has-post-thumbnail","category-cesko","tag-ceska-republika","tag-cesko","tag-cheb","tag-chebsko","tag-chodci","tag-czech-republic","tag-czechia","tag-dopravni-nehody","tag-dopravni-policie","tag-frantiskovy-lazne","tag-integrovany-zachranny-system-izs","tag-karlovarsky-kraj","tag-policie","tag-policie-ceske-republiky","tag-policiste","tag-tragicke-nehody","tag-zachranari","tag-zachranka","tag-zdravotnicka-zachranna-sluzba-zzs"],"share_on_mastodon":{"url":"https:\/\/pubeurope.com\/@cz\/117212232479451992","error":""},"_links":{"self":[{"href":"https:\/\/www.europesays.com\/cz\/wp-json\/wp\/v2\/posts\/202526","targetHints":{"allow":["GET"]}}],"collection":[{"href":"https:\/\/www.europesays.com\/cz\/wp-json\/wp\/v2\/posts"}],"about":[{"href":"https:\/\/www.europesays.com\/cz\/wp-json\/wp\/v2\/types\/post"}],"author":[{"embeddable":true,"href":"https:\/\/www.europesays.com\/cz\/wp-json\/wp\/v2\/users\/2"}],"replies":[{"embeddable":true,"href":"https:\/\/www.europesays.com\/cz\/wp-json\/wp\/v2\/comments?post=202526"}],"version-history":[{"count":0,"href":"https:\/\/www.europesays.com\/cz\/wp-json\/wp\/v2\/posts\/202526\/revisions"}],"wp:featuredmedia":[{"embeddable":true,"href":"https:\/\/www.europesays.com\/cz\/wp-json\/wp\/v2\/media\/202527"}],"wp:attachment":[{"href":"https:\/\/www.europesays.com\/cz\/wp-json\/wp\/v2\/media?parent=202526"}],"wp:term":[{"taxonomy":"category","embeddable":true,"href":"https:\/\/www.europesays.com\/cz\/wp-json\/wp\/v2\/categories?post=202526"},{"taxonomy":"post_tag","embeddable":true,"href":"https:\/\/www.europesays.com\/cz\/wp-json\/wp\/v2\/tags?post=202526"}],"curies":[{"name":"wp","href":"https:\/\/api.w.org\/{rel}","templated":true}]}}