{"id":202540,"date":"2026-09-04T10:21:10","date_gmt":"2026-09-04T10:21:10","guid":{"rendered":"https:\/\/www.europesays.com\/cz\/202540\/"},"modified":"2026-09-04T10:21:10","modified_gmt":"2026-09-04T10:21:10","slug":"trumpuv-ostry-vzkaz-evrope-zaplatite-za-bidenovu-pomoc-ukrajine-zminil-i-zradnou-chatru","status":"publish","type":"post","link":"https:\/\/www.europesays.com\/cz\/202540\/","title":{"rendered":"Trump\u016fv ostr\u00fd vzkaz Evrop\u011b: Zaplat\u00edte za Bidenovu pomoc Ukrajin\u011b. Zm\u00ednil i \u201ezr\u00e1dnou ch\u00e1tru\u201c"},"content":{"rendered":"<p>\n                        Spojen\u00e9 st\u00e1ty budou po Evrop\u011b po\u017eadovat, aby zaplatila za vojenskou pomoc pro Ukrajinu z\u00edskanou od vl\u00e1dy demokratick\u00e9ho prezidenta Joea Bidena. \u0160\u00e9f B\u00edl\u00e9ho domu Donald Trump to ve \u010dtvrtek napsal na soci\u00e1ln\u00ed s\u00edti Truth Social. Trump v p\u0159\u00edsp\u011bvku z\u00e1rove\u0148 op\u011bt pop\u0159el zpr\u00e1vy, \u017ee se USA ve v\u00e1lce s \u00cdr\u00e1nem pot\u00fdkaj\u00ed s vy\u010derpan\u00fdmi z\u00e1sobami munice.\n                    <\/p>\n<p>\u201ePro tu zr\u00e1dnou ch\u00e1tru, kter\u00e1 odm\u00edt\u00e1 p\u0159esn\u011b informovat o na\u0161\u00ed vojensk\u00e9 operaci v \u00cdr\u00e1nu: M\u00e1me k dispozici prakticky neomezen\u00e9 mno\u017estv\u00ed st\u0159eliva st\u0159edn\u00ed a\u017e vysok\u00e9 kvality,\u201c <a target=\"_blank\" href=\"https:\/\/truthsocial.com\/@realDonaldTrump\/posts\/117207687594983323\" rel=\"nofollow noopener\">tvrd\u00ed Trump<\/a> v \u00favodu sv\u00e9ho p\u0159\u00edsp\u011bvku. Americk\u00fd prezident d\u00e1le uvedl, \u017ee USA vyr\u00e1b\u00ed dostatek zbran\u00ed a brzy je za\u010dnou zase prod\u00e1vat sv\u00fdm spojenc\u016fm. Trump se tak\u00e9 op\u0159el do sv\u00e9ho p\u0159edch\u016fdce Joea Bidena za poskytnut\u00ed bezplatn\u00e9 pomoci Ukrajin\u011b. \u201eUkrajin\u011b a NATO byly bezplatn\u011b poskytnuty stovky miliard dolar\u016f, za kter\u00e9 by Evropa zaplatila \u2013 kdyby o to byla po\u017e\u00e1d\u00e1na \u2013, a my si tyto pen\u00edze vy\u017e\u00e1d\u00e1me, i kdy\u017e s ur\u010dit\u00fdm zpo\u017ed\u011bn\u00edm.\u201c<\/p>\n<p>\u010cT\u011aTE TAK\u00c9: <a target=\"_blank\" href=\"https:\/\/cnn.iprima.cz\/prehledne-kde-a-jak-by-putin-mohl-rozsirit-svou-valku-v-evrope-za-hranice-ukrajiny-520771\" rel=\"nofollow noopener\">Seversk\u00e9 st\u00e1ty, Pobalt\u00ed i \u010desk\u00fd soused. Kam by Putin mohl roz\u0161\u00ed\u0159it v\u00e1lku?<\/a><\/p>\n<p>Feder\u00e1ln\u00ed vl\u00e1da za Bidenova funk\u010dn\u00edho obdob\u00ed vydala miliardy dolar\u016f na vojenskou pomoc Ukrajin\u011b, kter\u00e1 od roku 2022 \u010del\u00ed rusk\u00e9 invazi. Trump za to sv\u00e9ho p\u0159edch\u016fdce opakovan\u011b kritizuje. \u201eBidenova administrativa dala mnohem v\u00edce munice Ukrajin\u011b, kterou to nic nest\u00e1lo, ne\u017e jsme my pou\u017eili v \u00cdr\u00e1nu,\u201c uvedl mimo jin\u00e9 Trump.<\/p>\n<p class=\"intro-title-mobile\">\n        \u010ct\u011bte tak\u00e9\n    <\/p>\n<p>        <a href=\"https:\/\/cnn.iprima.cz\/uspesny-ukrajinsky-utok-na-sklad-ropy-v-soci-z-arealu-stoupa-dym-stovky-metru-vysoko-520918\" class=\"image-link\" rel=\"nofollow noopener\" target=\"_blank\"><\/p>\n<p>            <img decoding=\"async\" loading=\"lazy\" class=\"image\" src=\"https:\/\/www.europesays.com\/cz\/wp-content\/uploads\/2026\/09\/922d9a5059ee34972da2bc5c2bd0301a.jpg\" alt=\"Po\u017e\u00e1r ropn\u00e9ho skladu v Makijivce (4. 5.)\"\/><\/p>\n<p>            <\/a><\/p>\n<p class=\"intro-title-desktop\">\n            \u010ct\u011bte tak\u00e9\n        <\/p>\n<p>                <a href=\"https:\/\/cnn.iprima.cz\/uspesny-ukrajinsky-utok-na-sklad-ropy-v-soci-z-arealu-stoupa-dym-stovky-metru-vysoko-520918\" class=\"title-link\" rel=\"nofollow noopener\" target=\"_blank\"><\/p>\n<p class=\"title\">\n                \u00dasp\u011b\u0161n\u00fd \u00fatok Ukrajinc\u016f: Ze skladu ropy v So\u010di stoup\u00e1 \u010dern\u00fd d\u00fdm. Z m\u00edsta jsou sly\u0161et exploze\n            <\/p>\n<p>        <\/a><\/p>\n<p>                                                                                                4. z\u00e1\u0159 2026, 06:58<\/p>\n<p>                6 min \u010dten\u00ed<\/p>\n<p>Americk\u00e1 arm\u00e1da od za\u010d\u00e1tku v\u00e1lky s \u00cdr\u00e1nem na konci \u00fanora vy\u010derpala t\u00e9m\u011b\u0159 80 procent st\u0159el pro sv\u016fj kl\u00ed\u010dov\u00fd syst\u00e9m protivzdu\u0161n\u00e9 obrany THAAD a p\u0159ibli\u017en\u011b polovinu raket pro syst\u00e9m Patriot, informovala na za\u010d\u00e1tku srpna stanice CNN. Washingtonsk\u00e9 St\u0159edisko pro strategick\u00e1 a mezin\u00e1rodn\u00ed studia (CSIS) odhaduje, \u017ee USA p\u0159ed za\u010d\u00e1tkem v\u00e1lky s \u00cdr\u00e1nem disponovaly p\u0159ibli\u017en\u011b 2 200 st\u0159elami pro dv\u011b nejmodern\u011bj\u0161\u00ed varianty syst\u00e9mu Patriot a 452 raketami pro THAAD.<\/p>\n<p>MOHLO V\u00c1M UNIKNOUT: Hladov\u00e9 \u010cesko? Krizov\u00e9 rezervy potravin by nevydr\u017eely ani v\u00edkend. Lid\u00e9 by m\u011bli m\u00edt plnou sp\u00ed\u017e<\/p>\n","protected":false},"excerpt":{"rendered":"Spojen\u00e9 st\u00e1ty budou po Evrop\u011b po\u017eadovat, aby zaplatila za vojenskou pomoc pro Ukrajinu z\u00edskanou od vl\u00e1dy demokratick\u00e9ho prezidenta&hellip;\n","protected":false},"author":2,"featured_media":202541,"comment_status":"","ping_status":"","sticky":false,"template":"","format":"standard","meta":{"footnotes":"","_share_on_mastodon":"0"},"categories":[3],"tags":[1187,212,109,108,106,16478,808,4129,1635,1634,1537,174,13235,110,113,1636,11737,964,11482],"class_list":["post-202540","post","type-post","status-publish","format-standard","has-post-thumbnail","category-evropa","tag-bily-dum","tag-donald-trump","tag-europa","tag-europe","tag-evropa","tag-hlava-statu","tag-iran","tag-joe-biden","tag-konflikt","tag-mezinarodni-vztahy","tag-obrana","tag-politika","tag-truth-social","tag-ukrajina","tag-usa","tag-valka-a-mir","tag-valka-v-iranu","tag-vlada","tag-vojenske-zbrane"],"share_on_mastodon":{"url":"https:\/\/pubeurope.com\/@cz\/117212275756332244","error":""},"_links":{"self":[{"href":"https:\/\/www.europesays.com\/cz\/wp-json\/wp\/v2\/posts\/202540","targetHints":{"allow":["GET"]}}],"collection":[{"href":"https:\/\/www.europesays.com\/cz\/wp-json\/wp\/v2\/posts"}],"about":[{"href":"https:\/\/www.europesays.com\/cz\/wp-json\/wp\/v2\/types\/post"}],"author":[{"embeddable":true,"href":"https:\/\/www.europesays.com\/cz\/wp-json\/wp\/v2\/users\/2"}],"replies":[{"embeddable":true,"href":"https:\/\/www.europesays.com\/cz\/wp-json\/wp\/v2\/comments?post=202540"}],"version-history":[{"count":0,"href":"https:\/\/www.europesays.com\/cz\/wp-json\/wp\/v2\/posts\/202540\/revisions"}],"wp:featuredmedia":[{"embeddable":true,"href":"https:\/\/www.europesays.com\/cz\/wp-json\/wp\/v2\/media\/202541"}],"wp:attachment":[{"href":"https:\/\/www.europesays.com\/cz\/wp-json\/wp\/v2\/media?parent=202540"}],"wp:term":[{"taxonomy":"category","embeddable":true,"href":"https:\/\/www.europesays.com\/cz\/wp-json\/wp\/v2\/categories?post=202540"},{"taxonomy":"post_tag","embeddable":true,"href":"https:\/\/www.europesays.com\/cz\/wp-json\/wp\/v2\/tags?post=202540"}],"curies":[{"name":"wp","href":"https:\/\/api.w.org\/{rel}","templated":true}]}}