{"id":202546,"date":"2026-09-04T10:24:08","date_gmt":"2026-09-04T10:24:08","guid":{"rendered":"https:\/\/www.europesays.com\/cz\/202546\/"},"modified":"2026-09-04T10:24:08","modified_gmt":"2026-09-04T10:24:08","slug":"monika-maresova-hodnotila-sveho-muze-to-snad-neni-mozne","status":"publish","type":"post","link":"https:\/\/www.europesays.com\/cz\/202546\/","title":{"rendered":"Monika Mare\u0161ov\u00e1 hodnotila sv\u00e9ho mu\u017ee: \u201eTo snad nen\u00ed mo\u017en\u00e9\u201c"},"content":{"rendered":"<p class=\"b_bt\"><a data-dot=\"atm-link\" target=\"_blank\" href=\"https:\/\/www.prozeny.cz\/tag\/leos-mares-17071\" class=\"b_g\" rel=\"nofollow noopener\">Leo\u0161 Mare\u0161<\/a> je se sout\u011b\u017e\u00ed SuperStar \u00fazce spjat\u00fd, letos u\u017e je pop\u00e1t\u00e9 jej\u00edm moder\u00e1torem. V\u00a0roce 2021\u00a0si tak\u00e9 vyzkou\u0161el, jak\u00e9 to je sed\u011bt v\u00a0k\u0159esle porotce a\u00a0rozhodovat, kdo dostane \u0161anci postoupit do dal\u0161\u00edch kol a\u00a0kdo pojede dom\u016f. Ale\u00a0ani on se ale nevyhnul p\u0159\u00edsn\u00e9mu hodnocen\u00ed, jak s\u00e1m p\u0159iznal ve v\u010derej\u0161\u00edm vys\u00edl\u00e1n\u00ed Rann\u00ed show Evropy 2.<\/p>\n<p>To snad nen\u00ed mo\u017en\u00e9<\/p>\n<p class=\"b_bt\">Jak Leo\u0161 Mare\u0161 poslucha\u010d\u016fm prozradil, u\u017eil si i\u00a0se svou \u017eenou leto\u0161n\u00ed za\u010d\u00e1tek sout\u011b\u017ee jako div\u00e1k. Spole\u010dn\u011b si doma pustili prvn\u00ed d\u00edl ve standardn\u00edm vys\u00edl\u00e1n\u00ed. Leo\u0161 si pochvaloval, \u017ee v\u0161e b\u011b\u017e\u00ed, jak m\u00e1, a\u00a0sv\u011bt je je\u0161t\u011b, alespo\u0148 n\u011bkde, v\u00a0po\u0159\u00e1dku.<\/p>\n<p class=\"b_bt\">\u201ePustili jsme si p\u0159ed t\u00edm Televizn\u00ed noviny a\u00a0tam byl Ray a\u00a0Lucka, b\u011bhem vys\u00edl\u00e1n\u00ed byly reklamn\u00ed pauzy, kdy se dalo odb\u011bhnout vyven\u010dit psa, v\u0161echno to bylo super.\u201c Kritick\u00e9mu oku jeho \u017eeny Moniky Mare\u0161ov\u00e9 ale neuniklo, jak byl jej\u00ed mu\u017e p\u0159i moderov\u00e1n\u00ed oble\u010den\u00fd. <\/p>\n<p class=\"b_bt\">\u201eCo ti to ten Filip (Van\u011bk) obl\u00e9knul? Chlap p\u0159ece nem\u016f\u017ee m\u00edt v\u00a0televizi odhalen\u00e9 ruce,\u201c zd\u011bsila se a\u00a0rukama si pr\u00fd zakr\u00fdvala o\u010di, aby nevid\u011bla Leo\u0161e v\u00a0b\u00edl\u00e9m topu bez ruk\u00e1v\u016f. Pochvalu si naopak od n\u00ed zaslou\u017eil <a data-dot=\"atm-link\" target=\"_blank\" href=\"https:\/\/www.prozeny.cz\/clanek\/zdravi-a-zivotni-styl-zaujalo-nas-cim-starsi-tim-vic-sexy-pavol-habera-shodil-vlasy-a-nabral-svaly-98353\" class=\"b_g\" rel=\"nofollow noopener\">Pavol Habera, kter\u00fd byl podle n\u00ed skv\u011bl\u00fd jako v\u017edy<\/a> a\u00a0asi i\u00a0oble\u010den\u00fd, jak se slu\u0161\u00ed a\u00a0pat\u0159\u00ed.<\/p>\n<p class=\"b_bt\"><a data-dot=\"atm-link\" target=\"_blank\" href=\"https:\/\/www.prozeny.cz\/tag\/porad-cesko-slovenska-superstar-88605\" class=\"b_g\" rel=\"nofollow noopener\">Leto\u0161n\u00ed SuperStar\u00a0<\/a>se po p\u011btilet\u00e9 pauze vrac\u00ed na obrazovky TV Nova a\u00a0Mark\u00edzy. O\u00a0postup sout\u011b\u017e\u00edc\u00edch rozhoduje nov\u00e1 porota ve slo\u017een\u00ed Ewa Farna, Pavol Habera, Jakub Pracha\u0159 a\u00a0Calin, zat\u00edmco sout\u011b\u017e\u00ed div\u00e1ky prov\u00e1z\u00ed Leo\u0161 Mare\u0161, kter\u00fd se k\u00a0moderov\u00e1n\u00ed SuperStar vrac\u00ed po p\u011bti letech. V\u00edt\u011bz z\u00edsk\u00e1 krom\u011b titulu SuperStar tak\u00e9 2\u00a0miliony korun. Prvn\u00ed d\u00edl byl odvys\u00edl\u00e1n 2.\u00a0z\u00e1\u0159\u00ed 2026.<\/p>\n","protected":false},"excerpt":{"rendered":"Leo\u0161 Mare\u0161 je se sout\u011b\u017e\u00ed SuperStar \u00fazce spjat\u00fd, letos u\u017e je pop\u00e1t\u00e9 jej\u00edm moder\u00e1torem. V\u00a0roce 2021\u00a0si tak\u00e9 vyzkou\u0161el,&hellip;\n","protected":false},"author":2,"featured_media":202547,"comment_status":"","ping_status":"","sticky":false,"template":"","format":"standard","meta":{"footnotes":"","_share_on_mastodon":"0"},"categories":[14],"tags":[2432,79,46235,3320,1278,757,3319,6171,10530,80],"class_list":["post-202546","post","type-post","status-publish","format-standard","has-post-thumbnail","category-zabava","tag-ceske-celebrity","tag-entertainment","tag-filip-vanek","tag-leos-mares","tag-moda","tag-moda-slavnych","tag-monika-maresova","tag-outfity-slavnych","tag-porad-cesko-slovenska-superstar","tag-zabava"],"share_on_mastodon":{"url":"https:\/\/pubeurope.com\/@cz\/117212287042015394","error":""},"_links":{"self":[{"href":"https:\/\/www.europesays.com\/cz\/wp-json\/wp\/v2\/posts\/202546","targetHints":{"allow":["GET"]}}],"collection":[{"href":"https:\/\/www.europesays.com\/cz\/wp-json\/wp\/v2\/posts"}],"about":[{"href":"https:\/\/www.europesays.com\/cz\/wp-json\/wp\/v2\/types\/post"}],"author":[{"embeddable":true,"href":"https:\/\/www.europesays.com\/cz\/wp-json\/wp\/v2\/users\/2"}],"replies":[{"embeddable":true,"href":"https:\/\/www.europesays.com\/cz\/wp-json\/wp\/v2\/comments?post=202546"}],"version-history":[{"count":0,"href":"https:\/\/www.europesays.com\/cz\/wp-json\/wp\/v2\/posts\/202546\/revisions"}],"wp:featuredmedia":[{"embeddable":true,"href":"https:\/\/www.europesays.com\/cz\/wp-json\/wp\/v2\/media\/202547"}],"wp:attachment":[{"href":"https:\/\/www.europesays.com\/cz\/wp-json\/wp\/v2\/media?parent=202546"}],"wp:term":[{"taxonomy":"category","embeddable":true,"href":"https:\/\/www.europesays.com\/cz\/wp-json\/wp\/v2\/categories?post=202546"},{"taxonomy":"post_tag","embeddable":true,"href":"https:\/\/www.europesays.com\/cz\/wp-json\/wp\/v2\/tags?post=202546"}],"curies":[{"name":"wp","href":"https:\/\/api.w.org\/{rel}","templated":true}]}}