{"id":202552,"date":"2026-09-04T10:29:11","date_gmt":"2026-09-04T10:29:11","guid":{"rendered":"https:\/\/www.europesays.com\/cz\/202552\/"},"modified":"2026-09-04T10:29:11","modified_gmt":"2026-09-04T10:29:11","slug":"bereme-vazne-ruske-hrozby-novinky","status":"publish","type":"post","link":"https:\/\/www.europesays.com\/cz\/202552\/","title":{"rendered":"Bereme v\u00e1\u017en\u011b rusk\u00e9 hrozby? &#8211; Novinky"},"content":{"rendered":"<p class=\"c_bB\">Kdyby v\u00fdbu\u0161nina v\u00a0dronu nalezen\u00e9m na n\u011bmeck\u00e9m leti\u0161ti vybuchla, \u0161kody by byly zna\u010dn\u00e9. Nen\u00ed to v\u0161ak jedin\u00e1 akce spojovan\u00e1 s\u00a0Ruskem, rusk\u00e1 stopa se ukazuje i\u00a0u n\u011bkter\u00fdch po\u017e\u00e1r\u016f nebo exploz\u00ed v\u00a0muni\u010dn\u00edch tov\u00e1rn\u00e1ch po cel\u00e9 Evrop\u011b.<\/p>\n<p class=\"c_bB\">Vl\u00e1da incident v\u00a0Lipsku odsoudila, ministr zahrani\u010d\u00ed si p\u0159edvolal ruskou velvyslankyni, ale je ot\u00e1zka, nakolik se zm\u011bn\u00ed p\u0159\u00edstup sou\u010dasn\u00e9 vl\u00e1dy k\u00a0rusk\u00e9 hrozb\u011b, kdy\u017e ji p\u0159edstavitel\u00e9 koali\u010dn\u00ed SPD marginalizuj\u00ed.<\/p>\n<p class=\"c_bB\">Vl\u00e1da ani nem\u00edn\u00ed navy\u0161ovat v\u00fddaje na obranu nad dv\u011b procenta, by\u0165 Rusko zesiluje \u00fatoky na Ukrajinu balistick\u00fdmi raketami a\u00a0dokonalej\u0161\u00edmi drony i\u00a0st\u0159elami s\u00a0plochou dr\u00e1hou letu.<\/p>\n<p class=\"c_bB\">K podpo\u0159e Ukrajiny vl\u00e1da st\u00e1le zauj\u00edm\u00e1 obez\u0159etn\u00fd postoj, za to nadb\u00edh\u00e1 \u010c\u00edn\u011b, kter\u00e1 podporuje ve v\u00e1lce Rusko.<\/p>\n<p><a data-dot=\"atm-link\" target=\"_self\" href=\"https:\/\/www.novinky.cz\/clanek\/zahranicni-evropa-nemecka-policie-vysetruje-dalsi-pripad-utoku-na-elektrickou-stanici-40595975\" class=\"c_I\" rel=\"nofollow noopener\"><img fetchpriority=\"high\" height=\"2214\" width=\"3936\" src=\"https:\/\/www.europesays.com\/cz\/wp-content\/uploads\/2026\/09\/1788517751_604_policie-nemecko.jpeg\" loading=\"eager\" decoding=\"sync\" class=\"c_t c_r\"\/><\/a><\/p>\n","protected":false},"excerpt":{"rendered":"Kdyby v\u00fdbu\u0161nina v\u00a0dronu nalezen\u00e9m na n\u011bmeck\u00e9m leti\u0161ti vybuchla, \u0161kody by byly zna\u010dn\u00e9. Nen\u00ed to v\u0161ak jedin\u00e1 akce spojovan\u00e1&hellip;\n","protected":false},"author":2,"featured_media":202553,"comment_status":"","ping_status":"","sticky":false,"template":"","format":"standard","meta":{"footnotes":"","_share_on_mastodon":"0"},"categories":[10],"tags":[266,43,353,464,17,21,13390,16,6152,61,18,19,22,56,20],"class_list":["post-202552","post","type-post","status-publish","format-standard","has-post-thumbnail","category-zpravy","tag-andrej-babis","tag-ceska-republika","tag-dronovy-utok","tag-drony","tag-headlines","tag-hlavni-udalosti","tag-lipsko","tag-news","tag-podcast-zbytecna-valka","tag-rusko","tag-top-news","tag-top-stories","tag-udalosti-dne","tag-valka-rusko-ukrajina","tag-zpravy"],"share_on_mastodon":{"url":"https:\/\/pubeurope.com\/@cz\/117212306929789923","error":""},"_links":{"self":[{"href":"https:\/\/www.europesays.com\/cz\/wp-json\/wp\/v2\/posts\/202552","targetHints":{"allow":["GET"]}}],"collection":[{"href":"https:\/\/www.europesays.com\/cz\/wp-json\/wp\/v2\/posts"}],"about":[{"href":"https:\/\/www.europesays.com\/cz\/wp-json\/wp\/v2\/types\/post"}],"author":[{"embeddable":true,"href":"https:\/\/www.europesays.com\/cz\/wp-json\/wp\/v2\/users\/2"}],"replies":[{"embeddable":true,"href":"https:\/\/www.europesays.com\/cz\/wp-json\/wp\/v2\/comments?post=202552"}],"version-history":[{"count":0,"href":"https:\/\/www.europesays.com\/cz\/wp-json\/wp\/v2\/posts\/202552\/revisions"}],"wp:featuredmedia":[{"embeddable":true,"href":"https:\/\/www.europesays.com\/cz\/wp-json\/wp\/v2\/media\/202553"}],"wp:attachment":[{"href":"https:\/\/www.europesays.com\/cz\/wp-json\/wp\/v2\/media?parent=202552"}],"wp:term":[{"taxonomy":"category","embeddable":true,"href":"https:\/\/www.europesays.com\/cz\/wp-json\/wp\/v2\/categories?post=202552"},{"taxonomy":"post_tag","embeddable":true,"href":"https:\/\/www.europesays.com\/cz\/wp-json\/wp\/v2\/tags?post=202552"}],"curies":[{"name":"wp","href":"https:\/\/api.w.org\/{rel}","templated":true}]}}