{"id":202578,"date":"2026-09-04T10:55:21","date_gmt":"2026-09-04T10:55:21","guid":{"rendered":"https:\/\/www.europesays.com\/cz\/202578\/"},"modified":"2026-09-04T10:55:21","modified_gmt":"2026-09-04T10:55:21","slug":"komentar-situace-je-vazna-ukazuje-lipsko-alex-svamberk","status":"publish","type":"post","link":"https:\/\/www.europesays.com\/cz\/202578\/","title":{"rendered":"KOMENT\u00c1\u0158: Situace je v\u00e1\u017en\u00e1, ukazuje Lipsko &#8211; Alex \u0160vamberk"},"content":{"rendered":"<p class=\"c_bB\">Za \u201ealarmuj\u00edc\u00ed\u201c ozna\u010dil zji\u0161t\u011bn\u00ed ohledn\u011b dron\u016f v\u00a0Lipsku ministr zahrani\u010d\u00ed Petr Macinka, kter\u00fd rozhodn\u011b nen\u00ed vyd\u011b\u0161en\u00fd pla\u0161mu\u0161ka. Otev\u0159en\u011b varoval, \u017ee zji\u0161t\u011bn\u00ed nejdou br\u00e1t na lehkou v\u00e1hu. Macinka si v\u00a0p\u0159\u00edpad\u011b Ruska ov\u0161em nikdy nenasazoval r\u016f\u017eov\u00e9 br\u00fdle.<\/p>\n<p class=\"c_bB\">Nakonec oto\u010dil i\u00a0premi\u00e9r Andrej Babi\u0161, kdy\u017e zd\u016fraznil v\u00e1\u017enost situace. Je\u0161t\u011b ned\u00e1vno si p\u0159itom st\u011b\u017eoval, \u017ee se m\u00e1lo mluv\u00ed o\u00a0m\u00edru. On p\u0159ece nen\u00ed v\u00e1le\u010dn\u00edk, chce m\u00edr, tak\u017ee by se m\u011blo jednat, ov\u0161em rad\u011bji bez Evropy.<\/p>\n<p class=\"c_bB\">V jednom m\u011bl p\u0159edseda vl\u00e1dy pravdu. O\u00a0m\u00edru se nemluv\u00ed. Nen\u00ed d\u016fvod. Rusko nejen stup\u0148uje sv\u00e9 provokace v\u016f\u010di Z\u00e1padu. Ukrajinu tak\u00e9 zasyp\u00e1v\u00e1 st\u00e1le v\u011bt\u0161\u00edm mno\u017estv\u00edm raket a\u00a0st\u0159el i\u00a0bomb a\u00a0\u017eene dal\u0161\u00ed a\u00a0dal\u0161\u00ed mu\u017ee na smrt, aby bylo Rusko o\u00a0kousek v\u011bt\u0161\u00ed.<\/p>\n<p><a data-dot=\"atm-link\" target=\"_self\" href=\"https:\/\/www.novinky.cz\/clanek\/zahranicni-evropa-nemecka-policie-vysetruje-dalsi-pripad-utoku-na-elektrickou-stanici-40595975\" class=\"c_I\" rel=\"nofollow noopener\"><img fetchpriority=\"high\" height=\"2214\" width=\"3936\" src=\"https:\/\/www.europesays.com\/cz\/wp-content\/uploads\/2026\/09\/1788519319_469_policie-nemecko.jpeg\" loading=\"eager\" decoding=\"sync\" class=\"c_t c_r\"\/><\/a><\/p>\n<p class=\"c_bB\">Babi\u0161 by si m\u011bl st\u011b\u017eovat v\u00a0Kremlu, kde by neusp\u011bl. Tohle v\u00a0Moskv\u011b sly\u0161et necht\u011bj\u00ed, konvenuj\u00ed jim jen vyj\u00e1d\u0159en\u00ed, \u017ee \u010cesko ned\u00e1 na zbran\u011b na Ukrajinu ani hal\u00ed\u0159. To toti\u017e mohou ukazovat, \u017ee Evropa nen\u00ed a\u017e tak jednotn\u00e1 a\u00a0t\u011b\u0161it se, \u017ee Ukrajinci budou m\u00edt m\u00e9n\u011b zbran\u00ed.<\/p>\n<p class=\"c_bB\">Rusk\u00e9 veden\u00ed pochopilo, \u017ee jeho podm\u00ednky m\u00edru, tedy kapitulaci Ukrajiny, nikdo nep\u0159ijme. Rozhodlo se proto dov\u00e9st v\u00e1lku do v\u00edt\u011bzn\u00e9ho konce s\u00a0pocitem, \u017ee Rusko nem\u016f\u017ee prohr\u00e1t, proto\u017ee \u201enas mnogo\u201c.<\/p>\n<p class=\"c_bB\">Ot\u00e1zkou je, jestli ale Babi\u0161 u\u010din\u00ed n\u011bjak\u00e9 re\u00e1ln\u00e9 kroky, proto\u017ee on by p\u0159ece rad\u011bji obchodoval, aby bohatli v\u0161ichni. Koncept, \u017ee Rusko bude dod\u00e1vat levn\u00e9 energie a\u00a0Evropa v\u00a0\u010dele s\u00a0N\u011bmeckem mu poskytne technologie, Vladimir Putin opakovan\u011b odm\u00edtl, kdy\u017e v\u00a0roce 2008\u00a0napadl Gruzii, o\u00a0\u0161est let pozd\u011bji ovl\u00e1dl Krym a\u00a0nakonec zah\u00e1jil v\u00a0roce 2022\u00a0velkou invazi na Ukrajinu. Rusk\u00e9mu prezidentovi nejde blahobyt a\u00a0bohatstv\u00ed vlastn\u00ed zem\u011b, ale o\u00a0roz\u0161i\u0159ov\u00e1n\u00ed imp\u00e9ria.<\/p>\n<p class=\"c_bB\">Ot\u00e1zkou je jestli n\u00e1\u0161 premi\u00e9r vyvod\u00ed n\u011bjak\u00e9 d\u016fsledky. Zbran\u011b jsou drah\u00e9 a\u00a0v\u00fddaje na n\u011b p\u016fsob\u00ed jako nejzbyte\u010dn\u011bj\u0161\u00ed &#8211; dokud nejsou pot\u0159eba, nap\u0159\u00edklad k\u00a0odstra\u0161en\u00ed. Babi\u0161 sice se sk\u0159\u00edp\u011bn\u00edm zub\u016f vy\u010dle\u0148uje v\u00a0rozpo\u010dtu na obranu dv\u011b procenta, kter\u00e1 nedok\u00e1zala vydat ani p\u0159edchoz\u00ed vl\u00e1da, ov\u0161em ani o\u00a0\u0148 v\u00edc, proto\u017ee je tu tolik voli\u010dsk\u00fdch skupin, kter\u00e9 si pot\u0159ebuje kupovat. Nab\u00edz\u00ed jim drobky ze stolu v\u00fdm\u011bnou za zadlu\u017een\u00ed zem\u011b.<\/p>\n<p><a data-dot=\"atm-link\" target=\"_self\" href=\"https:\/\/www.novinky.cz\/clanek\/domaci-situace-je-vazna-tvrdi-babis-po-incidentech-v-nemecku-40595670\" class=\"c_I\" rel=\"nofollow noopener\"><img height=\"2304\" width=\"4096\" src=\"https:\/\/www.europesays.com\/cz\/wp-content\/uploads\/2026\/09\/1788519320_278_6799.jpeg\" loading=\"eager\" decoding=\"sync\" class=\"c_t c_r\"\/><\/a><\/p>\n<p class=\"c_bB\">P\u0159edstava, jak se na\u0161\u00ed \u010cesk\u00e9 kotlin\u011b v\u0161e vyhne a\u00a0budeme prosperovat, zat\u00edmco nap\u011bt\u00ed ve sv\u011bt\u011b poroste, je iluzorn\u00ed.  Dob\u011b globalizace odzvonilo a\u00a0nap\u011bt\u00ed ve sv\u011bt\u011b roste. Nakonec proti sob\u011b budou, jako v\u017edy, nakonec st\u00e1t dva bloky. Ka\u017ed\u00fd se bu\u010f p\u0159id\u00e1 k\u00a0jednomu nebo k\u00a0druh\u00e9mu, proto\u017ee osamocen\u00fd nebude m\u00edt \u0161anci, jako ji nem\u011bla Belgie za prvn\u00ed sv\u011btov\u00e9 v\u00e1lky.<\/p>\n<p class=\"c_bB\">Konflikt p\u0159itom nen\u00ed \u010dist\u011b vojensk\u00fdm soupe\u0159en\u00edm, kdo m\u00e1 v\u011bt\u0161\u00ed svaly, ale jde o\u00a0konflikt ideologick\u00fd. Rusko mluv\u00ed nejen o\u00a0nacistick\u00e9 Ukrajin\u011b, cel\u00e1 Evropa je podle n\u011bj nacistick\u00e1, v\u00e1lkychtiv\u00e1 a\u00a0zdegenerovan\u00e1. Pro despocie, jako byl Sov\u011btsk\u00fd svaz nebo je Rusko, je demokracie apriorn\u00ed hrozbou. Pop\u00edr\u00e1 toti\u017e koncept, na kter\u00e9m stoj\u00ed.<\/p>\n<p class=\"c_bB\">V takov\u00e9 dob\u011b je hloup\u00e9 namlouvat si lidovou \u010c\u00ednu, kterou beztak nikdy nezaj\u00edmalo u\u00a0n\u00e1s investovat. Cht\u011bla jen z\u00edskat dal\u0161\u00ed potvrzen\u00ed, \u017ee \u010c\u00edna je jen jedna a\u00a0tedy, \u017ee Tibet a\u00a0Hongkong i\u00a0Tchaj-wan jsou jej\u00ed ned\u00edlnou sou\u010d\u00e1st\u00ed. Ministr obrany Jarom\u00edr Z\u016fna nem\u00e1 co jezdit do Pekingu, kter\u00fd ve v\u00e1lce na Ukrajin\u011b podporuje Rusko.<\/p>\n<p class=\"c_bB\">Stejn\u011b hloup\u00e9 je \u0161\u00ed\u0159it spikleneck\u00e9 hypot\u00e9zy, \u017ee vzhledem k\u00a0na\u010dasov\u00e1n\u00ed jde o\u00a0snahu oslabit p\u0159ed volbami AfD. Ono je pravd\u011bpodobn\u00e9, \u017ee jde o\u00a0snahu ovlivnit volby, ov\u0161em ze strany Ruska, kter\u00e9 je v\u017edy r\u00e1do naru\u0161uje, kde jen m\u016f\u017ee. S\u00e1z\u00ed na destabilizaci.<\/p>\n<p><a data-dot=\"atm-link\" target=\"_self\" href=\"https:\/\/www.novinky.cz\/clanek\/zahranicni-evropa-nemecti-vysetrovatele-identifikovali-podezrele-z-utoku-na-letiste-v-lipsku-40595688\" class=\"c_I\" rel=\"nofollow noopener\"><img height=\"1080\" width=\"1920\" src=\"https:\/\/www.europesays.com\/cz\/wp-content\/uploads\/2026\/09\/1788519321_156_lipsko-halle-lipsko-nemecko-letadlo-letiste-dron.jpeg\" loading=\"eager\" decoding=\"sync\" class=\"c_t c_r\"\/><\/a><\/p>\n","protected":false},"excerpt":{"rendered":"Za \u201ealarmuj\u00edc\u00ed\u201c ozna\u010dil zji\u0161t\u011bn\u00ed ohledn\u011b dron\u016f v\u00a0Lipsku ministr zahrani\u010d\u00ed Petr Macinka, kter\u00fd rozhodn\u011b nen\u00ed vyd\u011b\u0161en\u00fd pla\u0161mu\u0161ka. Otev\u0159en\u011b varoval,&hellip;\n","protected":false},"author":2,"featured_media":202579,"comment_status":"","ping_status":"","sticky":false,"template":"","format":"standard","meta":{"footnotes":"","_share_on_mastodon":"0"},"categories":[11],"tags":[266,464,138,533,13390,418,54,53,52],"class_list":["post-202578","post","type-post","status-publish","format-standard","has-post-thumbnail","category-svet","tag-andrej-babis","tag-drony","tag-komentare","tag-letiste","tag-lipsko","tag-petr-macinka","tag-svet","tag-world","tag-world-news"],"share_on_mastodon":{"url":"https:\/\/pubeurope.com\/@cz\/117212409478391695","error":""},"_links":{"self":[{"href":"https:\/\/www.europesays.com\/cz\/wp-json\/wp\/v2\/posts\/202578","targetHints":{"allow":["GET"]}}],"collection":[{"href":"https:\/\/www.europesays.com\/cz\/wp-json\/wp\/v2\/posts"}],"about":[{"href":"https:\/\/www.europesays.com\/cz\/wp-json\/wp\/v2\/types\/post"}],"author":[{"embeddable":true,"href":"https:\/\/www.europesays.com\/cz\/wp-json\/wp\/v2\/users\/2"}],"replies":[{"embeddable":true,"href":"https:\/\/www.europesays.com\/cz\/wp-json\/wp\/v2\/comments?post=202578"}],"version-history":[{"count":0,"href":"https:\/\/www.europesays.com\/cz\/wp-json\/wp\/v2\/posts\/202578\/revisions"}],"wp:featuredmedia":[{"embeddable":true,"href":"https:\/\/www.europesays.com\/cz\/wp-json\/wp\/v2\/media\/202579"}],"wp:attachment":[{"href":"https:\/\/www.europesays.com\/cz\/wp-json\/wp\/v2\/media?parent=202578"}],"wp:term":[{"taxonomy":"category","embeddable":true,"href":"https:\/\/www.europesays.com\/cz\/wp-json\/wp\/v2\/categories?post=202578"},{"taxonomy":"post_tag","embeddable":true,"href":"https:\/\/www.europesays.com\/cz\/wp-json\/wp\/v2\/tags?post=202578"}],"curies":[{"name":"wp","href":"https:\/\/api.w.org\/{rel}","templated":true}]}}