{"id":202580,"date":"2026-09-04T10:56:19","date_gmt":"2026-09-04T10:56:19","guid":{"rendered":"https:\/\/www.europesays.com\/cz\/202580\/"},"modified":"2026-09-04T10:56:19","modified_gmt":"2026-09-04T10:56:19","slug":"skopecek-koalice-zlobi-aby-si-zachovala-kvuli-rozpoctu-tvar-okamura-utocil-na-ukrajince","status":"publish","type":"post","link":"https:\/\/www.europesays.com\/cz\/202580\/","title":{"rendered":"Skope\u010dek: Koalice zlob\u00ed, aby si zachovala kv\u016fli rozpo\u010dtu tv\u00e1\u0159. Okamura \u00fato\u010dil na Ukrajince"},"content":{"rendered":"<p>\n                        Koali\u010dn\u00ed strany schodek st\u00e1tn\u00edho rozpo\u010dtu nezaj\u00edm\u00e1, p\u0159ed voli\u010di se akor\u00e1t sna\u017e\u00ed udr\u017eet tv\u00e1\u0159. \u010casu jednat o v\u00fddaj\u00edch resort\u016f m\u011bli podle poslance ODS Jana Skope\u010dka minist\u0159i dostatek. Podle p\u0159edsedy Poslaneck\u00e9 sn\u011bmovny Tomia Okamury nemaj\u00ed minist\u0159i za SPD ji\u017e kde \u0161et\u0159it. Osobn\u011b by \u0161krtal v oblasti d\u00e1vek pro ukrajinsk\u00e9 uprchl\u00edky a v podpo\u0159e \u010d\u00e1sti neziskovek.\n                    <\/p>\n<p>\u201eMinist\u0159i cel\u00e9 l\u00e9to spali nebo byli na dovolen\u00e9. Schodek rozpo\u010dtu m\u011bli \u0159e\u0161it d\u0159\u00edv. Koalici rozpo\u010det nezaj\u00edm\u00e1, zlob\u00ed, aby si zachovala tv\u00e1\u0159. Zhrozila se reakce m\u00e9di\u00ed a odborn\u00e9 ve\u0159ejnosti,\u201c uvedl ve vys\u00edl\u00e1n\u00ed po\u0159adu 360\u00b0 na CNN Prima NEWS Skope\u010dek. Vl\u00e1da se podle n\u011bj zm\u016f\u017ee maxim\u00e1ln\u011b na kosmetick\u00e9 \u00fapravy deficitu. Okamura \u0159ekl, \u017ee bude koalice jednat. O kolik p\u0159esn\u011b chce deficit sn\u00ed\u017eit, ov\u0161em neuvedl.<\/p>\n<p>\u010cT\u011aTE TAK\u00c9: <a target=\"_blank\" href=\"https:\/\/cnn.iprima.cz\/okamura-chce-vyssi-duchody-nez-schillerova-naznacil-castku-prozradil-kde-skrtat-v-rozpoctu-520818\" rel=\"nofollow noopener\">Okamura chce vy\u0161\u0161\u00ed d\u016fchody ne\u017e Schillerov\u00e1, nazna\u010dil \u010d\u00e1stku. Prozradil, kde \u0161krtat v rozpo\u010dtu<\/a><\/p>\n<p>\u201eMy chceme zru\u0161it d\u00e1vky Ukrajinc\u016fm, t\u00edm si p\u0159ijdeme na 8 miliard korun. Nev\u00edm, kolik p\u0159esn\u011b celkem zvl\u00e1dneme u\u0161et\u0159it, ale mus\u00edme jednat,\u201c \u0159ekl p\u0159edseda SPD. Zd\u016fraznil, \u017ee Ukrajinci v \u010cesku podle n\u011bj \u017eij\u00ed na \u00fakor tuzemsk\u00fdch obyvatel. Se schodkem pr\u00fd nesouhlas\u00ed. \u201eNejsem s n\u00edm spokojen\u00fd,\u201c uvedl. SPD podle n\u011bj bude o rozpo\u010dtu vyjedn\u00e1vat tvrd\u011b.<\/p>\n<p>Okamura ov\u0161em z\u00e1rove\u0148 uvedl, \u017ee resorty, kter\u00e9 m\u00e1 na starost SPD, ji\u017e nemaj\u00ed kde \u0161et\u0159it. \u201eMus\u00edme hledat pen\u00edze, ale na\u0161e ministerstva u\u017e ud\u011blala, co mohla. \u0160et\u0159it se tak mus\u00ed jinde,\u201c tvrdil Okamura. Jednou mo\u017enost\u00ed by podle n\u011bj bylo zastaven\u00ed finan\u010dn\u00ed podpory \u201eideologicky orientovan\u00fdm neziskovk\u00e1m\u201c. P\u0159edseda Poslaneck\u00e9 sn\u011bmovny pot\u00e9 znovu \u00fato\u010dil na minulou vl\u00e1du, podle n\u011bj kabinet Andreje Babi\u0161e (ANO) toti\u017e st\u00e1le dopl\u00e1c\u00ed na jej\u00ed chyby.<\/p>\n<p>Skope\u010dek mu p\u0159ipomn\u011bl, \u017ee v \u010cesku je moment\u00e1ln\u011b ekonomika na vzestupu. \u201eMy jsme v\u00e1m p\u0159edali zemi, kter\u00e1 ekonomicky prosperuje, a vy na n\u00e1s shazujete sv\u00e9 chyby. Poda\u0159ilo se v\u00e1m vytvo\u0159it druh\u00fd nejvy\u0161\u0161\u00ed schodek, a to ani\u017e byste se pot\u00fdkali s jakoukoli v\u00fdraznou kriz\u00ed,\u201c kritizoval Skope\u010dek.<\/p>\n<p class=\"intro-title-mobile\">\n        \u010ct\u011bte tak\u00e9\n    <\/p>\n<p>        <a href=\"https:\/\/cnn.iprima.cz\/opozice-se-kvuli-rozpoctovym-pravidlum-obrati-na-ustavni-soud-chteji-zrusit-cast-noveho-zakona-520837\" class=\"image-link\" rel=\"nofollow noopener\" target=\"_blank\"><\/p>\n<p>            <img decoding=\"async\" loading=\"lazy\" class=\"image\" src=\"https:\/\/www.europesays.com\/cz\/wp-content\/uploads\/2026\/09\/60eb2248080a21da90099f20e7feced0.jpg\" alt=\"P\u0159edsedov\u00e9 opozi\u010dn\u00edch stran zleva V\u00edt Raku\u0161an (STAN), Zden\u011bk H\u0159ib (Pir\u00e1ti), Mat\u011bj Ond\u0159ej Havel (TOP 09), Marek V\u00fdborn\u00fd (KDU-\u010cSL) a Martin Kupka (ODS) na tiskov\u00e9 konferenci\"\/><\/p>\n<p>            <\/a><\/p>\n<p class=\"intro-title-desktop\">\n            \u010ct\u011bte tak\u00e9\n        <\/p>\n<p>                <a href=\"https:\/\/cnn.iprima.cz\/opozice-se-kvuli-rozpoctovym-pravidlum-obrati-na-ustavni-soud-chteji-zrusit-cast-noveho-zakona-520837\" class=\"title-link\" rel=\"nofollow noopener\" target=\"_blank\"><\/p>\n<p class=\"title\">\n                Opozice se kv\u016fli rozpo\u010dtov\u00fdm pravidl\u016fm obr\u00e1t\u00ed na \u00dastavn\u00ed soud. Chce zru\u0161it \u010d\u00e1st nov\u00e9ho z\u00e1kona\n            <\/p>\n<p>        <\/a><\/p>\n<p>                                                                                                3. z\u00e1\u0159 2026, 10:26<\/p>\n<p>                6 min \u010dten\u00ed<\/p>\n<p>Schodek 389 miliard, kter\u00fd minul\u00fd t\u00fdden p\u0159edstavila ministryn\u011b financ\u00ed Alena Schillerov\u00e1 (ANO), je druh\u00fdm nejvy\u0161\u0161\u00edm v historii \u010cesk\u00e9 republiky. P\u0159ev\u00fd\u0161il jej pouze rozpo\u010det z roku 2021, kter\u00fd \u010dinil 419 miliard. Tehdy se ov\u0161em Babi\u0161\u016fv kabinet pot\u00fdkal s pandemi\u00ed covidu-19. <a target=\"_blank\" href=\"https:\/\/cnn.iprima.cz\/schillerova-ministr-financi-neni-od-toho-aby-nekomu-delal-radost-k-vyssim-danim-ale-nemirime-520756\" rel=\"nofollow noopener\">Schillerov\u00e1 ve st\u0159ede\u010dn\u00edm po\u0159adu K v\u011bci <\/a>na CNN Prima NEWS uvedla, \u017ee uv\u00edt\u00e1 ka\u017ed\u00fd konsolida\u010dn\u00ed n\u00e1vrh, v\u00fdrazn\u00e9 sn\u00ed\u017een\u00ed deficitu ov\u0161em neo\u010dek\u00e1v\u00e1.<\/p>\n<p>MOHLO V\u00c1M UNIKNOUT: <a target=\"_blank\" href=\"https:\/\/cnn.iprima.cz\/budeme-muset-zvysovat-nektere-dane-pripustila-schillerova-konsolidovat-chce-az-o-120-miliard-520628\" rel=\"nofollow noopener\">Budeme muset zv\u00fd\u0161it n\u011bkter\u00e9 dan\u011b, p\u0159ipustila Schillerov\u00e1. Nazna\u010dila, za co si \u010ce\u0161i p\u0159iplat\u00ed<\/a><\/p>\n<p class=\"!text-semibold-14-14 !text-black mb-0 mt-2\">\n                Kry\u0161tof studuje na Pedagogick\u00e9 fakult\u011b a Fakult\u011b soci\u00e1ln\u00edch v\u011bd Univerzity Karlovy. V\u011bnuje se sportu, kultu\u0159e a sou\u010dasn\u00e9mu d\u011bn\u00ed. Za\u010d\u00ednal jako hudebn\u00ed redaktor zam\u011b\u0159uj\u00edc\u00ed se na alternativn\u00ed hudbu. Jako redaktor CNN Prima NEWS p\u016fsob\u00ed od listopadu 2025. (Krystof.Prchlik@iprima.cz)\n            <\/p>\n","protected":false},"excerpt":{"rendered":"Koali\u010dn\u00ed strany schodek st\u00e1tn\u00edho rozpo\u010dtu nezaj\u00edm\u00e1, p\u0159ed voli\u010di se akor\u00e1t sna\u017e\u00ed udr\u017eet tv\u00e1\u0159. \u010casu jednat o v\u00fddaj\u00edch resort\u016f&hellip;\n","protected":false},"author":2,"featured_media":202581,"comment_status":"","ping_status":"","sticky":false,"template":"","format":"standard","meta":{"footnotes":"","_share_on_mastodon":"0"},"categories":[7],"tags":[297,266,43,42,41,40,46059,15801,173,5431,174,3086,137,3839,1838,964],"class_list":["post-202580","post","type-post","status-publish","format-standard","has-post-thumbnail","category-cesko","tag-alena-schillerova","tag-andrej-babis","tag-ceska-republika","tag-cesko","tag-czech-republic","tag-czechia","tag-deficit-statniho-rozpoctu","tag-jan-skopecek","tag-ods","tag-politicke-strany","tag-politika","tag-poslanecka-snemovna-cr","tag-rozpocet","tag-svoboda-a-prima-demokracie","tag-tomio-okamura","tag-vlada"],"share_on_mastodon":{"url":"https:\/\/pubeurope.com\/@cz\/117212413461050875","error":""},"_links":{"self":[{"href":"https:\/\/www.europesays.com\/cz\/wp-json\/wp\/v2\/posts\/202580","targetHints":{"allow":["GET"]}}],"collection":[{"href":"https:\/\/www.europesays.com\/cz\/wp-json\/wp\/v2\/posts"}],"about":[{"href":"https:\/\/www.europesays.com\/cz\/wp-json\/wp\/v2\/types\/post"}],"author":[{"embeddable":true,"href":"https:\/\/www.europesays.com\/cz\/wp-json\/wp\/v2\/users\/2"}],"replies":[{"embeddable":true,"href":"https:\/\/www.europesays.com\/cz\/wp-json\/wp\/v2\/comments?post=202580"}],"version-history":[{"count":0,"href":"https:\/\/www.europesays.com\/cz\/wp-json\/wp\/v2\/posts\/202580\/revisions"}],"wp:featuredmedia":[{"embeddable":true,"href":"https:\/\/www.europesays.com\/cz\/wp-json\/wp\/v2\/media\/202581"}],"wp:attachment":[{"href":"https:\/\/www.europesays.com\/cz\/wp-json\/wp\/v2\/media?parent=202580"}],"wp:term":[{"taxonomy":"category","embeddable":true,"href":"https:\/\/www.europesays.com\/cz\/wp-json\/wp\/v2\/categories?post=202580"},{"taxonomy":"post_tag","embeddable":true,"href":"https:\/\/www.europesays.com\/cz\/wp-json\/wp\/v2\/tags?post=202580"}],"curies":[{"name":"wp","href":"https:\/\/api.w.org\/{rel}","templated":true}]}}