{"id":202582,"date":"2026-09-04T10:57:12","date_gmt":"2026-09-04T10:57:12","guid":{"rendered":"https:\/\/www.europesays.com\/cz\/202582\/"},"modified":"2026-09-04T10:57:12","modified_gmt":"2026-09-04T10:57:12","slug":"policiste-dopadli-cleny-kolobezkoveho-gangu-ktery-v-praze-odpaloval-bankomaty","status":"publish","type":"post","link":"https:\/\/www.europesays.com\/cz\/202582\/","title":{"rendered":"Policist\u00e9 dopadli \u010dleny kolob\u011b\u017ekov\u00e9ho gangu, kter\u00fd v\u00a0Praze odpaloval bankomaty"},"content":{"rendered":"<p class=\"c_bB\">Za\u010d\u00e1tkem kv\u011btna pachatel\u00e9 v\u00a0Dobronick\u00e9 ulici v\u00a0pra\u017esk\u00fdch Kunratic\u00edch odp\u00e1lili pomoc\u00ed trhaviny bankomat. V\u00fdbuch tak\u00e9 poni\u010dil \u0159adu v\u00fdloh v\u00a0okol\u00ed.<\/p>\n<p class=\"c_bB\">Z bankomatu odcizili schr\u00e1nku s\u00a0pen\u011bzi, ve kter\u00e9 se nach\u00e1zelo 300\u00a0tis\u00edc korun. Ihned po \u010dinu pachatel\u00e9 z\u00a0m\u00edsta odjeli na elektrick\u00fdch kolob\u011b\u017ek\u00e1ch nezn\u00e1mo kam.<\/p>\n<p class=\"c_bB\">\u201eNezn\u00e1m\u00ed pachatel\u00e9 sv\u00fdm jedn\u00e1n\u00edm zp\u016fsobili celkovou \u0161kodu p\u0159esahuj\u00edc\u00ed dev\u011bt set tis\u00edc korun,\u201c uvedl tiskov\u00fd mluv\u010d\u00ed pra\u017esk\u00e9 policie Richard Hrdina.<\/p>\n<p><a data-dot=\"atm-link\" target=\"_self\" href=\"https:\/\/www.novinky.cz\/clanek\/krimi-na-prazskem-opatove-odpalili-zlodeji-vybusninami-dva-bankomaty-40571528\" class=\"c_I\" rel=\"nofollow noopener\"><img fetchpriority=\"high\" height=\"2160\" width=\"3840\" src=\"https:\/\/www.europesays.com\/cz\/wp-content\/uploads\/2026\/09\/chodov-bankomaty-loupez-vybusnina.jpeg\" loading=\"eager\" decoding=\"sync\" class=\"c_t c_r\"\/><\/a><\/p>\n<p class=\"c_bB\">P\u0159\u00edpadem se za\u010dali zab\u00fdvat kriminalist\u00e9 z\u00a01.\u00a0odd\u011blen\u00ed, ti toti\u017e ji\u017e vy\u0161et\u0159ovali obdobn\u00fd p\u0159\u00edpad ze za\u010d\u00e1tku dubna. <\/p>\n<p class=\"c_bB\">V Opatovsk\u00e9 ulici na Ji\u017en\u00edm m\u011bst\u011b pachatel\u00e9 stejn\u00fdm zp\u016fsobem odp\u00e1lili dva bankomaty a\u00a0z m\u00edsta \u010dinu se i\u00a0v tomto p\u0159\u00edpad\u011b rozhodli ut\u00e9ct na elektrick\u00fdch kolob\u011b\u017ek\u00e1ch.<\/p>\n<p class=\"c_bB\">Mu\u017ee se poda\u0159ilo o\u00a0t\u00fdden pozd\u011bji zadr\u017eet. D\u00edky stejn\u00e9mu modu operandi kriminalist\u00e9 pracovali s\u00a0variantou, \u017ee spolu oba p\u0159\u00edpady mohou souviset a\u00a0pachatel\u00e9 mohou b\u00fdt \u010dleny jednoho gangu. \u201eN\u00e1sledn\u00fdm podrobn\u011bj\u0161\u00edm rozpracov\u00e1n\u00edm byly zji\u0161t\u011bny dal\u0161\u00ed okolnosti, kter\u00e9 oba skutky navz\u00e1jem propojovaly,\u201c doplnil Hrdina.<\/p>\n<p class=\"c_bB\">Rozhovor s\u00a0vedouc\u00edm I. odd\u011blen\u00ed pra\u017esk\u00e9 krimin\u00e1lky Video: Pavel Ja\u0148urek, Novinky<\/p>\n<p class=\"c_bB\">Kriminalist\u016fm se povedlo jednoho podez\u0159el\u00e9ho z\u00a0kr\u00e1de\u017ee v\u00a0Kunratic\u00edch ztoto\u017enit a\u00a0za pomoci koleg\u016f z\u00a0Rumunska n\u00e1sledn\u011b ztoto\u017enili i\u00a0dal\u0161\u00edho podez\u0159el\u00e9ho.<\/p>\n<p class=\"c_bB\">\u201eV polovin\u011b \u010dervna 2026\u00a0do\u0161lo v\u00a0Bratislav\u011b k\u00a0dal\u0161\u00edm dv\u011bma v\u00fdbuch\u016fm bankomat\u016f, kdy se podle zp\u016fsobu proveden\u00ed a\u00a0tak\u00e9 popisu pachatel\u016f tyto skutky shodovaly s\u00a0t\u00edm, kter\u00fd byl sp\u00e1ch\u00e1n v\u00a0Kunratic\u00edch,\u201c uvedl Hrdina.<\/p>\n<p><a data-dot=\"atm-link\" target=\"_self\" href=\"https:\/\/www.novinky.cz\/clanek\/krimi-zlodeji-v-obchodnim-centru-v-praze-nad-ranem-odpalili-bankomat-40577030\" class=\"c_I\" rel=\"nofollow noopener\"><img height=\"2304\" width=\"4096\" src=\"https:\/\/www.europesays.com\/cz\/wp-content\/uploads\/2026\/09\/bankomat-praha-4-vybuch-policie.mpo.jpeg\" loading=\"eager\" decoding=\"sync\" class=\"c_t c_r\"\/><\/a><\/p>\n<p class=\"c_bB\">Z tohoto d\u016fvodu nav\u00e1zali kriminalist\u00e9 z\u00a01.\u00a0odd\u011blen\u00ed spolupr\u00e1ci s\u00a0jejich slovensk\u00fdmi kolegy. Detektivov\u00e9 monitorovali pohyb podez\u0159el\u00fdch v\u00a0schengensk\u00e9m prostoru a\u00a0podez\u0159el\u00e9 sledovali i\u00a0rumun\u0161t\u00ed policist\u00e9.<\/p>\n<p class=\"c_bB\">Ti nakonec informovali pra\u017esk\u00e9 kriminalisty, \u017ee podez\u0159el\u00ed m\u00ed\u0159\u00ed zp\u011bt na Slovensko, kde se tak\u00e9 o\u00a0dva dny pozd\u011bji v\u00a0Bratislav\u011b vloupali do dal\u0161\u00edho bankomatu. Slovensk\u00fdm kriminalist\u016fm se v\u0161ak podez\u0159el\u00e9 nepoda\u0159ilo zadr\u017eet.<\/p>\n<p class=\"c_bB\">Mu\u017ee nakonec zadr\u017eeli a\u017e rumun\u0161t\u00ed kriminalist\u00e9 p\u0159i p\u0159ejezdu rumunsko-ma\u010farsk\u00fdch hranic. Policist\u00e9 zadr\u017eeli t\u0159i podez\u0159el\u00e9, dva z\u00a0nich jsou ji\u017e d\u0159\u00edve ztoto\u017en\u011bn\u00ed podez\u0159el\u00ed z\u00a0\u010dinu v\u00a0pra\u017esk\u00fdch Kunratic\u00edch.<\/p>\n<p class=\"c_bB\">\u201eCelkem jsou tedy zadr\u017eeny t\u0159i osoby, a\u00a0to cizinci ve v\u011bku t\u0159icet, t\u0159iat\u0159icet a\u00a0\u0161estat\u0159icet let, kte\u0159\u00ed jsou v\u00a0sou\u010dasn\u00e9 chv\u00edli ve vyd\u00e1vac\u00ed vazb\u011b v\u00a0Rumunsku, odkud budou v\u00a0r\u00e1mci extradice p\u0159evezeni na Slovensko a\u00a0pot\u00e9 poputuj\u00ed po odpyk\u00e1n\u00ed trestu do \u010cesk\u00e9 republiky,\u201c sd\u011blil Hrdina.<\/p>\n<p class=\"c_bB\">Podle informac\u00ed agentury Aktu, kter\u00e9 n\u00e1sledn\u011b potvrdil tak\u00e9 vedouc\u00ed odd\u011blen\u00ed vra\u017ed Ale\u0161 Strach, se jedn\u00e1 o\u00a0mu\u017ee p\u016fvodem z\u00a0Moldavska, odkud byla tak\u00e9 cel\u00e1 akce \u0159\u00edzena. Jednalo se o\u00a0dv\u011b skupiny Moldavan\u016f, p\u0159i\u010dem\u017e jedna skupina m\u00e1 na sv\u011bdom\u00ed bankomaty na Ji\u017en\u00edm m\u011bst\u011b, druh\u00e1 skupinka bankomat v\u00a0Kunratic\u00edch. <\/p>\n<p class=\"c_bB\">Dv\u011b osoby ztoto\u017en\u011bn\u00e9 po odp\u00e1len\u00ed bankomatu v\u00a0Kunratic\u00edch se pot\u00e9 m\u011bly je\u0161t\u011b spolu se t\u0159et\u00edm mu\u017eem dopustit dvou zmi\u0148ovan\u00fdch v\u00fdbuch\u016f bankomat\u016f v\u00a0Bratislav\u011b.<\/p>\n<p class=\"c_bB\">Skupina dle dostupn\u00fdch informac\u00ed skupuje star\u00e9 bankomaty, na kter\u00fdch si v\u00fdbu\u0161niny a\u00a0cel\u00fd sv\u016fj postup zkou\u0161\u00ed.<\/p>\n<p><a data-dot=\"atm-link\" target=\"_self\" href=\"https:\/\/www.novinky.cz\/clanek\/krimi-kradenymi-auty-borili-prodejny-napric-ceskem-divoke-zlodejske-najezdy-natocila-kamera-40594781\" class=\"c_I\" rel=\"nofollow noopener\"><img height=\"1080\" width=\"1920\" src=\"https:\/\/www.europesays.com\/cz\/wp-content\/uploads\/2026\/09\/kradez-nehoda.jpeg\" loading=\"eager\" decoding=\"sync\" class=\"c_t c_r\"\/><\/a><\/p>\n","protected":false},"excerpt":{"rendered":"Za\u010d\u00e1tkem kv\u011btna pachatel\u00e9 v\u00a0Dobronick\u00e9 ulici v\u00a0pra\u017esk\u00fdch Kunratic\u00edch odp\u00e1lili pomoc\u00ed trhaviny bankomat. V\u00fdbuch tak\u00e9 poni\u010dil \u0159adu v\u00fdloh v\u00a0okol\u00ed. Z&hellip;\n","protected":false},"author":2,"featured_media":202583,"comment_status":"","ping_status":"","sticky":false,"template":"","format":"standard","meta":{"footnotes":"","_share_on_mastodon":"0"},"categories":[10],"tags":[10887,5509,17,21,16,715,99,18,19,22,20],"class_list":["post-202582","post","type-post","status-publish","format-standard","has-post-thumbnail","category-zpravy","tag-bankomat","tag-bratislava","tag-headlines","tag-hlavni-udalosti","tag-news","tag-policie-ceske-republiky","tag-praha","tag-top-news","tag-top-stories","tag-udalosti-dne","tag-zpravy"],"share_on_mastodon":{"url":"https:\/\/pubeurope.com\/@cz\/117212417168471223","error":""},"_links":{"self":[{"href":"https:\/\/www.europesays.com\/cz\/wp-json\/wp\/v2\/posts\/202582","targetHints":{"allow":["GET"]}}],"collection":[{"href":"https:\/\/www.europesays.com\/cz\/wp-json\/wp\/v2\/posts"}],"about":[{"href":"https:\/\/www.europesays.com\/cz\/wp-json\/wp\/v2\/types\/post"}],"author":[{"embeddable":true,"href":"https:\/\/www.europesays.com\/cz\/wp-json\/wp\/v2\/users\/2"}],"replies":[{"embeddable":true,"href":"https:\/\/www.europesays.com\/cz\/wp-json\/wp\/v2\/comments?post=202582"}],"version-history":[{"count":0,"href":"https:\/\/www.europesays.com\/cz\/wp-json\/wp\/v2\/posts\/202582\/revisions"}],"wp:featuredmedia":[{"embeddable":true,"href":"https:\/\/www.europesays.com\/cz\/wp-json\/wp\/v2\/media\/202583"}],"wp:attachment":[{"href":"https:\/\/www.europesays.com\/cz\/wp-json\/wp\/v2\/media?parent=202582"}],"wp:term":[{"taxonomy":"category","embeddable":true,"href":"https:\/\/www.europesays.com\/cz\/wp-json\/wp\/v2\/categories?post=202582"},{"taxonomy":"post_tag","embeddable":true,"href":"https:\/\/www.europesays.com\/cz\/wp-json\/wp\/v2\/tags?post=202582"}],"curies":[{"name":"wp","href":"https:\/\/api.w.org\/{rel}","templated":true}]}}