{"id":202584,"date":"2026-09-04T10:59:08","date_gmt":"2026-09-04T10:59:08","guid":{"rendered":"https:\/\/www.europesays.com\/cz\/202584\/"},"modified":"2026-09-04T10:59:08","modified_gmt":"2026-09-04T10:59:08","slug":"praha-je-nejdrazsi-mesto-v-evrope-na-bydleni-napsal-to-ipr","status":"publish","type":"post","link":"https:\/\/www.europesays.com\/cz\/202584\/","title":{"rendered":"Praha je nejdra\u017e\u0161\u00ed m\u011bsto v\u00a0Evrop\u011b na bydlen\u00ed. Napsal to IPR"},"content":{"rendered":"<p>Praha je nejdra\u017e\u0161\u00ed m\u011bsto v\u00a0Evrop\u011b na bydlen\u00ed. Napsal to IPR, jejich vlastn\u00ed institut<\/p>\n<p class=\"e_cz\">\u0160est let, \u010dty\u0159i sta milion\u016f korun a\u00a0dvacet dva byt\u016f, kter\u00e9 je\u0161t\u011b nestoj\u00ed. To je cel\u00e1 bytov\u00e1 politika t\u00e9hle koalice. Zbytek jsou vizualizace.<\/p>\n<p class=\"e_cz\">\u010cty\u0159iadvac\u00e1t\u00e9ho \u010dervence vydal Institut pl\u00e1nov\u00e1n\u00ed a\u00a0rozvoje hlavn\u00edho m\u011bsta Prahy aktualizaci anal\u00fdzy Praha v\u00a0evropsk\u00e9m kontextu. Nen\u00ed to studie opozice. Nen\u00ed to pamflet aktivist\u016f. Je to ofici\u00e1ln\u00ed dokument m\u011bstsk\u00e9 organizace, kterou plat\u00ed Pra\u017ean\u00e9 a\u00a0kterou p\u0159ed lety vedl sou\u010dasn\u00fd n\u00e1m\u011bstek prim\u00e1tora pro \u00fazemn\u00ed rozvoj Petr Hlav\u00e1\u010dek.<\/p>\n<p class=\"e_cz\">A stoj\u00ed v\u00a0n\u011bm tohle: \u201ePraha v\u00a0nedostupnosti vlastnick\u00e9ho bydlen\u00ed p\u0159edb\u011bhla v\u0161echna srovn\u00e1van\u00e1 m\u011bsta.\u201c<\/p>\n<p class=\"e_cz\">Ne dohnala. P\u0159edb\u011bhla. Ze dvan\u00e1cti evropsk\u00fdch metropol\u00ed\u00a0\u2014 Amsterdamu, Barcelony, Kodan\u011b, Mnichova, Stockholmu, V\u00eddn\u011b, Var\u0161avy a\u00a0dal\u0161\u00edch\u00a0\u2014 je Praha ta nejhor\u0161\u00ed. Na vlastn\u00ed byt tu \u010dlov\u011bk vyd\u011bl\u00e1v\u00e1 v\u00edc ne\u017e t\u0159in\u00e1ct hrub\u00fdch ro\u010dn\u00edch plat\u016f.<\/p>\n<p class=\"e_cz\">Druh\u00e9 \u010d\u00edslo je ale hor\u0161\u00ed, proto\u017ee se net\u00fdk\u00e1 snu o\u00a0vlastn\u00edm byt\u011b, ale toho, co lidi plat\u00ed ka\u017ed\u00fd m\u011bs\u00edc: za n\u00e1jem \u0161edes\u00e1timetrov\u00e9ho bytu d\u00e1 Pra\u017ean 40\u00a0procent pr\u016fm\u011brn\u00e9ho platu. V\u00a0Mnichov\u011b 28\u00a0procent. Ve V\u00eddni 14.<\/p>\n<p class=\"e_cz\">A do t\u0159etice\u00a0\u2014 ta sam\u00e1 anal\u00fdza dod\u00e1v\u00e1, \u017ee Pra\u017ean vyd\u011bl\u00e1v\u00e1 jedenap\u016flkr\u00e1t m\u00e9n\u011b ne\u017e Mnichovan. Praha tedy m\u00e1 mnichovsk\u00e9 ceny byt\u016f za pra\u017esk\u00fd plat. To nen\u00ed trh. To je v\u00fdsledek.<\/p>\n<p>Co na to \u0159ekl n\u00e1m\u011bstek<\/p>\n<p class=\"e_cz\">Ve stejn\u00e9 tiskov\u00e9 zpr\u00e1v\u011b, hned pod t\u00edm \u010d\u00edslem, se vyjad\u0159uje Petr Hlav\u00e1\u010dek. Cituji doslova:<\/p>\n<p class=\"e_cz\">\u201eS t\u00e9matem nedostupnosti bydlen\u00ed pracujeme dlouhodob\u011b, zajistili jsme n\u011bkolik v\u00fdznamn\u00fdch zm\u011bn \u00fazemn\u00edho pl\u00e1nu, kter\u00e9 umo\u017enily nastartov\u00e1n\u00ed bytov\u00e9 v\u00fdstavby. A\u00a0p\u0159edev\u0161\u00edm m\u00e1me schv\u00e1len\u00fd Metropolitn\u00ed pl\u00e1n, kter\u00fd otev\u00edr\u00e1 cestu k\u00a0v\u00fdstavb\u011b a\u017e 350\u00a0000\u00a0nov\u00fdch byt\u016f. Z\u00e1rove\u0148 v\u011b\u0159\u00edm, \u017ee ke zlep\u0161en\u00ed situace p\u0159isp\u011bje i\u00a0Pra\u017esk\u00e1 developersk\u00e1 spole\u010dnost, kter\u00e1 ned\u00e1vno z\u00edskala prvn\u00ed stavebn\u00ed povolen\u00ed pro v\u00fdstavbu byt\u016f.\u201c<\/p>\n<p class=\"e_cz\">P\u0159e\u010dt\u011bte si to je\u0161t\u011b jednou. Je to mistrovsk\u00e9 d\u00edlo. T\u0159i v\u011bty, ve kter\u00fdch nen\u00ed ani jeden postaven\u00fd byt.<\/p>\n<p class=\"e_cz\">Ta \u201ecesta k\u00a0v\u00fdstavb\u011b a\u017e 350\u00a0000\u00a0byt\u016f\u201c je \u00fazemn\u00ed kapacita. Znamen\u00e1 to, kolik byt\u016f by v\u00a0Praze teoreticky sm\u011blo st\u00e1t, kdyby je n\u011bkdo postavil. Nikoho nezavazuje k\u00a0ni\u010demu. \u017de je to rozd\u00edl, \u0159\u00edk\u00e1 i\u00a0autor p\u016fvodn\u00ed koncepce Metropolitn\u00edho pl\u00e1nu architekt Roman Kouck\u00fd a\u00a0\u010cesk\u00e1 komora architekt\u016f. S\u00e1m Hlav\u00e1\u010dek po\u010d\u00edt\u00e1 s\u00a0tempem deset tis\u00edc byt\u016f ro\u010dn\u011b\u00a0\u2014 p\u0159i n\u011bm by se ta kapacita napl\u0148ovala p\u011btat\u0159icet let.<\/p>\n<p class=\"e_cz\">\u00dazemn\u00ed pl\u00e1n \u0159\u00edk\u00e1, kde se sm\u00ed stav\u011bt. Ne\u0159\u00edk\u00e1, kdo v\u00a0tom bude bydlet a\u00a0za kolik. A\u00a0p\u0159esn\u011b to je ot\u00e1zka, na kterou ta anal\u00fdza odpov\u00edd\u00e1 \u010dty\u0159iceti procenty platu.<\/p>\n<p>Dvacet dva byt\u016f za \u0161est let<\/p>\n<p class=\"e_cz\">A te\u010f k\u00a0t\u00e9 Pra\u017esk\u00e9 developersk\u00e9 spole\u010dnosti, kter\u00e1 podle n\u00e1m\u011bstka \u201ep\u0159isp\u011bje ke zlep\u0161en\u00ed situace\u201c.<\/p>\n<p class=\"e_cz\">PDS je m\u011bstsk\u00e1 p\u0159\u00edsp\u011bvkov\u00e1 organizace, kterou Hlav\u00e1\u010dek inicioval v\u00a0roce 2020\u00a0za pir\u00e1tsk\u00e9ho prim\u00e1tora Zde\u0148ka H\u0159iba. Jej\u00ed provoz st\u00e1l Prahu za \u0161est let existence zhruba 400\u00a0milion\u016f korun.<\/p>\n<p class=\"e_cz\">V \u010dervenci 2026\u00a0z\u00edskala sv\u00e9 v\u016fbec prvn\u00ed pravomocn\u00e9 stavebn\u00ed povolen\u00ed. Na dvaadvacet byt\u016f v\u00a0dom\u011b Nov\u00fd Zl\u00edchov na Praze 5.\u00a0Ne dvaadvacet tis\u00edc, ale jen dvaadvacet.<\/p>\n<p class=\"e_cz\">Stav\u011bt se je\u0161t\u011b neza\u010dalo\u00a0\u2014 projekt te\u010f p\u0159eb\u00edr\u00e1 odbor investic, kter\u00fd mus\u00ed vysout\u011b\u017eit zhotovitele. Realizace se odhaduje na osmn\u00e1ct a\u017e \u010dty\u0159iadvacet m\u011bs\u00edc\u016f.<\/p>\n<p class=\"e_cz\">Autor projektu Pra\u017esk\u00e9 bydlen\u00ed pod lupou Jakub Kune\u0161 to spo\u010d\u00edtal zp\u016fsobem, kter\u00fd se t\u011b\u017eko zapom\u00edn\u00e1: Praha pot\u0159ebuje zhruba deset tis\u00edc byt\u016f ro\u010dn\u011b. Dvaadvacet byt\u016f je 0,22\u00a0procenta ro\u010dn\u00ed pot\u0159eby. P\u0159i tempu, kter\u00e9 Praha pot\u0159ebuje, by se takov\u00e9 mno\u017estv\u00ed m\u011blo postavit za necel\u00fdch devaten\u00e1ct hodin. PDS na jejich povolen\u00ed pracovala \u0161est let.<\/p>\n<p class=\"e_cz\">Devaten\u00e1ct hodin proti \u0161esti rok\u016fm. Kdo si to p\u0159epo\u010d\u00edt\u00e1, dostane rozd\u00edl bl\u00ed\u017e\u00edc\u00ed se t\u0159em tis\u00edc\u016fm.<\/p>\n<p class=\"e_cz\">A tady je v\u011bta, kterou jsem si nevymyslel. \u0158ekl ji s\u00e1m Petr Hlav\u00e1\u010dek letos v\u00a0kv\u011btnu den\u00edku Echo24:<\/p>\n<p class=\"e_cz\">\u201eJe to p\u0159edvolebn\u00ed boj. Pravda je, \u017ee my nic nestav\u00edme.\u201c<\/p>\n<p class=\"e_cz\">Pravda je, \u017ee my nic nestav\u00edme. N\u00e1m\u011bstek prim\u00e1tora pro \u00fazemn\u00ed rozvoj, ve funkci dv\u011b volebn\u00ed obdob\u00ed, v\u00a0m\u011bst\u011b, kter\u00e9 m\u00e1 na \u00fa\u010dtech p\u0159es 180\u00a0miliard korun.<\/p>\n<p>Sto \u010dty\u0159i milion\u016f na reklamu<\/p>\n<p class=\"e_cz\">Aby bylo jasno, \u017ee nejde o\u00a0neschopnost, ale o\u00a0priority: ta sam\u00e1 Pra\u017esk\u00e1 developersk\u00e1 spole\u010dnost, kter\u00e1 za \u0161est let a\u00a0\u010dty\u0159i sta milion\u016f povolila dvaadvacet byt\u016f, vypsala tendr na medi\u00e1ln\u00ed propagaci Vltavsk\u00e9 filharmonie. Objem a\u017e 104\u00a0milion\u016f korun bez DPH na \u010dty\u0159i roky. Na stavbu, kter\u00e1 zat\u00edm nem\u00e1 ani v\u0161echna povolen\u00ed, ani zaji\u0161t\u011bn\u00fd rozpo\u010det.<\/p>\n<p class=\"e_cz\">Sto \u010dty\u0159i milion\u016f na reklamu jedn\u00e9 budovy. Dvaadvacet byt\u016f pro lidi.<\/p>\n<p class=\"e_cz\">Hlav\u00e1\u010dek k\u00a0tomu tendru \u0159ekl: \u201eJedin\u00fd d\u016fvod, pro\u010d se to te\u010f \u0159e\u0161\u00ed, je \u017ee m\u00e1me p\u011bt m\u011bs\u00edc\u016f p\u0159ed volbami. Ale je pravda, \u017ee zva\u017euji, zda ten tendr neodlo\u017eit.\u201c<\/p>\n<p class=\"e_cz\">Odlo\u017eit. Ne zru\u0161it. Odlo\u017eit\u00a0\u2014 do doby, kdy u\u017e se nebude nikdo d\u00edvat.<\/p>\n<p>To nen\u00ed sm\u016fla, to je rozhodnut\u00ed<\/p>\n<p class=\"e_cz\">Nej\u010dast\u011bj\u0161\u00ed obhajoba zn\u00ed, \u017ee m\u011bsto je sv\u00e1zan\u00e9, \u017ee za to m\u016f\u017eou povolovac\u00ed procesy, pam\u00e1tk\u00e1\u0159i a\u00a0sousedsk\u00e9 spolky. N\u011bco na tom je. Jen\u017ee pak je tu srovn\u00e1n\u00ed, kter\u00e9 tu obhajobu rozebere na sou\u010d\u00e1stky.<\/p>\n<p class=\"e_cz\">V\u00edde\u0148 m\u00e1 od b\u0159ezna 2019\u00a0pravidlo. Jmenuje se Gef\u00f6rderter Wohnbau a\u00a0zn\u00ed takto: u\u00a0ka\u017ed\u00e9 zm\u011bny \u00fazemn\u00edho pl\u00e1nu, kde vznik\u00e1 bytov\u00e1 plocha nad p\u011bt tis\u00edc metr\u016f, mus\u00ed b\u00fdt dv\u011b t\u0159etiny t\u00e9 plochy dotovan\u00e9 bydlen\u00ed s\u00a0n\u00e1jmem kolem p\u011bti eur za metr. Plat\u00ed to na ka\u017ed\u00e9ho investora stejn\u011b a\u00a0ned\u00e1 se z\u00a0toho vyjednat v\u00fdjimka.<\/p>\n<p class=\"e_cz\">Praha m\u00e1 metodiku. Usnesen\u00ed zastupitelstva \u010d\u00edslo 33\/8\u00a0z\u00a0ledna 2022.\u00a0Je v\u00fdslovn\u011b dobrovoln\u00e1, pln\u00ed se v\u00a0r\u00e1mci soukromopr\u00e1vn\u00edho vztahu, sazba je 700\u00a0korun za metr\u00a0\u2014 a\u00a0byty ne\u0159e\u0161\u00ed v\u016fbec. Ani slovem.<\/p>\n<p class=\"e_cz\">Jak to dopad\u00e1 v\u00a0praxi? Pod\u00edvejte se na N\u00e1kladov\u00e9 n\u00e1dra\u017e\u00ed \u017di\u017ekov, nejv\u011bt\u0161\u00ed zm\u011bnu \u00fazemn\u00edho pl\u00e1nu v\u00a0d\u011bjin\u00e1ch Prahy. M\u011bsto vyjednalo od developer\u016f 1,4\u00a0miliardy korun. Za ty pen\u00edze bude p\u011bt mate\u0159sk\u00fdch \u0161kol, dv\u011b z\u00e1kladn\u00ed, park s\u00a0vodn\u00ed plochou, sportovi\u0161t\u011b, sedm set metr\u016f pro zdravotnick\u00e1 za\u0159\u00edzen\u00ed, pozemek pro tramvaj. To v\u0161echno je dob\u0159e a\u00a0nikdo to nezpochyb\u0148uje.<\/p>\n<p class=\"e_cz\">Kolik z\u00a0toho je obecn\u00edch n\u00e1jemn\u00edch byt\u016f? Nula.<\/p>\n<p class=\"e_cz\">Ve \u010dtvrti pro dvacet tis\u00edc lid\u00ed si m\u011bsto nevyjednalo ani jeden byt, kter\u00fd by mu pat\u0159il.<\/p>\n<p class=\"e_cz\">A Sm\u00edchov City? P\u0159es patn\u00e1ct set byt\u016f. Kdy\u017e \u0161\u00e9f Sekyra Group Leo\u0161 Anderle v\u00a0roce 2022\u00a0vyjmenov\u00e1val, kolik firma p\u0159isp\u00edv\u00e1 m\u011bstu, uvedl \u017di\u017ekov a\u00a0Rohansk\u00fd ostrov. Sm\u00edchov v\u00a0tom v\u00fd\u010dtu chyb\u00ed\u00a0\u2014 proto\u017ee se tam \u00fazemn\u00ed pl\u00e1n nem\u011bnil. Metodika se toti\u017e v\u00e1\u017ee na zm\u011bnu pl\u00e1nu, ne na velikost stavby. Kdo zm\u011bnu nepot\u0159ebuje, nep\u0159isp\u011bje ni\u010d\u00edm, i\u00a0kdyby stav\u011bl \u010dtvr\u0165 za des\u00edtky miliard.<\/p>\n<p class=\"e_cz\">Um\u00edme vyjednat \u0161kolku. Byty neum\u00edme. To nen\u00ed sm\u016fla ani NIMBY. To je vada pravidla, kterou tahle koalice \u010dty\u0159i roky nespravila.<\/p>\n<p>Osm let, dv\u011b veden\u00ed, nula byt\u016f<\/p>\n<p class=\"e_cz\">Aby se nikdo neschoval za p\u0159edch\u016fdce: podle anal\u00fdzy IPR z\u00a0\u010dervence 2025\u00a0nepostavil pra\u017esk\u00fd magistr\u00e1t vlastn\u00ed v\u00fdstavbou od roku 2021\u00a0ani jeden byt. Doslova nula. Celopra\u017esky, magistr\u00e1t i\u00a0v\u0161ech sedmapades\u00e1t m\u011bstsk\u00fdch \u010d\u00e1st\u00ed dohromady, se od roku 2019\u00a0dokon\u010duje pades\u00e1t a\u017e \u0161edes\u00e1t obecn\u00edch byt\u016f ro\u010dn\u011b. Jeden vchod na s\u00eddli\u0161ti.<\/p>\n<p class=\"e_cz\">Praha vlastn\u00ed 29\u00a0836\u00a0obecn\u00edch byt\u016f, tedy 4,1\u00a0procenta bytov\u00e9ho fondu. V\u00a0roce 1991\u00a0jich m\u011bla t\u00e9m\u011b\u0159 194\u00a0tis\u00edc. V\u00edde\u0148sk\u00fd Wiener Wohnen jich spravuje 220\u00a0tis\u00edc a\u00a0obecn\u00ed s\u00a0dru\u017estevn\u00edmi tvo\u0159\u00ed kolem \u010dty\u0159iceti procent fondu.<\/p>\n<p class=\"e_cz\">Ta cesta z\u00a0194\u00a0tis\u00edc na 30\u00a0tis\u00edc m\u00e1 jm\u00e9na. Radnice veden\u00e9 ODS\u00a0\u2014 Koukal, Kasl, B\u00e9m\u00a0\u2014 rozprod\u00e1valy obecn\u00ed byty pod cenou t\u0159i dek\u00e1dy. V\u00a0roce 2008\u00a0Praha p\u0159estala stav\u011bt. Od 2018\u00a0do 2022\u00a0vedla m\u011bsto koalice s\u00a0Pir\u00e1ty a\u00a0Zde\u0148kem H\u0159ibem, od \u00fanora 2023\u00a0ODS s\u00a0prim\u00e1torem Bohuslavem Svobodou, znovu s\u00a0Pir\u00e1ty a\u00a0se STAN. Hlav\u00e1\u010dek sed\u011bl na \u00fazemn\u00edm rozvoji celou tu dobu, nap\u0159\u00ed\u010d ob\u011bma veden\u00edmi.<\/p>\n<p class=\"e_cz\">Bilance je spole\u010dn\u00e1 a\u00a0je stejn\u00e1. Ani jedna z\u00a0t\u011bch koalic si nem\u00e1 co vy\u010d\u00edtat, a\u00a0proto se ani jedna nem\u016f\u017ee na tu druhou vymluvit.<\/p>\n<p class=\"e_cz\">A ne, opozice z\u00a0toho nevych\u00e1z\u00ed l\u00edp. Hnut\u00ed ANO m\u00e1 pravdu, kdy\u017e \u0159\u00edk\u00e1 \u201eza osm let nula byt\u016f\u201c\u00a0\u2014 jen\u017ee jeho pra\u017esk\u00fd l\u00eddr Ond\u0159ej Prokop letos skon\u010dil kv\u016fli majetkov\u00e9mu p\u0159izn\u00e1n\u00ed, ve kter\u00e9m chyb\u011bly t\u0159i byty. Pro jednoho politika je byt nav\u00edc administrativn\u00ed detail, kter\u00fd se d\u00e1 p\u0159ehl\u00e9dnout. Pro u\u010ditelku, kter\u00e1 hled\u00e1 n\u00e1jem, je jeden jedin\u00fd byt existen\u010dn\u00ed ot\u00e1zka.<\/p>\n<p>Co ud\u011bl\u00e1me my<\/p>\n<p class=\"e_cz\">N\u00e1\u0161 program pro Prahu na tohle odpov\u00edd\u00e1 bez vyt\u00e1\u010dek.<\/p>\n<p class=\"e_cz\">M\u011bsto stav\u00ed, ne jen povoluje. Pra\u017esk\u00e1 developersk\u00e1 spole\u010dnost dostane ak\u010dn\u00ed pl\u00e1n s\u00a0term\u00edny a\u00a0konkr\u00e9tn\u00edmi projekty, ne prezentaci o\u00a0zhodnocen\u00fdch pozemc\u00edch. Masivn\u00ed v\u00fdstavba obecn\u00edch n\u00e1jemn\u00edch a\u00a0dru\u017estevn\u00edch byt\u016f za n\u00e1jemn\u00e9 bez zisku\u00a0\u2014 tedy bez tr\u017en\u00ed mar\u017ee, ale s\u00a0tvorbou fondu obnovy, aby se domy m\u011bly z\u00a0\u010deho opravovat.<\/p>\n<p class=\"e_cz\">Byty dostanou ti, bez kter\u00fdch m\u011bsto nefunguje. U\u010ditel\u00e9, l\u00e9ka\u0159i, hasi\u010di, policist\u00e9, mlad\u00e9 rodiny, senio\u0159i. Podle jasn\u00fdch a\u00a0ve\u0159ejn\u011b kontrolovateln\u00fdch krit\u00e9ri\u00ed, ne ob\u00e1lkovou metodou.<\/p>\n<p class=\"e_cz\">Pozemkov\u00e1 banka. Stop v\u00fdprodeji m\u011bstsk\u00e9ho majetku a\u00a0strategick\u00fd v\u00fdkup pozemk\u016f pro dostupn\u00e9 bydlen\u00ed. Kdo nem\u00e1 pozemky, nem\u00e1 u\u00a0jednac\u00edho stolu co nab\u00eddnout\u00a0\u2014 a\u00a0p\u0159esn\u011b proto Praha na \u017di\u017ekov\u011b vyjednala \u0161kolky a\u00a0na Sm\u00edchov\u011b nic.<\/p>\n<p class=\"e_cz\">Byt je domov, ne investice. Poplatek za dlouhodob\u011b pr\u00e1zdn\u00e9 byty. P\u0159\u00edsn\u00e1 evidence a\u00a0omezen\u00ed kr\u00e1tkodob\u00fdch pron\u00e1jm\u016f typu Airbnb v\u00a0bytech, kter\u00e9 jsou \u00fazemn\u00edm pl\u00e1nem ur\u010den\u00e9 k\u00a0bydlen\u00ed. Byt v\u00a0bytov\u00e9m dom\u011b nen\u00ed hotel.<\/p>\n<p class=\"e_cz\">Develope\u0159i dostav\u011bj\u00ed, co k\u00a0byt\u016fm pat\u0159\u00ed. \u0160koly, \u0161kolky, zdravotnick\u00e1 a\u00a0soci\u00e1ln\u00ed za\u0159\u00edzen\u00ed\u00a0\u2014 jako podm\u00ednka, ne jako v\u00fdsledek vyjedn\u00e1v\u00e1n\u00ed, ve kter\u00e9m m\u011bsto nem\u00e1 \u010d\u00edm tla\u010dit.<\/p>\n<p class=\"e_cz\">Nic z\u00a0toho nesprav\u00ed \u010dty\u0159icet procent platu za n\u00e1jem b\u011bhem jednoho mand\u00e1tu. Ale je to rozd\u00edl mezi m\u011bstem, kter\u00e9 \u010dek\u00e1, a\u017e situaci vy\u0159e\u0161\u00ed trh, a\u00a0m\u011bstem, kter\u00e9 si o\u00a0vlastn\u00edm bydlen\u00ed rozhoduje samo.<\/p>\n<p class=\"e_cz\">Dev\u00e1t\u00e9ho a\u00a0des\u00e1t\u00e9ho \u0159\u00edjna jsou komun\u00e1ln\u00ed volby. Tahle koalice po sob\u011b nech\u00e1v\u00e1 jeden \u00fadaj, kter\u00fd se d\u00e1 ov\u011b\u0159it u\u00a0jej\u00edho vlastn\u00edho institutu: nejdra\u017e\u0161\u00ed bydlen\u00ed ze v\u0161ech srovn\u00e1van\u00fdch evropsk\u00fdch m\u011bst. A\u00a0jeden vlastn\u00ed v\u00fdrok, kter\u00fd se d\u00e1 ov\u011b\u0159it v\u00a0novin\u00e1ch: pravda je, \u017ee my nic nestav\u00edme.<\/p>\n<p class=\"e_cz\">Kdo je s\u00a0t\u00edm spokojen\u00fd, a\u0165 vol\u00ed stejn\u011b jako minule. Kdo ne, m\u00e1 poprv\u00e9 po dlouh\u00e9 dob\u011b koho volit jinak.<\/p>\n<p class=\"e_cz\">Spojen\u00e1 levice pro Prahu<\/p>\n<p>Zdroje<\/p>\n<p class=\"e_cz\">\u2022 IPR Praha\u00a0\u2014 Praha v\u00a0evropsk\u00e9m kontextu, aktualizace 24.\u00a07.\u00a02026 (tiskov\u00e1 zpr\u00e1va a\u00a0pln\u00e1 anal\u00fdza: apps.iprpraha.cz\/praha-v-evropskem-kontextu)<\/p>\n<p class=\"e_cz\">\u2022 IPR Praha\u00a0\u2014 Stav a\u00a0v\u00fdvoj obecn\u00edho bytov\u00e9ho fondu v\u00a0Praze, Aktualizace 2025(07\/2025, data k\u00a031.\u00a012.\u00a02024)<\/p>\n<p class=\"e_cz\">\u2022 Echo24, Ond\u0159ej Leinert, 30.\u00a05.\u00a02026\u00a0\u2014 V\u00fdstavba byt\u016f v\u00a0Praze? Za 400\u00a0milion\u016f ani jedno stavebn\u00ed povolen\u00ed<\/p>\n<p class=\"e_cz\">\u2022 Echo24, Viktor Hor\u00e1k, 2.\u00a08.\u00a02026\u00a0\u2014 \u201eNaprosto nefunk\u010dn\u00ed syst\u00e9m.\u201c Pra\u017esk\u00fd developer se \u201epochlubil\u201c stavebn\u00edm povolen\u00edm na 22\u00a0byt\u016f po 6\u00a0letech<\/p>\n<p class=\"e_cz\">\u2022 Jakub Kune\u0161 (Pra\u017esk\u00e9 bydlen\u00ed pod lupou), p\u0159\u00edsp\u011bvek na s\u00edti X, 7\/2026<\/p>\n<p class=\"e_cz\">\u2022 e15\u00a0\u2014 rozhovor s\u00a0Leo\u0161em Anderlem (Sekyra Group), 23.\u00a02.\u00a02022\u00a0\u2014 v\u00fd\u010det kontribuc\u00ed \u017di\u017ekov a\u00a0Rohan<\/p>\n<p class=\"e_cz\">\u2022 Praha.eu\u00a0\u2014 Nejv\u011bt\u0161\u00ed zm\u011bna \u00fazemn\u00edho pl\u00e1nu v\u00a0historii Prahy (25.\u00a04.\u00a02025), pl\u00e1novac\u00ed smlouvy k\u00a0NN\u017d<\/p>\n<p class=\"e_cz\">\u2022 Metodika spolu\u00fa\u010dasti investor\u016f, usnesen\u00ed ZHMP \u010d. 33\/8\u00a0z\u00a027.\u00a01.\u00a02022<\/p>\n<p class=\"e_cz\">\u2022 Stadt Wien \/ ORF Wien\u00a0\u2014 Widmungskategorie Gef\u00f6rderter Wohnbau, od 3\/2019<\/p>\n<p class=\"e_cz\">\u2022 Wiener Wohnen \/ Stadt Wien<\/p>\n<p class=\"e_cz\">\u2022 IPR Praha\u00a0\u2014 Metropolitn\u00ed pl\u00e1n schv\u00e1lili zastupitel\u00e9 (29.\u00a05.\u00a02026); Pra\u017esk\u00fd den\u00edk k\u00a0rozd\u00edlu mezi kapacitou a\u00a0v\u00fdstavbou<\/p>\n<p class=\"e_cz\">\u2022 Program Spojen\u00e9 levice pro Prahu 2026, kapitola 1\u00a0\u2014 BYDLEN\u00cd<\/p>\n","protected":false},"excerpt":{"rendered":"Praha je nejdra\u017e\u0161\u00ed m\u011bsto v\u00a0Evrop\u011b na bydlen\u00ed. Napsal to IPR, jejich vlastn\u00ed institut \u0160est let, \u010dty\u0159i sta milion\u016f&hellip;\n","protected":false},"author":2,"featured_media":202585,"comment_status":"","ping_status":"","sticky":false,"template":"","format":"standard","meta":{"footnotes":"","_share_on_mastodon":"0"},"categories":[30],"tags":[19107,2408,174,98,99],"class_list":["post-202584","post","type-post","status-publish","format-standard","has-post-thumbnail","category-praha","tag-institut-planovani-a-rozvoje-ipr","tag-magistrat-hlavniho-mesta-prahy","tag-politika","tag-prague","tag-praha"],"share_on_mastodon":{"url":"https:\/\/pubeurope.com\/@cz\/117212424853067895","error":""},"_links":{"self":[{"href":"https:\/\/www.europesays.com\/cz\/wp-json\/wp\/v2\/posts\/202584","targetHints":{"allow":["GET"]}}],"collection":[{"href":"https:\/\/www.europesays.com\/cz\/wp-json\/wp\/v2\/posts"}],"about":[{"href":"https:\/\/www.europesays.com\/cz\/wp-json\/wp\/v2\/types\/post"}],"author":[{"embeddable":true,"href":"https:\/\/www.europesays.com\/cz\/wp-json\/wp\/v2\/users\/2"}],"replies":[{"embeddable":true,"href":"https:\/\/www.europesays.com\/cz\/wp-json\/wp\/v2\/comments?post=202584"}],"version-history":[{"count":0,"href":"https:\/\/www.europesays.com\/cz\/wp-json\/wp\/v2\/posts\/202584\/revisions"}],"wp:featuredmedia":[{"embeddable":true,"href":"https:\/\/www.europesays.com\/cz\/wp-json\/wp\/v2\/media\/202585"}],"wp:attachment":[{"href":"https:\/\/www.europesays.com\/cz\/wp-json\/wp\/v2\/media?parent=202584"}],"wp:term":[{"taxonomy":"category","embeddable":true,"href":"https:\/\/www.europesays.com\/cz\/wp-json\/wp\/v2\/categories?post=202584"},{"taxonomy":"post_tag","embeddable":true,"href":"https:\/\/www.europesays.com\/cz\/wp-json\/wp\/v2\/tags?post=202584"}],"curies":[{"name":"wp","href":"https:\/\/api.w.org\/{rel}","templated":true}]}}