{"id":202594,"date":"2026-09-04T11:06:17","date_gmt":"2026-09-04T11:06:17","guid":{"rendered":"https:\/\/www.europesays.com\/cz\/202594\/"},"modified":"2026-09-04T11:06:17","modified_gmt":"2026-09-04T11:06:17","slug":"lidri-opozice-se-sesli-pred-ustavnim-soudem-napadli-zmenu-zakona-o-rozpoctove-odpovednosti","status":"publish","type":"post","link":"https:\/\/www.europesays.com\/cz\/202594\/","title":{"rendered":"L\u00edd\u0159i opozice se se\u0161li p\u0159ed \u00dastavn\u00edm soudem, napadli zm\u011bnu z\u00e1kona o\u00a0rozpo\u010dtov\u00e9 odpov\u011bdnosti"},"content":{"rendered":"<p class=\"c_bB\">\u201eMy tomu \u0159\u00edk\u00e1me z\u00e1kon o\u00a0rozpo\u010dtov\u00e9 neodpov\u011bdnosti. A\u00a0na na\u0161em pod\u00e1n\u00ed k\u00a0\u00dastavn\u00edmu soudu jsme si dali pe\u010dliv\u011b z\u00e1le\u017eet,\u201c ujistil poslanec Marek Benda (ODS). <\/p>\n<p class=\"c_bB\">P\u0159izvukoval mu i\u00a0poslanec STAN Karel Dvo\u0159\u00e1k. \u201e\u0158\u00edk\u00e1me tomu z\u00e1kon o\u00a0rozpo\u010dtov\u00e9 neodpov\u011bdnosti. A\u00a0na na\u0161em pod\u00e1n\u00ed k\u00a0\u00dastavn\u00edmu soudu jsme si dali pe\u010dliv\u011b z\u00e1le\u017eet,\u201c ujistil poslanec Dvo\u0159\u00e1k. \u201eVl\u00e1da z\u00e1kon protla\u010dila na s\u00edlu a\u00a0norma je v\u00a0rozporu se z\u00e1jmy ob\u010dan\u016f. \u0158\u00edk\u00e1 to prezident, Sen\u00e1t i\u00a0\u0159ada p\u0159edn\u00edch ekonom\u016f,\u201c uvedl.<\/p>\n<p class=\"c_bB\">P\u0159isadil si i\u00a0\u0161\u00e9f lidovc\u016f a\u00a0hejtman Jihomoravsk\u00e9ho kraje Jan Grolich. \u201eVl\u00e1da neum\u00ed sestavit rozpo\u010det, a\u00a0tak hled\u00e1 pr\u00e1vn\u00ed kli\u010dky m\u00edsto toho, aby hledala \u00faspory. Koalice pot\u0159ebovala jen rozvolnit pravidla. Schodek rozpo\u010dtu je neod\u016fvodn\u011bn\u00fd, upozor\u0148uj\u00ed na to ekonomov\u00e9 a\u00a0my jako opozice se na tom shodujeme,\u201c \u0159ekl. <\/p>\n<p><a data-dot=\"atm-link\" target=\"_self\" href=\"https:\/\/www.novinky.cz\/clanek\/domaci-motoriste-chteji-seskrtat-schodek-rozpoctu-o-20-miliard-40595950\" class=\"c_I\" rel=\"nofollow noopener\"><img fetchpriority=\"high\" height=\"2304\" width=\"4096\" src=\"https:\/\/www.europesays.com\/cz\/wp-content\/uploads\/2026\/09\/1788519977_687_59be.jpeg\" loading=\"eager\" decoding=\"sync\" class=\"c_t c_r\"\/><\/a><\/p>\n<p class=\"c_bB\">Poslankyn\u011b Vendula Svobodov\u00e1 (Pir\u00e1ti) zase upozornila, \u017ee v\u00a0p\u0159\u00edpad\u011b v\u00e1gn\u011b definovan\u00e9ho ohro\u017een\u00ed zem\u011b by se mohly v\u00fddaje st\u00e1tu je\u0161t\u011b zvy\u0161ovat, o\u00a0\u010dem\u017e by p\u0159itom rozhodovala bezpe\u010dnostn\u00ed rada, kde ov\u0161em zasedaj\u00ed vl\u00e1dn\u00ed minist\u0159i v\u00a0\u010dele s\u00a0premi\u00e9rem Andrejem Babi\u0161em (ANO). <\/p>\n<p class=\"c_bB\">Mat\u011bj Ond\u0159ej Havel (TOP 09) hovo\u0159il dokonce o\u00a0\u00fanosu st\u00e1tu. \u201eMy nechceme, aby \u00dastavn\u00ed soud sn\u00ed\u017eil schodek rozpo\u010dtu, ale aby tu debatu o\u00a0financov\u00e1n\u00ed vr\u00e1til zp\u011bt do koryta a\u00a0mezi svodidla. Babi\u0161 a\u00a0jeho suita se toti\u017e sna\u017e\u00ed o\u00a0\u00fanos na\u0161eho st\u00e1tu,\u201c varoval.<\/p>\n<p class=\"c_bB\">Sn\u011bmovna p\u0159ehlasovala minulou st\u0159edu veto hlavy st\u00e1tu v\u00a0pevn\u011b stanoven\u00fd \u010das, a\u00a0to hlasy 104\u00a0p\u0159\u00edtomn\u00fdch koali\u010dn\u00edch poslanc\u016f. Pot\u0159eba jich bylo nejm\u00e9n\u011b 101.\u00a0P\u0159edloze se z\u00e1konod\u00e1rci v\u011bnovali zhruba p\u011bt hodin \u010dist\u00e9ho \u010dasu. V\u00a0\u0159\u00e1dn\u00e9 debat\u011b ale stihl vystoupit jedin\u00fd z\u00a033\u00a0p\u0159ihl\u00e1\u0161en\u00fdch poslanc\u016f, na co\u017e hodl\u00e1 opozice soud tak\u00e9 upozornit.<\/p>\n<p class=\"c_bB\">\u00dastavn\u00ed soud ji\u017e potvrdil, \u017ee opozi\u010dn\u00ed pod\u00e1n\u00ed obdr\u017eel. V\u00a0nejbli\u017e\u0161\u00ed dob\u011b by m\u011bl b\u00fdt zn\u00e1m i\u00a0soudce zpravodaj, kter\u00fd p\u0159\u00edpad dostane na starosti.<\/p>\n<p class=\"c_bB\">Vl\u00e1da tvrd\u00ed, \u017ee d\u00edky upraven\u00fdm pravidl\u016fm m\u016f\u017ee sestavovat odpov\u011bdn\u00fd a\u00a0realistick\u00fd rozpo\u010det. Podle kritik\u016f ale novela ohro\u017euje dlouhodobou udr\u017eitelnost ve\u0159ejn\u00fdch financ\u00ed a\u00a0oslabuje poslaneckou kontrolu ve\u0159ejn\u00fdch pen\u011bz ve prosp\u011bch vl\u00e1dy. Opozi\u010dn\u00ed l\u00edd\u0159i mluv\u00ed o\u00a0naru\u0161en\u00ed d\u011blby moci.<\/p>\n<p><a data-dot=\"atm-link\" target=\"_self\" href=\"https:\/\/www.novinky.cz\/clanek\/domaci-macinka-a-okamura-bombarduji-rozpocet-je-to-divadlo-shoduji-se-politologove-40595680\" class=\"c_I\" rel=\"nofollow noopener\"><img height=\"1692\" width=\"3008\" src=\"https:\/\/www.europesays.com\/cz\/wp-content\/uploads\/2026\/09\/1788519977_917_3492.mpo.jpeg\" loading=\"eager\" decoding=\"sync\" class=\"c_t c_r\"\/><\/a><\/p>\n","protected":false},"excerpt":{"rendered":"\u201eMy tomu \u0159\u00edk\u00e1me z\u00e1kon o\u00a0rozpo\u010dtov\u00e9 neodpov\u011bdnosti. A\u00a0na na\u0161em pod\u00e1n\u00ed k\u00a0\u00dastavn\u00edmu soudu jsme si dali pe\u010dliv\u011b z\u00e1le\u017eet,\u201c ujistil poslanec&hellip;\n","protected":false},"author":2,"featured_media":202595,"comment_status":"","ping_status":"","sticky":false,"template":"","format":"standard","meta":{"footnotes":"","_share_on_mastodon":"0"},"categories":[10],"tags":[17,21,1160,14362,18744,16916,16,137,18,19,22,1067,23425,37321,20],"class_list":["post-202594","post","type-post","status-publish","format-standard","has-post-thumbnail","category-zpravy","tag-headlines","tag-hlavni-udalosti","tag-jan-grolich","tag-karel-dvorak-politik","tag-marek-benda","tag-matej-ondrej-havel","tag-news","tag-rozpocet","tag-top-news","tag-top-stories","tag-udalosti-dne","tag-ustavni-soud","tag-ustavni-stiznost","tag-vendula-svobodova","tag-zpravy"],"share_on_mastodon":{"url":"https:\/\/pubeurope.com\/@cz\/117212452438911913","error":""},"_links":{"self":[{"href":"https:\/\/www.europesays.com\/cz\/wp-json\/wp\/v2\/posts\/202594","targetHints":{"allow":["GET"]}}],"collection":[{"href":"https:\/\/www.europesays.com\/cz\/wp-json\/wp\/v2\/posts"}],"about":[{"href":"https:\/\/www.europesays.com\/cz\/wp-json\/wp\/v2\/types\/post"}],"author":[{"embeddable":true,"href":"https:\/\/www.europesays.com\/cz\/wp-json\/wp\/v2\/users\/2"}],"replies":[{"embeddable":true,"href":"https:\/\/www.europesays.com\/cz\/wp-json\/wp\/v2\/comments?post=202594"}],"version-history":[{"count":0,"href":"https:\/\/www.europesays.com\/cz\/wp-json\/wp\/v2\/posts\/202594\/revisions"}],"wp:featuredmedia":[{"embeddable":true,"href":"https:\/\/www.europesays.com\/cz\/wp-json\/wp\/v2\/media\/202595"}],"wp:attachment":[{"href":"https:\/\/www.europesays.com\/cz\/wp-json\/wp\/v2\/media?parent=202594"}],"wp:term":[{"taxonomy":"category","embeddable":true,"href":"https:\/\/www.europesays.com\/cz\/wp-json\/wp\/v2\/categories?post=202594"},{"taxonomy":"post_tag","embeddable":true,"href":"https:\/\/www.europesays.com\/cz\/wp-json\/wp\/v2\/tags?post=202594"}],"curies":[{"name":"wp","href":"https:\/\/api.w.org\/{rel}","templated":true}]}}