{"id":202596,"date":"2026-09-04T11:08:11","date_gmt":"2026-09-04T11:08:11","guid":{"rendered":"https:\/\/www.europesays.com\/cz\/202596\/"},"modified":"2026-09-04T11:08:11","modified_gmt":"2026-09-04T11:08:11","slug":"hasici-v-prazskych-repich-spustili-mladou-vyjezdovku-pripravuje-budouci-cleny-jednotky-pozary-cz-ohnisko-zhavych-zprav","status":"publish","type":"post","link":"https:\/\/www.europesays.com\/cz\/202596\/","title":{"rendered":"Hasi\u010di v\u00a0pra\u017esk\u00fdch \u0158ep\u00edch spustili Mladou v\u00fdjezdovku, p\u0159ipravuje budouc\u00ed \u010dleny jednotky | PO\u017d\u00c1RY.cz &#8211; ohnisko \u017ehav\u00fdch zpr\u00e1v"},"content":{"rendered":"\n<p>Jednotka dobrovoln\u00fdch hasi\u010d\u016f v\u00a0pra\u017esk\u00fdch \u0158ep\u00edch spustila od za\u010d\u00e1tku z\u00e1\u0159\u00ed pilotn\u00ed projekt nazvan\u00fd Mlad\u00e1 v\u00fdjezdovka. Jeho c\u00edlem je zapojit do \u010dinnosti sboru mlad\u00e9 hasi\u010de ve v\u011bku od 15\u00a0do 18\u00a0let a p\u0159ipravit je na budouc\u00ed p\u016fsoben\u00ed v\u00a0jednotce po\u017e\u00e1rn\u00ed ochrany.<\/p>\n<p><img loading=\"lazy\" decoding=\"async\" src=\"https:\/\/www.europesays.com\/cz\/wp-content\/uploads\/2026\/09\/v2mo8s72qu.800.jpg\" width=\"800\" alt=\"\" title=\"\" data-href=\"https:\/\/storage.pozary.cz\/article\/6\/a\/6a99ddc5cdd3c\/v2mo8s72qu.1400.jpg\" height=\"600\"\/><\/p>\n<p>Podle \u0159epsk\u00fdch hasi\u010d\u016f dosud vznikala po ukon\u010den\u00ed ml\u00e1de\u017enick\u00e9ho po\u017e\u00e1rn\u00edho sportu n\u011bkolikalet\u00e1 mezera. \u010clenov\u00e9 mlad\u0161\u00ed 18\u00a0let se je\u0161t\u011b nemohou plnohodnotn\u011b zapojit do v\u00fdjezdov\u00e9 jednotky a \u010d\u00e1st z\u00a0nich proto od hasi\u010diny odch\u00e1zela nebo hledala jin\u00e9 vy\u017eit\u00ed.<\/p>\n<p>\u201eChceme to zm\u011bnit, proto\u017ee jednotka st\u00e1rne a mlad\u00e1 krev je pot\u0159eba,\u201c uvedli hasi\u010di. Mlad\u00ed \u010dlenov\u00e9 SDH se proto nov\u011b \u00fa\u010dastn\u00ed pravideln\u00fdch sch\u016fzek jednotky, pom\u00e1haj\u00ed p\u0159i vybran\u00fdch akc\u00edch pro m\u011bstskou \u010d\u00e1st a postupn\u011b se seznamuj\u00ed s\u00a0p\u00e9\u010d\u00ed o\u00a0techniku, pou\u017e\u00edvan\u00fdm vybaven\u00edm a z\u00e1kladn\u00edmi postupy p\u0159i \u010dinnosti hasi\u010d\u016f.<\/p>\n<p>Smyslem projektu je, aby po dosa\u017een\u00ed 18\u00a0let a absolvov\u00e1n\u00ed p\u0159edepsan\u00e9ho odborn\u00e9ho kurzu mohli nov\u00ed \u010dlenov\u00e9 co nejrychleji plynule p\u0159ej\u00edt do v\u00fdjezdov\u00e9 jednotky a nav\u00e1zat na zku\u0161enosti z\u00edskan\u00e9 b\u011bhem p\u0159\u00edpravy.<\/p>\n<p>Mlad\u00e1 v\u00fdjezdovka m\u00e1 za sebou tak\u00e9 prvn\u00ed praktick\u00e9 \u010dinnosti. V\u00a0uplynul\u00fdch dnech jej\u00ed \u010dlenov\u00e9 pom\u00e1hali s\u00a0pln\u011bn\u00edm vody do zavla\u017eovac\u00edch vak\u016f u\u00a0mlad\u00fdch stromk\u016f na \u00fazem\u00ed m\u011bstsk\u00e9 \u010d\u00e1sti Praha 17.\u00a0Sou\u010d\u00e1st\u00ed programu byl tak\u00e9 prvn\u00ed v\u00fdcvik s\u00a0pou\u017eit\u00edm vysokotlak\u00e9ho proudu\u00a0vody.<\/p>\n<p>Projekt je zat\u00edm nastaven jako pilotn\u00ed a vyu\u017e\u00edv\u00e1 p\u0159edev\u0161\u00edm mlad\u00e9 \u010dleny, kte\u0159\u00ed u\u017e p\u016fsob\u00ed v\u00a0\u0159epsk\u00e9m SDH a v\u011bnuj\u00ed se po\u017e\u00e1rn\u00edmu sportu. Pokud se podle hasi\u010d\u016f osv\u011bd\u010d\u00ed, cht\u011bj\u00ed do budoucna Mladou v\u00fdjezdovku otev\u0159\u00edt tak\u00e9 dal\u0161\u00edm z\u00e1jemc\u016fm z\u00a0\u0159ad ml\u00e1de\u017ee mimo\u00a0sbor.<\/p>\n<p> Zdroj: Hasi\u010di \u0158epy <\/p>\n","protected":false},"excerpt":{"rendered":"Jednotka dobrovoln\u00fdch hasi\u010d\u016f v\u00a0pra\u017esk\u00fdch \u0158ep\u00edch spustila od za\u010d\u00e1tku z\u00e1\u0159\u00ed pilotn\u00ed projekt nazvan\u00fd Mlad\u00e1 v\u00fdjezdovka. Jeho c\u00edlem je zapojit&hellip;\n","protected":false},"author":2,"featured_media":202597,"comment_status":"","ping_status":"","sticky":false,"template":"","format":"standard","meta":{"footnotes":"","_share_on_mastodon":"0"},"categories":[30],"tags":[98,99],"class_list":["post-202596","post","type-post","status-publish","format-standard","has-post-thumbnail","category-praha","tag-prague","tag-praha"],"share_on_mastodon":{"url":"https:\/\/pubeurope.com\/@cz\/117212460729710288","error":""},"_links":{"self":[{"href":"https:\/\/www.europesays.com\/cz\/wp-json\/wp\/v2\/posts\/202596","targetHints":{"allow":["GET"]}}],"collection":[{"href":"https:\/\/www.europesays.com\/cz\/wp-json\/wp\/v2\/posts"}],"about":[{"href":"https:\/\/www.europesays.com\/cz\/wp-json\/wp\/v2\/types\/post"}],"author":[{"embeddable":true,"href":"https:\/\/www.europesays.com\/cz\/wp-json\/wp\/v2\/users\/2"}],"replies":[{"embeddable":true,"href":"https:\/\/www.europesays.com\/cz\/wp-json\/wp\/v2\/comments?post=202596"}],"version-history":[{"count":0,"href":"https:\/\/www.europesays.com\/cz\/wp-json\/wp\/v2\/posts\/202596\/revisions"}],"wp:featuredmedia":[{"embeddable":true,"href":"https:\/\/www.europesays.com\/cz\/wp-json\/wp\/v2\/media\/202597"}],"wp:attachment":[{"href":"https:\/\/www.europesays.com\/cz\/wp-json\/wp\/v2\/media?parent=202596"}],"wp:term":[{"taxonomy":"category","embeddable":true,"href":"https:\/\/www.europesays.com\/cz\/wp-json\/wp\/v2\/categories?post=202596"},{"taxonomy":"post_tag","embeddable":true,"href":"https:\/\/www.europesays.com\/cz\/wp-json\/wp\/v2\/tags?post=202596"}],"curies":[{"name":"wp","href":"https:\/\/api.w.org\/{rel}","templated":true}]}}