{"id":202604,"date":"2026-09-04T11:14:16","date_gmt":"2026-09-04T11:14:16","guid":{"rendered":"https:\/\/www.europesays.com\/cz\/202604\/"},"modified":"2026-09-04T11:14:16","modified_gmt":"2026-09-04T11:14:16","slug":"ve-spanelsku-namerili-pres-45-c-nejvic-v-tomto-roce","status":"publish","type":"post","link":"https:\/\/www.europesays.com\/cz\/202604\/","title":{"rendered":"Ve \u0160pan\u011blsku nam\u011b\u0159ili p\u0159es 45\u00a0\u00b0C, nejv\u00edc v\u00a0tomto roce"},"content":{"rendered":"<p class=\"c_bB\">Ji\u017en\u00ed Evropa pro\u017e\u00edv\u00e1 i\u00a0na za\u010d\u00e1tku podzimu dal\u0161\u00ed extr\u00e9mn\u00ed vlnu veder. Ve \u0160pan\u011blsku jsou teploty oproti b\u011b\u017en\u00fdm hodnot\u00e1m a\u017e o\u00a0deset stup\u0148\u016f vy\u0161\u0161\u00ed. Ve \u010dtvrtek 3.\u00a0z\u00e1\u0159\u00ed nam\u011b\u0159ili na leti\u0161ti Tablada v\u00a0Seville 45,1\u00a0\u00b0C. Tato hodnota vyrovnala leto\u0161n\u00ed nejvy\u0161\u0161\u00ed teploty z\u00a022.\u00a0a\u00a023.\u00a0\u010dervna, kdy bylo stejn\u011b teplo v\u00a0And\u00fajaru, respektive Montoru. <\/p>\n<p class=\"c_bB\">Velmi tepl\u00e1 byla i\u00a0noc na p\u00e1tek, kdy teploty na n\u011bkter\u00fdch stanic\u00edch neklesly pod 26\u00a0\u00b0C, v\u010detn\u011b obce Capdepera na Mallorce. <\/p>\n<p><a data-dot=\"atm-link\" target=\"_self\" href=\"https:\/\/www.novinky.cz\/clanek\/pocasi-studena-fronta-prinese-bourky-a-silne-narazy-vetru-varuji-meteorologove-40596026\" class=\"c_I\" rel=\"nofollow noopener\"><img fetchpriority=\"high\" height=\"1019\" width=\"1812\" src=\"https:\/\/www.europesays.com\/cz\/wp-content\/uploads\/2026\/09\/1788520453_751_windy-vitr-pocasi.png\" loading=\"eager\" decoding=\"sync\" class=\"c_t c_r\"\/><\/a><img height=\"1113\"   width=\"1633\" src=\"https:\/\/www.europesays.com\/cz\/wp-content\/uploads\/2026\/09\/pocasi-spanelsko-teploty.png\" loading=\"eager\" decoding=\"sync\" class=\"c_t c_r\"\/>Foto: Windy<\/p>\n<p class=\"c_bB\">Odpoledn\u00ed teploty stoupaj\u00ed v\u00a0t\u011bchto dnech ve \u0160pan\u011blsku nad 40\u00a0\u00b0C.<\/p>\n<p class=\"c_bB\">M\u011bs\u00ed\u010dn\u00ed rekordy padaly i\u00a0na jihu <a data-dot=\"atm-link\" target=\"_blank\" rel=\"noopener nofollow\" href=\"https:\/\/x.com\/MystereMeteo\/status\/2095582298796134533\" class=\"c_I\">Francie<\/a>, nap\u0159\u00edklad ve m\u011bst\u011b Perpignan nedaleko \u0161pan\u011blsk\u00fdch hranic nam\u011b\u0159ili 36,9\u00a0\u00b0C, \u010d\u00edm\u017e byl p\u0159ekon\u00e1n 90\u00a0let star\u00fd rekord. <\/p>\n<p class=\"c_bB\">Velmi teplo bylo i\u00a0v <a data-dot=\"atm-link\" target=\"_blank\" rel=\"noopener nofollow\" href=\"https:\/\/meteo.hr\/podaci.php?param=dnevext&amp;section=podaci_vrijeme\" class=\"c_I\">Chorvatsku<\/a>. Zadar a\u00a0\u0160ibenik hl\u00e1sili ve \u010dtvrtek shodn\u011b 36,5\u00a0\u00b0C, ve Splitu bylo 35,5\u00a0\u00b0C. Velmi tepl\u00e1 byla i\u00a0noc na p\u00e1tek, kdy v\u00a0Dubrovn\u00edku neklesla teplota pod 28,3\u00a0\u00b0C. <\/p>\n<p class=\"c_bB\">Teploty by m\u011bly stoupat ve \u0160pan\u011blsku nad 40\u00a0\u00b0C i\u00a0b\u011bhem p\u00e1tku a\u00a0na n\u011bkter\u00fdch m\u00edstech na severov\u00fdchod\u011b by mohlo b\u00fdt \u010dty\u0159icet stup\u0148\u016f i\u00a0o v\u00edkendu. Abnorm\u00e1ln\u011b vysok\u00e9 teploty na za\u010d\u00e1tek z\u00e1\u0159\u00ed by pak mohly z\u016fstat i\u00a0p\u0159\u00ed\u0161t\u00ed t\u00fdden na v\u011bt\u0161in\u011b poloostrova, i\u00a0kdy\u017e u\u017e nemus\u00ed b\u00fdt p\u0159es 40\u00a0\u00b0C. <\/p>\n<p class=\"c_bB\">Teploty by mohly stoupat v\u00a0n\u00e1sleduj\u00edc\u00edch dnech ke 40\u00a0\u00b0C i\u00a0na jihu Francie, v\u00a0It\u00e1lii a\u00a0na Balk\u00e1n\u011b. <\/p>\n<p class=\"c_bB\">V\u00a0\u010cesku by v\u00a0p\u00e1tek m\u011bly teploty stoupat na jihu Moravy a\u017e k\u00a031\u00a0\u00b0C. V\u00a0sobotu v\u0161ak p\u0159inese ochlazen\u00ed studen\u00e1 fronta.<\/p>\n<p><a data-dot=\"atm-link\" target=\"_self\" href=\"https:\/\/www.novinky.cz\/clanek\/pocasi-evropu-rozdeli-extremni-vedra-a-studena-fronta-40595948\" class=\"c_I\" rel=\"nofollow noopener\"><img height=\"1080\" width=\"1920\" src=\"https:\/\/www.europesays.com\/cz\/wp-content\/uploads\/2026\/09\/1788520456_280_windy-teplota-pocasi.png\" loading=\"eager\" decoding=\"sync\" class=\"c_t c_r\"\/><\/a><\/p>\n","protected":false},"excerpt":{"rendered":"Ji\u017en\u00ed Evropa pro\u017e\u00edv\u00e1 i\u00a0na za\u010d\u00e1tku podzimu dal\u0161\u00ed extr\u00e9mn\u00ed vlnu veder. Ve \u0160pan\u011blsku jsou teploty oproti b\u011b\u017en\u00fdm hodnot\u00e1m a\u017e&hellip;\n","protected":false},"author":2,"featured_media":202605,"comment_status":"","ping_status":"","sticky":false,"template":"","format":"standard","meta":{"footnotes":"","_share_on_mastodon":"0"},"categories":[7],"tags":[43,42,41,40,255,950,33375,3658],"class_list":["post-202604","post","type-post","status-publish","format-standard","has-post-thumbnail","category-cesko","tag-ceska-republika","tag-cesko","tag-czech-republic","tag-czechia","tag-pocasi","tag-spanelsko","tag-vlna-veder","tag-vysoke-teploty"],"share_on_mastodon":{"url":"https:\/\/pubeurope.com\/@cz\/117212484266830921","error":""},"_links":{"self":[{"href":"https:\/\/www.europesays.com\/cz\/wp-json\/wp\/v2\/posts\/202604","targetHints":{"allow":["GET"]}}],"collection":[{"href":"https:\/\/www.europesays.com\/cz\/wp-json\/wp\/v2\/posts"}],"about":[{"href":"https:\/\/www.europesays.com\/cz\/wp-json\/wp\/v2\/types\/post"}],"author":[{"embeddable":true,"href":"https:\/\/www.europesays.com\/cz\/wp-json\/wp\/v2\/users\/2"}],"replies":[{"embeddable":true,"href":"https:\/\/www.europesays.com\/cz\/wp-json\/wp\/v2\/comments?post=202604"}],"version-history":[{"count":0,"href":"https:\/\/www.europesays.com\/cz\/wp-json\/wp\/v2\/posts\/202604\/revisions"}],"wp:featuredmedia":[{"embeddable":true,"href":"https:\/\/www.europesays.com\/cz\/wp-json\/wp\/v2\/media\/202605"}],"wp:attachment":[{"href":"https:\/\/www.europesays.com\/cz\/wp-json\/wp\/v2\/media?parent=202604"}],"wp:term":[{"taxonomy":"category","embeddable":true,"href":"https:\/\/www.europesays.com\/cz\/wp-json\/wp\/v2\/categories?post=202604"},{"taxonomy":"post_tag","embeddable":true,"href":"https:\/\/www.europesays.com\/cz\/wp-json\/wp\/v2\/tags?post=202604"}],"curies":[{"name":"wp","href":"https:\/\/api.w.org\/{rel}","templated":true}]}}