{"id":202624,"date":"2026-09-04T11:29:17","date_gmt":"2026-09-04T11:29:17","guid":{"rendered":"https:\/\/www.europesays.com\/cz\/202624\/"},"modified":"2026-09-04T11:29:17","modified_gmt":"2026-09-04T11:29:17","slug":"ceska-vlajka-se-vraci-na-ms-v-historickych-statistikach-ale-nikdy-nezmizela","status":"publish","type":"post","link":"https:\/\/www.europesays.com\/cz\/202624\/","title":{"rendered":"\u010cesk\u00e1 vlajka se vrac\u00ed na MS. V\u00a0historick\u00fdch statistik\u00e1ch ale nikdy nezmizela"},"content":{"rendered":"<p class=\"b_bA\">Berl\u00edn (od na\u0161\u00ed zpravodajky)\u00a0\u2013 \u010cesk\u00fd \u017eensk\u00fd basketbal je po letech odmlky op\u011bt na vzestupu. Sv\u011b\u0159enkyn\u011b Romany Pt\u00e1\u010dkov\u00e9 sice na sv\u011btov\u00e9m \u0161ampion\u00e1tu ne\u010dek\u00e1 nic lehk\u00e9ho (ve skupin\u011b maj\u00ed It\u00e1lii, \u010c\u00ednu a\u00a0Spojen\u00e9 st\u00e1ty), ale u\u017e \u00fa\u010dast\u00ed mezi \u0161estn\u00e1ctkou nejlep\u0161\u00edch nav\u00e1zaly na \u00fasp\u011b\u0161nou generaci, kter\u00e1 p\u0159ed \u0161estn\u00e1cti lety slavila dokonce sv\u011btov\u00e9 st\u0159\u00edbro.<\/p>\n<p class=\"b_bA\">Poprv\u00e9 v\u00a0samostatn\u00e9 historii \u010ceska startovala \u017eensk\u00e1 reprezentace na mistrovstv\u00ed sv\u011bta p\u0159esn\u011b p\u0159ed dvaceti lety. V\u00a0roce 2006\u00a0si \u010ce\u0161ky v\u016fbec nevedly \u0161patn\u011b, s\u00a0u\u017e tehdy siln\u00fdmi Spojen\u00fdmi st\u00e1ty prohr\u00e1ly \u201epouze\u201c o\u00a0t\u0159in\u00e1ct, co\u017e je v\u016fbec nejmen\u0161\u00ed rozd\u00edl ve vz\u00e1jemn\u00fdch \u010desko-americk\u00fdch souboj\u00edch. V\u00a0Braz\u00edlii obsadily 7.\u00a0m\u00edsto.<\/p>\n<p><a data-dot=\"atm-link\" target=\"_self\" href=\"https:\/\/www.sport.cz\/clanek\/basketbal-cesky-budou-hrat-v-hale-pojmenovane-po-boxerovi-ktery-tajil-sve-hrdinstvi-5526755\" class=\"b_V g_ig\" rel=\"nofollow noopener\"><img fetchpriority=\"high\" height=\"2048\" width=\"2730\" src=\"https:\/\/www.europesays.com\/cz\/wp-content\/uploads\/2026\/09\/1788521354_755_max-schmeling-halle-basketbal.jpeg\" loading=\"eager\" decoding=\"sync\" class=\"b_B b_z\"\/><\/a><\/p>\n<p class=\"b_bA\">O \u010dty\u0159i roky pozd\u011bji na dom\u00e1c\u00edm \u0161ampion\u00e1tu p\u0159edvedly \u010ce\u0161ky nezapomenutelnou j\u00edzdu. Ve skupin\u011b nesta\u010dily pouze o\u00a0t\u0159i body na Rusky, dv\u011b v\u00fdhry a\u00a0jedna prohra v\u00a0osmifin\u00e1lov\u00e9 skupin\u011b jim do \u010dtvrtfin\u00e1le p\u0159isoudily obh\u00e1jkyn\u011b zlata Australanky. Neskute\u010dn\u00fd v\u00fdkon a\u00a0v\u00fdhra 79:68\u00a0posunula \u010ce\u0161ky do boj\u016f o\u00a0medaile.<\/p>\n<p class=\"b_bA\">Kdy\u017e pak v\u00a0semifin\u00e1le v\u00a0prodlou\u017een\u00ed udolaly B\u011blorusky, bylo o\u00a0historicky prvn\u00ed \u010desk\u00e9 basketbalov\u00e9 medaili ze sv\u011btov\u00e9ho \u0161ampion\u00e1tu jasno. I\u00a0kdy\u017e ve fin\u00e1le byly Ameri\u010danky nad \u010desk\u00e9 s\u00edly, st\u0159\u00edbro m\u011blo pro dom\u00e1c\u00ed hr\u00e1\u010dky p\u0159\u00edchu\u0165 zlata.<\/p>\n<p class=\"b_bA\">V\u00a0roce 2010\u00a0slavily i\u00a0individu\u00e1ln\u00ed \u00fasp\u011bchy\u00a0\u2013 neju\u017eite\u010dn\u011bj\u0161\u00ed hr\u00e1\u010dkou turnaje byla zvolena rozehr\u00e1va\u010dka Hana Hor\u00e1kov\u00e1, kter\u00e1 se spole\u010dn\u011b s\u00a0Evou V\u00edte\u010dkovou dostala i\u00a0do All star t\u00fdmu.<\/p>\n<p><img height=\"1226\"   width=\"1800\" src=\"https:\/\/www.europesays.com\/cz\/wp-content\/uploads\/2026\/09\/basketbal-ms-2010.jpeg\" loading=\"eager\" decoding=\"sync\" class=\"b_B b_z\"\/>Foto: Profimedia.cz<\/p>\n<p class=\"b_bA\">Historick\u00e1 st\u0159\u00edbrn\u00e1 medaile \u010desk\u00fdch basketbalistek z\u00a0MS 2010<\/p>\n<p class=\"b_bA\">Po dom\u00e1c\u00edm MS za\u010dala siln\u00e1 generace \u010ce\u0161ek proch\u00e1zet obm\u011bnou. Polovina t\u00fdmu se zm\u011bnila, ale n\u00e1rodn\u00ed t\u00fdm nechyb\u011bl ani v\u00a0roce 2014\u00a0v\u00a0Turecku. U\u017e tehdy byla v\u00a0k\u00e1dru Alena Hanu\u0161ov\u00e1, kter\u00e1 se letos na sv\u011btov\u00e9m \u0161ampion\u00e1tu rozlou\u010d\u00ed s\u00a0reprezenta\u010dn\u00ed kari\u00e9rou.<\/p>\n<p class=\"b_bA\">P\u0159i posledn\u00ed \u00fa\u010dasti \u010ceska na MS obsadily reprezentantky po proh\u0159e ve osmifin\u00e1le s\u00a0Kanadou kone\u010dn\u00e9 dev\u00e1t\u00e9 m\u00edsto. Te\u010f, po dvan\u00e1cti letech, \u010dek\u00e1 \u010desk\u00fd n\u00e1rodn\u00ed t\u00fdm historicky \u010dtvrt\u00e1 \u00fa\u010dast mezi sv\u011btovou elitou.<\/p>\n<p><a data-dot=\"atm-link\" target=\"_self\" href=\"https:\/\/www.sport.cz\/clanek\/basketbal-reprezentaci-nejdriv-odmitla-ted-ceska-veteranka-bojuje-o-svetovy-sampionat-5514273\" class=\"b_V g_ig\" rel=\"nofollow noopener\"><img height=\"1739\" width=\"2318\" src=\"https:\/\/www.europesays.com\/cz\/wp-content\/uploads\/2026\/09\/1788521355_405_sport-basketbal.jpeg\" loading=\"eager\" decoding=\"sync\" class=\"b_B b_z\"\/><\/a><\/p>\n<p class=\"b_bA\">V\u0161echny t\u0159i \u010desk\u00e9 \u00fa\u010dasti na mistrovstv\u00ed sv\u011bta pro\u017eila pouze trojice hr\u00e1\u010dek\u00a0\u2013 Eva V\u00edte\u010dkov\u00e1, Petra Kulichov\u00e1 a\u00a0Jana Vesel\u00e1. V\u0161echny byly ale kl\u00ed\u010dov\u00fdmi basketbalistkami \u00fasp\u011b\u0161n\u00e9 generace. St\u0159\u00edbrn\u00fd \u0161ampion\u00e1t se pak extr\u00e9mn\u011b povedl Han\u011b Hor\u00e1kov\u00e9, kter\u00e1 i\u00a0na archivn\u00edch z\u00e1b\u011brech udivuje sv\u00fdmi v\u00fdkony dodnes.<\/p>\n<p class=\"b_bA\">Nen\u00ed proto divu, \u017ee i\u00a0kdy\u017e \u010desk\u00e1 vlaje\u010dka dvan\u00e1ct let na MS chyb\u011bla, jm\u00e9na \u010desk\u00fdch reprezentantek se v\u00a0historick\u00fdch statistik\u00e1ch \u0161ampion\u00e1tu objevuj\u00ed st\u00e1le vysoko. Pam\u011btn\u00edci roku 2010\u00a0si jist\u011b vybav\u00ed neskute\u010dnou st\u0159elu za t\u0159i body z\u00a0ruky V\u00edte\u010dkov\u00e9, za t\u0159i \u0161ampion\u00e1ty jich stihla nas\u00e1zet 43, co\u017e ji \u0159ad\u00ed na p\u00e1t\u00e9 m\u00edsto historick\u00fdch tabulek. P\u0159i dvaadvaceti odehran\u00fdch z\u00e1pasech to znamen\u00e1 dv\u011b trojky na z\u00e1pas.<\/p>\n<p class=\"b_bA\">Je\u0161t\u011b l\u00e9pe si vede Hana Hor\u00e1kov\u00e1, jej\u00ed\u017e jm\u00e9no sv\u00edt\u00ed na druh\u00e9m m\u00edst\u011b ve statistice zisk\u016f. Osmapades\u00e1t z\u00edskan\u00fdch m\u00ed\u010d\u016f z\u00a0n\u00ed d\u011bl\u00e1 druhou nej\u00fasp\u011b\u0161n\u011bj\u0161\u00ed basketbalistku v\u00a0t\u00e9to \u010dinnosti, p\u0159ekonala ji pouze \u0160pan\u011blka Amaya Valdemorov\u00e1 se sedmdes\u00e1ti zisky.<\/p>\n<p class=\"b_bA\">\u0160pan\u011blsk\u00e1 rozehr\u00e1va\u010dka ale na skv\u011bl\u00e9 \u010d\u00edslo pot\u0159ebovala \u0161estat\u0159icet z\u00e1pas\u016f, Hor\u00e1kov\u00e9 sta\u010dila polovina. To d\u011bl\u00e1 pr\u016fm\u011br 3,2\u00a0z\u00edskan\u00fdch m\u00ed\u010d\u016f na utk\u00e1n\u00ed. V\u00a0tomto ohledu zat\u00edm \u010deskou tv\u016frkyni hry nikdo v\u00a0historii nep\u0159ekonal.<\/p>\n<p class=\"b_bA\">A je\u0161t\u011b jedno prvenstv\u00ed dr\u017e\u00ed \u010desk\u00e1 hr\u00e1\u010dka. Zat\u00edmco leto\u0161n\u00ed sestava pro mistrovstv\u00ed sv\u011bta se bude muset obej\u00edt bez vysok\u00fdch pivotek, generace okolo roku 2010\u00a0se mohla na jednu dlouh\u00e1nku spolehnout\u00a0\u2013 v\u00a0k\u00e1dru n\u00e1rodn\u00edho t\u00fdmu pod ko\u0161em dominovala Petra Kulichov\u00e1. Jej\u00ed dlouh\u00e9 ruce v\u00a0jednadvaceti duelech poc\u00edtila nejedna soupe\u0159ka, jednat\u0159icet blok\u016f vedle jm\u00e9na urostl\u00e9 pivotky hovo\u0159\u00ed samo za sebe.<\/p>\n<p class=\"b_bA\">Sv\u011b\u0159enkyn\u011b Romany Pt\u00e1\u010dkov\u00e9 tak na leto\u0161n\u00edm sv\u011btov\u00e9m \u0161ampion\u00e1tu opravdu maj\u00ed na co navazovat.<\/p>\n<p><a data-dot=\"atm-link\" target=\"_self\" href=\"https:\/\/www.sport.cz\/clanek\/basketbal-ceska-v-zamori-bojuje-o-kazdou-minutu-nikdy-nevite-co-s-vami-bude-rika-5525382\" class=\"b_V g_ig\" rel=\"nofollow noopener\"><img height=\"2304\" width=\"3071\" src=\"https:\/\/www.europesays.com\/cz\/wp-content\/uploads\/2026\/09\/1788521357_200_joklova-basketbal.jpeg\" loading=\"eager\" decoding=\"sync\" class=\"b_B b_z\"\/><\/a><\/p>\n","protected":false},"excerpt":{"rendered":"Berl\u00edn (od na\u0161\u00ed zpravodajky)\u00a0\u2013 \u010cesk\u00fd \u017eensk\u00fd basketbal je po letech odmlky op\u011bt na vzestupu. Sv\u011b\u0159enkyn\u011b Romany Pt\u00e1\u010dkov\u00e9 sice&hellip;\n","protected":false},"author":2,"featured_media":202625,"comment_status":"","ping_status":"","sticky":false,"template":"","format":"standard","meta":{"footnotes":"","_share_on_mastodon":"0"},"categories":[15],"tags":[1085,46242,45869,2425,45115,94,93,2559],"class_list":["post-202624","post","type-post","status-publish","format-standard","has-post-thumbnail","category-sport","tag-basketbal","tag-eva-viteckova","tag-mistrovstvi-sveta-v-basketbalu-zen","tag-reprezentace","tag-romana-ptackova","tag-sport","tag-sports","tag-statistiky"],"share_on_mastodon":{"url":"https:\/\/pubeurope.com\/@cz\/117212542835351202","error":""},"_links":{"self":[{"href":"https:\/\/www.europesays.com\/cz\/wp-json\/wp\/v2\/posts\/202624","targetHints":{"allow":["GET"]}}],"collection":[{"href":"https:\/\/www.europesays.com\/cz\/wp-json\/wp\/v2\/posts"}],"about":[{"href":"https:\/\/www.europesays.com\/cz\/wp-json\/wp\/v2\/types\/post"}],"author":[{"embeddable":true,"href":"https:\/\/www.europesays.com\/cz\/wp-json\/wp\/v2\/users\/2"}],"replies":[{"embeddable":true,"href":"https:\/\/www.europesays.com\/cz\/wp-json\/wp\/v2\/comments?post=202624"}],"version-history":[{"count":0,"href":"https:\/\/www.europesays.com\/cz\/wp-json\/wp\/v2\/posts\/202624\/revisions"}],"wp:featuredmedia":[{"embeddable":true,"href":"https:\/\/www.europesays.com\/cz\/wp-json\/wp\/v2\/media\/202625"}],"wp:attachment":[{"href":"https:\/\/www.europesays.com\/cz\/wp-json\/wp\/v2\/media?parent=202624"}],"wp:term":[{"taxonomy":"category","embeddable":true,"href":"https:\/\/www.europesays.com\/cz\/wp-json\/wp\/v2\/categories?post=202624"},{"taxonomy":"post_tag","embeddable":true,"href":"https:\/\/www.europesays.com\/cz\/wp-json\/wp\/v2\/tags?post=202624"}],"curies":[{"name":"wp","href":"https:\/\/api.w.org\/{rel}","templated":true}]}}