{"id":202640,"date":"2026-09-04T11:46:14","date_gmt":"2026-09-04T11:46:14","guid":{"rendered":"https:\/\/www.europesays.com\/cz\/202640\/"},"modified":"2026-09-04T11:46:14","modified_gmt":"2026-09-04T11:46:14","slug":"sadisticky-mladik-z-prahy-dostal-za-zapaleni-pritelkyne-vyjimecny-trest","status":"publish","type":"post","link":"https:\/\/www.europesays.com\/cz\/202640\/","title":{"rendered":"Sadistick\u00fd mlad\u00edk z\u00a0Prahy dostal za zap\u00e1len\u00ed p\u0159\u00edtelkyn\u011b v\u00fdjime\u010dn\u00fd trest"},"content":{"rendered":"<p class=\"c_bB\">Soud ob\u017ealovan\u00e9mu rovn\u011b\u017e ulo\u017eil zabezpe\u010dovac\u00ed detenci. Po\u0161kozen\u00fdm mus\u00ed vyplatit p\u0159es t\u0159i miliony korun jako od\u0161kodn\u00e9.<\/p>\n<p class=\"c_bB\">\u201eOb\u017ealovan\u00fd se k\u00a0v\u011bt\u0161in\u011b skutk\u016f v\u00a0podstat\u011b doznal,\u201c uvedla p\u0159edsedkyn\u011b sen\u00e1tu Pavla H\u00e1jkov\u00e1 s\u00a0t\u00edm, \u017ee se mlad\u00edk v\u00a0podstat\u011b p\u0159iznal i\u00a0k pokusu o\u00a0vra\u017edu. \u201eUvedl ale, \u017ee nesouhlas\u00ed s\u00a0pr\u00e1vn\u00ed kvalifikac\u00ed a\u00a0s t\u00edm, \u017ee byl srozum\u011bn s\u00a0t\u00edm, \u017ee by mohl po\u0161kozenou usmrtit,\u201c doplnila.<\/p>\n<p class=\"c_bB\">Podle soudu ale o\u00a0pokus o\u00a0vra\u017edu, nav\u00edc s\u00a0rozmyslem a\u00a0proveden\u00fd tr\u00fdzniv\u00fdm zp\u016fsobem, zcela evidentn\u011b \u0161lo. \u201eNejen, \u017ee j\u00ed nepomohl uhasit, ale z\u00e1chranou slu\u017ebu zavolal a\u017e po 16\u00a0hodin\u00e1ch, z\u00a0obavy ov\u0161em o\u00a0sv\u00e9 zdrav\u00ed. Zran\u011bn\u00ed po\u0161kozen\u00e9 bagatelizoval, kdy \u0159\u00edkal, \u017ee sanitka nemus\u00ed sp\u011bchat,\u201c podotkla soudkyn\u011b. \u201eNelze nezm\u00ednit extr\u00e9mn\u00ed dobu, kdy j\u00ed nebyla poskytnuta prvn\u00ed pomoc a\u00a0byla vystavena nesm\u00edrn\u00fdm bolestem,\u201c dodala.<\/p>\n<p class=\"c_bB\">Vzhledem k\u00a0tomu, \u017ee podle znalky\u0148 v\u00a0Junkov\u011b p\u0159\u00edpad\u011b ve\u0161ker\u00e9 medic\u00ednsk\u00e9 prost\u0159edky selhaly a\u00a0medic\u00edna ji\u017e nem\u00e1 pro l\u00e9\u010dbu \u010di resocializaci ob\u017ealovan\u00e9ho co nab\u00eddnout, rozhodl soud o\u00a0zabezpe\u010dovac\u00ed detenci. Podle znalky\u0148 m\u00e1 Junek disoci\u00e1ln\u00ed a\u00a0sadistick\u00e9 sklony a\u00a0p\u0159edstavuje pro spole\u010dnost vysok\u00e9 riziko.<\/p>\n<p><a data-dot=\"atm-link\" target=\"_self\" href=\"https:\/\/www.novinky.cz\/clanek\/krimi-jednu-pritelkyni-zapalil-druhou-znasilnil-mucil-potkany-zabijet-pry-nechtel-tvrdil-u-soudu-40591119\" class=\"c_I\" rel=\"nofollow noopener\"><img fetchpriority=\"high\" height=\"1080\" width=\"1920\" src=\"https:\/\/www.europesays.com\/cz\/wp-content\/uploads\/2026\/09\/junek-soud.jpeg\" loading=\"eager\" decoding=\"sync\" class=\"c_t c_r\"\/><\/a><\/p>\n<p class=\"c_bB\">Junek podle st\u00e1tn\u00ed z\u00e1stupkyn\u011b v\u00a0letech 2024\u00a0a\u00a02025\u00a0v\u00a0pra\u017esk\u00fdch \u0158ep\u00edch psychicky i\u00a0fyzicky t\u00fdral svou p\u0159\u00edtelkyni. Nad\u00e1val j\u00ed, \u017ee je \u0161t\u011btka, ku*va, \u0161p\u00edna. Denn\u011b ji ml\u00e1til kv\u016fli malichernostem, oholil j\u00ed vlasy, ml\u00e1til ji teleskopick\u00fdm obu\u0161kem a\u00a0podobn\u011b. Mimo jin\u00e9 tak\u00e9 vzal jejich potkana, n\u011bkolikr\u00e1t s\u00a0n\u00edm ude\u0159il o\u00a0ze\u010f a\u00a0n\u00e1sledn\u011b po\u0161kozenou nutil, a\u0165 ukon\u010d\u00ed jeho tr\u00e1pen\u00ed. <\/p>\n<p class=\"c_bB\">\u017dena, kter\u00e1 k\u00a0n\u011bmu m\u011bla siln\u00fd citov\u00fd vztah, to ov\u0161em nedok\u00e1zala a\u00a0potkan po n\u011bkolika hodin\u00e1ch zem\u0159el na vnit\u0159n\u00ed krv\u00e1cen\u00ed. V\u0161e vyvrcholilo v\u00a0dubnu 2025, kdy d\u00edvku polil benzinem a\u00a0zap\u00e1lil. Po\u0161kozen\u00e1 utrp\u011bla pop\u00e1leniny na 16\u00a0procentech t\u011bla. Do nemocnice se dostala a\u017e druh\u00fd den, proto\u017ee se zprvu pr\u00fd shodli na tom, \u017ee nebudou volat z\u00e1chranku a\u00a0zvl\u00e1dnou to sami.<\/p>\n<p class=\"c_bB\">Junek podle spisu dlouhodob\u011b t\u00fdral zv\u00ed\u0159ata i\u00a0p\u0159edchoz\u00ed p\u0159\u00edtelkyni. U\u017e v\u00a0roce 2018\u00a0ut\u00fdral k\u00a0smrti kot\u011b, za co\u017e byl v\u00a0Kladn\u011b odsouzen trestn\u00edm p\u0159\u00edkazem. Dva roky pot\u00e9, kdy se nast\u011bhoval do bytu po\u0161kozen\u00e9, za\u010dal brut\u00e1ln\u011b t\u00fdrat potkany, kter\u00e9 si s\u00a0sebou p\u0159inesl. H\u00e1zel s\u00a0nimi o\u00a0ze\u010f, n\u011bkter\u00e9 rozpitv\u00e1val, \u0159ezal jim kon\u010detiny, hlavy a\u00a0podobn\u011b.<\/p>\n<p class=\"c_bB\">Junek si ze \u017e\u00e1rlivosti po d\u00edvce po\u017eadoval p\u0159\u00edstup k\u00a0jej\u00edmu telefonu i\u00a0po\u010d\u00edta\u010di a\u00a0vynucoval si na n\u00ed pohlavn\u00ed styk. S\u00e1m v\u00edcem\u00e9n\u011b nic ned\u011blal, jen pil a\u00a0bral drogy, n\u00e1jem za n\u011bj musela platit matka p\u0159\u00edtelkyn\u011b. Po dvou letech jej\u00ed otec Junka z\u00a0domu vyhodil, d\u00edvka se s\u00a0n\u00edm roze\u0161la. Junka to vyto\u010dilo a\u00a0za\u010dal j\u00ed vyhro\u017eovat, \u017ee roze\u0161le jej\u00ed intimn\u00ed fotky rodin\u011b a\u00a0zn\u00e1m\u00fdm. Vyhro\u017eoval j\u00ed i\u00a0jej\u00edm bl\u00edzk\u00fdm a\u00a0nakonec sn\u00edmky skute\u010dn\u011b rozeslal.<\/p>\n<p class=\"c_bB\">Junek tak\u00e9 podal tehdy \u0161estn\u00e1ctilet\u00e9 sest\u0159e sv\u00e9 p\u0159\u00edtelkyn\u011b drogu GHB, zvanou t\u00e9\u017e \u201etekut\u00e1 ext\u00e1ze\u201c. Tu d\u00edvce bez jej\u00edho v\u011bdom\u00ed nalil do d\u017eusu, i\u00a0kdy\u017e v\u011bd\u011bl, \u017ee j\u00ed je \u0161estn\u00e1ct. A\u017e pot\u00e9 j\u00ed vysv\u011btlil, co je to za l\u00e1tku, jak\u00e9 m\u00e1 \u00fa\u010dinky a\u00a0\u017ee j\u00ed to dal do pit\u00ed proto, \u201eaby ji pou\u010dil o\u00a0jej\u00edm mo\u017en\u00e9m nebezpe\u010d\u00ed.\u201c<\/p>\n<p class=\"c_bB\">Mlad\u00edk se v\u00a0podstat\u011b ke v\u0161em \u010din\u016fm p\u0159iznal, pop\u00edral pouze pokus o\u00a0vra\u017edu. P\u0159ipustil, \u017ee po\u0161kozenou benz\u00ednem polil a\u00a0zap\u00e1lil, zab\u00edt ji ale pr\u00fd necht\u011bl. \u201eAni nev\u00edm, co bylo p\u0159edt\u00edm, pro\u010d jsem se na\u0161tval. Vid\u011bl jsem rud\u011b, byl jsem extr\u00e9mn\u011b agresivn\u00ed. Podez\u00edral jsem ji z\u00a0nev\u011bry, \u017ee mi l\u017ee,\u201c popisoval Junek soudu. \u201eNev\u00edm, co se stalo. Cht\u011bl jsem ji stra\u0161n\u011b vystra\u0161it, cht\u011bl jsem z\u00a0n\u00ed vynutit p\u0159izn\u00e1n\u00ed. \u017de by se teoreticky mohla p\u0159iznat jenom ze strachu. Nem\u011bl jsem p\u0159\u00edmej d\u016fkaz, \u017ee m\u011b podv\u00e1d\u011bla, ale nev\u011b\u0159il jsem j\u00ed,\u201c prohl\u00e1sil u\u00a0soudu.<\/p>\n<p class=\"c_bB\">Znalkyn\u011b z\u00a0oboru psychologie a\u00a0psychiatrie pro Junka navrhovaly detenci. Podle nich je fascinov\u00e1n agresivitou, masov\u00fdmi vrahy, t\u011b\u0161\u00ed ho ubli\u017eovat \u017eiv\u00fdm tvor\u016fm. By\u0165 m\u00e1 sm\u00ed\u0161enou poruchu osobnosti, netrp\u00ed podle nich \u017e\u00e1dnou du\u0161evn\u00ed poruchou, kv\u016fli kter\u00e9 by m\u011bl sn\u00ed\u017een\u00e9 rozpozn\u00e1vac\u00ed \u010di ovl\u00e1dac\u00ed schopnosti.<\/p>\n<p><a data-dot=\"atm-link\" target=\"_self\" href=\"https:\/\/www.novinky.cz\/clanek\/krimi-tyran-ze-siremi-jde-za-brutalni-znasilnovani-do-vezeni-na-15-let-40592181\" class=\"c_I\" rel=\"nofollow noopener\"><img height=\"1080\" width=\"1920\" src=\"https:\/\/www.europesays.com\/cz\/wp-content\/uploads\/2026\/09\/karel-novak-obzalovani-soud.jpeg\" loading=\"eager\" decoding=\"sync\" class=\"c_t c_r\"\/><\/a><\/p>\n","protected":false},"excerpt":{"rendered":"Soud ob\u017ealovan\u00e9mu rovn\u011b\u017e ulo\u017eil zabezpe\u010dovac\u00ed detenci. Po\u0161kozen\u00fdm mus\u00ed vyplatit p\u0159es t\u0159i miliony korun jako od\u0161kodn\u00e9. \u201eOb\u017ealovan\u00fd se k\u00a0v\u011bt\u0161in\u011b&hellip;\n","protected":false},"author":2,"featured_media":202641,"comment_status":"","ping_status":"","sticky":false,"template":"","format":"standard","meta":{"footnotes":"","_share_on_mastodon":"0"},"categories":[10],"tags":[2117,17,21,16,206,18,19,2149,1103,22,2151,6861,15253,2152,20],"class_list":["post-202640","post","type-post","status-publish","format-standard","has-post-thumbnail","category-zpravy","tag-drogy","tag-headlines","tag-hlavni-udalosti","tag-news","tag-pokus-o-vrazdu","tag-top-news","tag-top-stories","tag-tyrani","tag-tyrani-zvirat","tag-udalosti-dne","tag-vydirani","tag-vyhrozovani","tag-zapaleni","tag-znasilneni","tag-zpravy"],"share_on_mastodon":{"url":"https:\/\/pubeurope.com\/@cz\/117212609834113229","error":""},"_links":{"self":[{"href":"https:\/\/www.europesays.com\/cz\/wp-json\/wp\/v2\/posts\/202640","targetHints":{"allow":["GET"]}}],"collection":[{"href":"https:\/\/www.europesays.com\/cz\/wp-json\/wp\/v2\/posts"}],"about":[{"href":"https:\/\/www.europesays.com\/cz\/wp-json\/wp\/v2\/types\/post"}],"author":[{"embeddable":true,"href":"https:\/\/www.europesays.com\/cz\/wp-json\/wp\/v2\/users\/2"}],"replies":[{"embeddable":true,"href":"https:\/\/www.europesays.com\/cz\/wp-json\/wp\/v2\/comments?post=202640"}],"version-history":[{"count":0,"href":"https:\/\/www.europesays.com\/cz\/wp-json\/wp\/v2\/posts\/202640\/revisions"}],"wp:featuredmedia":[{"embeddable":true,"href":"https:\/\/www.europesays.com\/cz\/wp-json\/wp\/v2\/media\/202641"}],"wp:attachment":[{"href":"https:\/\/www.europesays.com\/cz\/wp-json\/wp\/v2\/media?parent=202640"}],"wp:term":[{"taxonomy":"category","embeddable":true,"href":"https:\/\/www.europesays.com\/cz\/wp-json\/wp\/v2\/categories?post=202640"},{"taxonomy":"post_tag","embeddable":true,"href":"https:\/\/www.europesays.com\/cz\/wp-json\/wp\/v2\/tags?post=202640"}],"curies":[{"name":"wp","href":"https:\/\/api.w.org\/{rel}","templated":true}]}}