{"id":20265,"date":"2026-03-10T18:37:13","date_gmt":"2026-03-10T18:37:13","guid":{"rendered":"https:\/\/www.europesays.com\/cz\/20265\/"},"modified":"2026-03-10T18:37:13","modified_gmt":"2026-03-10T18:37:13","slug":"ceske-drony-ponesou-zbrane-pacifismus-majitele-uz-neni-na-prekazku","status":"publish","type":"post","link":"https:\/\/www.europesays.com\/cz\/20265\/","title":{"rendered":"\u010cesk\u00e9 drony ponesou zbran\u011b. Pacifismus majitele u\u017e nen\u00ed na p\u0159ek\u00e1\u017eku"},"content":{"rendered":"<p class=\"e_bK\">Rozhovor si tak\u00e9 m\u016f\u017eete poslechnout v\u00a0audioverzi.<\/p>\n<p class=\"e_bK\">Je\u0161t\u011b loni \u0159\u00edkal majitel Primoco Ladislav Semetkovsk\u00fd jasn\u00e9 ne zbran\u00edm ve sv\u00fdch dronech. Te\u010f je ale situace zcela jin\u00e1 a\u00a0koncem roku tak m\u00e1 b\u00fdt k\u00a0dispozici prvn\u00ed stroj t\u00e9to zna\u010dky se zbra\u0148ov\u00fdm syst\u00e9mem.<\/p>\n<p class=\"e_bK\">\u201eDo\u0161lo k\u00a0rozhodnut\u00ed, \u017ee chceme za\u010d\u00edt d\u011blat sofistikovan\u00e9 zbra\u0148ov\u00e9 syst\u00e9my, kter\u00e9 od n\u00e1s na\u0161i z\u00e1kazn\u00edci ji\u017e vy\u017eaduj\u00ed,\u201c vysv\u011btluje v\u00a0<a data-dot=\"atm-tag-link\" href=\"https:\/\/www.seznamzpravy.cz\/tag\/porad-agenda-63799\" class=\"e_m atm-tag-link\" rel=\"nofollow noopener\" target=\"_blank\">Agend\u011b<\/a> <a data-dot=\"atm-link\" target=\"_blank\" href=\"https:\/\/www.seznamzpravy.cz\/sekce\/ekonomika-194\" class=\"e_m\" rel=\"nofollow noopener\">SZ Byznys<\/a> Semetkovsk\u00fd. Podle n\u011bj firma u\u017e n\u011bkolik m\u011bs\u00edc\u016f hled\u00e1 partnera, se kter\u00fdm d\u00e1 zbra\u0148ov\u00e9 syst\u00e9my dohromady. \u201eVyb\u00edr\u00e1me z\u00a0evropsk\u00fdch v\u00fdrobc\u016f, figuruje mezi nimi i\u00a0jedna \u010desk\u00e1 firma &#8211; jak\u00e1, ale nech\u00e1m bez koment\u00e1\u0159e,\u201c popisuje Semetkovsk\u00fd.<\/p>\n<p class=\"e_bK\">Spole\u010dnost Primoco UAV SE vyr\u00e1b\u00ed pokro\u010dil\u00e9 bezpilotn\u00ed letouny (UAV) vlastn\u00ed konstrukce, prim\u00e1rn\u011b model Primoco UAV One 150.\u00a0Tyto stroje maj\u00ed rozp\u011bt\u00ed k\u0159\u00eddel t\u00e9m\u011b\u0159 5\u00a0metr\u016f, dolet a\u017e 200\u00a0km a\u00a0dobu letu i\u00a010\u00a0hodin.<\/p>\n<p>Z\u00e1kazn\u00edci to po n\u00e1s cht\u011bj\u00ed, j\u00e1 zbran\u011b d\u0159\u00edv odm\u00edtal <\/p>\n<p class=\"e_bK\">Dod\u00e1v\u00e1, \u017ee z\u00e1jem o\u00a0zbra\u0148ov\u00e9 syst\u00e9my v\u00a0dronech je obrovsk\u00fd. \u201eZ\u00e1kazn\u00edci to od n\u00e1s cht\u011bj\u00ed u\u017e deset let. My jsme z\u00a0n\u011bjak\u00e9ho d\u016fvodu i\u00a0m\u00e9ho pacifismu do t\u011bchto v\u011bc\u00ed neinvestovali, ned\u00edvali se na n\u011b. Byli jsme \u010dist\u011b pr\u016fzkumn\u00fd prost\u0159edek. Rozhodli jsme se ale, \u017ee do n\u011bjak\u00e9 \u00farovn\u011b tam pro lok\u00e1ln\u00ed pot\u0159eby budeme d\u00e1vat zbra\u0148ov\u00fd syst\u00e9m,\u201c dod\u00e1v\u00e1 Semetkovsk\u00fd.<\/p>\n<p class=\"e_bK\">Nejprve je ale podle n\u011bj pot\u0159eba se z\u00e1kazn\u00edky vydefinovat, co p\u0159esn\u011b vlastn\u011b cht\u011bj\u00ed. \u201eJedna v\u011bc je zbra\u0148ov\u00fd syst\u00e9m, druh\u00e1 v\u011bc ale je, jestli pot\u0159ebujete c\u00edl zas\u00e1hnout ve vzduchu, nebo na zemi, jak\u00fd je to c\u00edl a\u00a0podobn\u011b. Obecn\u011b je dnes velk\u00e9 t\u00e9ma, zejm\u00e9na evropsk\u00fdch zem\u00ed, ochrana p\u0159ed drony typu \u0160\u00e1hid, a\u00a0pr\u00e1v\u011b po tom je obrovsk\u00e1 popt\u00e1vka,\u201c \u0159\u00edk\u00e1 Semetkovsk\u00fd. Dnes je podle n\u011bj firma ve f\u00e1zi definice fin\u00e1ln\u00edho produktu a\u00a0prvn\u00ed prototyp bude hotov\u00fd za p\u016fl roku.<\/p>\n<p><a data-dot=\"mol-article-card-media\" aria-hidden=\"true\" tabindex=\"-1\" href=\"https:\/\/www.seznamzpravy.cz\/clanek\/ekonomika-byznys-rozhovory-rusko-je-agresor-ja-pacifista-nase-drony-proto-zbrane-neponesou-rika-vyrobce-274044\" class=\"e_m h_mi\" rel=\"nofollow noopener\" target=\"_blank\"><img fetchpriority=\"high\" height=\"2304\"   width=\"4096\" src=\"https:\/\/www.europesays.com\/cz\/wp-content\/uploads\/2026\/03\/primoco.jpeg\" loading=\"eager\" decoding=\"sync\" class=\"e_U e_S\"\/><\/a><\/p>\n<p class=\"e_bK\">\u201eM\u00e1me v\u00fdhodu, \u017ee jsme loni jako jedin\u00ed na sv\u011bt\u011b certifikovali na\u0161e letadlo podle NATO standard\u016f. Proto se n\u00e1m budou dal\u0161\u00ed technologie, v\u010detn\u011b zbra\u0148ov\u00fdch syst\u00e9m\u016f, prod\u00e1vat daleko l\u00e9pe,\u201c dod\u00e1v\u00e1 Semetkovsk\u00fd.<\/p>\n<p class=\"e_bK\">Cena za jeden stroj se nebude p\u0159\u00edli\u0161 li\u0161it od ji\u017e nyn\u00ed vyr\u00e1b\u011bn\u00fdch dron\u016f, rozd\u00edl bude v\u00a0des\u00edtk\u00e1ch tis\u00edc korun, podle n\u00e1klad\u016f za samotn\u00e9 zbran\u011b.<\/p>\n<p>Zak\u00e1zky za miliardu <\/p>\n<p class=\"e_bK\">Spole\u010dnost Primoco za lo\u0148sk\u00fd rok sice sn\u00ed\u017eila odhad o\u010dek\u00e1van\u00fdch tr\u017eeb z\u00a0500\u00a0milion\u016f na 400\u00a0milion\u016f, p\u0159esto Semetkovsk\u00fd pova\u017euje rok 2025\u00a0za rekordn\u00ed. Spole\u010dnost toti\u017e z\u00edskala zak\u00e1zky na 42\u00a0letoun\u016f. \u201ePodepsali jsme zak\u00e1zky za v\u00edce ne\u017e miliardu korun, o\u010dek\u00e1v\u00e1n\u00ed jsme ale sn\u00ed\u017eili, proto\u017ee n\u011bkter\u00e9 zak\u00e1zky se posunuly v\u00a0\u010dase a\u00a0dod\u00e1me je letos,\u201c vysv\u011btluje Semetkovsk\u00fd.<\/p>\n<p>Kdo dal\u0161\u00ed v\u00a0\u010cesku vyr\u00e1b\u00ed drony<\/p>\n<p class=\"e_bK\">V\u00fdrobou dron\u016f se v\u00a0\u010cesku zab\u00fdv\u00e1 \u0159ada firem. Krom\u011b Primoco jsou dal\u0161\u00edmi velk\u00fdmi hr\u00e1\u010di na trhu nap\u0159\u00edklad:<\/p>\n<p>Robodrone Industries: Firma z Brna, kter\u00e1 se specializuje na v\u00fdvoj a v\u00fdrobu bezpilotn\u00edch syst\u00e9m\u016f pro komer\u010dn\u00ed a obrann\u00e9 \u00fa\u010dely. Jejich vlajkovou lod\u00ed je dron SuperHornet, co\u017e je odoln\u00e1 kvadrokopt\u00e9ra s n\u00edzk\u00fdm profilem.ThunderFly: Spole\u010dnost zam\u011b\u0159en\u00e1 na v\u00fdvoj a v\u00fdrobu bezpilotn\u00edch letoun\u016f pro speci\u00e1ln\u00ed aplikace, \u010dasto vyu\u017e\u00edvan\u00fdch pro v\u011bdeck\u00e9 nebo pr\u016fmyslov\u00e9 \u00fa\u010dely.LPP Holding: Spole\u010dnost, kter\u00e1 dodala na Ukrajinu stovky dron\u016f. Specializuje se na autonomn\u00ed drony, kter\u00e9 jsou schopny provozu i bez sign\u00e1lu GPS nebo r\u00e1diov\u00e9 navigace.Airmobis: Vyr\u00e1b\u00ed drony typu VTOL (vertik\u00e1ln\u00ed vzlet a p\u0159ist\u00e1n\u00ed), nap\u0159\u00edklad model R5D, kter\u00fd je ur\u010den pro autonomn\u00ed doru\u010dov\u00e1n\u00ed n\u00e1kladu.<\/p>\n<p class=\"e_bK\">Firma m\u00e1 zak\u00e1zky nejenom pro Ukrajinu, ale d\u00edky vojensk\u00e9 certifikaci NATO m\u00e1 aktu\u00e1ln\u011b objedn\u00e1vky i\u00a0pro jin\u00e9 evropsk\u00e9 st\u00e1ty, a\u0165 u\u017e se jedn\u00e1 o\u00a0ochranu hranic, zpravodajsk\u00e9 slu\u017eby, nebo ochranu st\u00e1tu obecn\u011b. Presti\u017en\u00ed vojenskou certifikaci z\u00edskal stroj Primoco One150, kter\u00fd je v\u00a0kategorii st\u0159edn\u011b t\u011b\u017ek\u00fdch stroj\u016f do 150\u00a0kilogram\u016f jedin\u00fdm dr\u017eitelem takov\u00e9ho osv\u011bd\u010den\u00ed na sv\u011bt\u011b.<\/p>\n<p>\u0160pan\u011blsk\u00e1 Guardia Civil s\u00a0\u010desk\u00fdmi drony <\/p>\n<p class=\"e_bK\">\u201e95\u00a0procent tr\u017eeb m\u00e1me z\u00a0oblasti obrany. Probouz\u00ed se ale i\u00a0civiln\u00ed \u010d\u00e1st. Prodali jsme nap\u0159\u00edklad dva letouny do N\u011bmecka na ochranu p\u0159\u00edrody a\u00a0environment\u00e1ln\u00ed pr\u016fzkumy,\u201c \u0159\u00edk\u00e1 Semetkovsk\u00fd. V\u00a0\u0158ecku zase \u010desk\u00e9 stroje detekuj\u00ed ohniska po\u017e\u00e1r\u016f s\u00a0ohledem na meteorologickou situaci a\u00a0kontroluj\u00ed, zda jsou v\u00a0zasa\u017een\u00fdch m\u00edstech n\u011bjac\u00ed lid\u00e9. <\/p>\n<p class=\"e_bK\">Mezi nejnov\u011bj\u0161\u00ed zak\u00e1zku pak pat\u0159\u00ed dod\u00e1vka stroj\u016f \u0161pan\u011blsk\u00e9 civiln\u00ed str\u00e1\u017ei Guardia Civil z\u00a0minul\u00e9ho t\u00fddne. Guardia Civil je jednou z\u00a0hlavn\u00edch n\u00e1rodn\u00edch policejn\u00edch sil ve \u0160pan\u011blsku, kter\u00e1 m\u00e1 specifickou vojenskou povahu. Jej\u00ed operace se neomezuj\u00ed pouze na \u0161pan\u011blskou pevninu, ale zasahuj\u00ed i\u00a0hluboko do teritori\u00e1ln\u00edch vod a\u00a0na z\u00e1mo\u0159sk\u00e1 \u00fazem\u00ed mimo Pyrenejsk\u00fd poloostrov. Stroje tak budou mimo jin\u00e9 fungovat i\u00a0proti drogov\u00fdm gang\u016fm. \u201eZ pohledu tr\u017eeb jsou ale st\u00e1le dominantn\u00ed oblasti obrany,\u201c dod\u00e1v\u00e1 Semetkovsk\u00fd.<\/p>\n<p><a data-dot=\"mol-article-card-media\" aria-hidden=\"true\" tabindex=\"-1\" href=\"https:\/\/www.seznamzpravy.cz\/clanek\/ekonomika-finance-akcie-fondy-zakladatele-primoca-se-rozesli-cast-vyrobce-dronu-koupila-j-t-293186\" class=\"e_m h_mi\" rel=\"nofollow noopener\" target=\"_blank\"><img height=\"741\"   width=\"1318\" src=\"https:\/\/www.europesays.com\/cz\/wp-content\/uploads\/2026\/03\/1773167833_200_primoco.jpeg\" loading=\"eager\" decoding=\"sync\" class=\"e_U e_S\"\/><\/a><\/p>\n<p class=\"e_bK\">Spole\u010dnost u\u017e vyrobila 250\u00a0letadel, kter\u00e1 dnes l\u00e9taj\u00ed v\u00a015\u00a0zem\u00edch sv\u011bta. \u201ePrvn\u00ed v\u00e1le\u010dn\u00fd konflikt, se kter\u00fdm se na\u0161e stroje setkaly, byl Ir\u00e1k. Tam dodnes hl\u00eddaj\u00ed hranici s\u00a0Tureckem. Jsou i\u00a0v Malajsii, ale dominantn\u00ed \u010d\u00e1st je dnes v\u00a0Evrop\u011b,\u201c \u0159\u00edk\u00e1 majitel firmy.<\/p>\n<p class=\"e_bK\">Prodeje dron\u016f ale podl\u00e9haj\u00ed regulac\u00edm Evropsk\u00e9 unie nebo OSN. \u201eTak, jako v\u011bt\u0161ina bezpilotn\u00edch letoun\u016f, jsou vojensk\u00fdm materi\u00e1lem, co\u017e znamen\u00e1, \u017ee \u010cesk\u00e1 republika n\u00e1m ud\u011bluje souhlas, jestli kone\u010dn\u00e9mu z\u00e1kazn\u00edkovi, nebo zemi m\u016f\u017eeme technologii prodat,\u201c dod\u00e1v\u00e1.<\/p>\n<p class=\"e_bK\">Zat\u00edmco v\u00a0segmentu elektrick\u00fdch multikopt\u00e9r (stroj\u016f s\u00a0v\u00edce ne\u017e dv\u011bma rotory, kter\u00e9 se d\u00edky schopnosti viset ve vzduchu vyu\u017e\u00edvaj\u00ed hlavn\u011b pro nat\u00e1\u010den\u00ed a\u00a0fotografov\u00e1n\u00ed), po\u010det v\u00fdrobc\u016f roste, u\u00a0st\u0159edn\u011b t\u011b\u017ek\u00fdch bezpilotn\u00edch prost\u0159edk\u016f do 150\u00a0kilo je tomu naopak. P\u0159ed deseti lety fungovalo v\u00a0\u010cesku sedm v\u00fdrobc\u016f a\u00a0dnes pokra\u010duj\u00ed pouze \u010dty\u0159i.<\/p>\n<p>\u010cesk\u00e1 elita\u00a0\u2013 \u017deb\u0159\u00ed\u010dek nejhodnotn\u011bj\u0161\u00edch firem \u010ceska<\/p>\n<p class=\"e_bK\"><a data-dot=\"atm-link\" target=\"_blank\" href=\"https:\/\/www.seznamzpravy.cz\/tag\/ceska-elita-95008\" class=\"e_m\" rel=\"nofollow noopener\">\u010cesk\u00e1 elita 2025<\/a>.\u00a0Klikn\u011bte na banner n\u00ed\u017ee a\u00a0projd\u011bte si po\u0159ad\u00ed nejhodnotn\u011bj\u0161\u00edch firem \u010ceska. Dal\u0161\u00edm kliknut\u00edm na \u0159\u00e1dek v\u00a0tabulce nebo na interaktivn\u00ed grafiku m\u016f\u017eete zjistit podrobnosti o\u00a0firm\u011b.<\/p>\n<p class=\"e_bK\">Odborn\u00fdm garantem\u00a0\u017eeb\u0159\u00ed\u010dku TOP 100\u00a0\u010cesk\u00e9 elity je spole\u010dnost <a data-dot=\"atm-link\" target=\"_blank\" href=\"https:\/\/www.seznamzpravy.cz\/tag\/deloitte-28294\" class=\"e_m\" rel=\"nofollow noopener\">Deloitte<\/a>.<\/p>\n<p>Nov\u00e1 v\u00fdrobn\u00ed hala za 600\u00a0milion\u016f <\/p>\n<p class=\"e_bK\">Firma chce proto roz\u0161i\u0159ovat v\u00fdrobn\u00ed kapacity. Zat\u00edmco dnes vyrob\u00ed 50\u00a0a\u017e 60\u00a0letadel, u\u017e brzy by to m\u011bl b\u00fdt v\u00edce ne\u017e \u010dty\u0159n\u00e1sobek.<\/p>\n<p class=\"e_bK\">\u201eV na\u0161\u00ed tov\u00e1rn\u011b v\u00a0Praze v\u00a0Radot\u00edn\u011b jsme na maximu. Letos proto zah\u00e1j\u00edme stavbu nov\u00e9 fabriky v\u00a0P\u00edsku pobl\u00ed\u017e na\u0161eho leti\u0161t\u011b, kde prob\u00edh\u00e1 v\u00fdcvik nov\u00fdch pilot\u016f i\u00a0testov\u00e1n\u00ed nov\u00fdch technologi\u00ed. Tam bychom cht\u011bli v\u00a0pr\u016fb\u011bhu dvou\u00a0let zv\u00fd\u0161it kapacitu na zhruba 300\u00a0letoun\u016f ro\u010dn\u011b,\u201c dod\u00e1v\u00e1 Semetkovsk\u00fd. <\/p>\n<p class=\"e_bK\">V\u00fdstavba haly by m\u011bla b\u00fdt financovan\u00e1 ze zisk\u016f spole\u010dnosti Primoco a\u00a0v pr\u016fb\u011bhu dvou let by na ni m\u011blo sm\u011b\u0159ovat 600\u00a0milion\u016f korun. Firma tak\u00e9 po\u010d\u00edt\u00e1 s\u00a0t\u00edm, \u017ee ve v\u00fdrob\u011b p\u0159ibude 80\u00a0a\u017e 100\u00a0lid\u00ed. \u201eTak\u017ee ta firma bude dvakr\u00e1t v\u011bt\u0161\u00ed,\u201c dod\u00e1v\u00e1 Semetkovsk\u00fd.<\/p>\n<p class=\"e_bK\">Na cel\u00fd rozhovor se m\u016f\u017eete pod\u00edvat v\u00a0\u00favodn\u00edm videu.<\/p>\n<p>Agenda<\/p>\n<p class=\"e_bK\">\u010ctvrthodinka o\u00a0byznysu z\u00a0prvn\u00ed ruky. Rozhovory s\u00a0top l\u00eddry \u010desk\u00e9ho byznysu, zakladateli firem, odborn\u00edky.<\/p>\n<p class=\"e_bK\">Od pond\u011bl\u00ed do \u010dtvrtka na SZ Byznys a\u00a0ve v\u0161ech podcastov\u00fdch aplikac\u00edch.<\/p>\n","protected":false},"excerpt":{"rendered":"Rozhovor si tak\u00e9 m\u016f\u017eete poslechnout v\u00a0audioverzi. Je\u0161t\u011b loni \u0159\u00edkal majitel Primoco Ladislav Semetkovsk\u00fd jasn\u00e9 ne zbran\u00edm ve sv\u00fdch&hellip;\n","protected":false},"author":2,"featured_media":20266,"comment_status":"","ping_status":"","sticky":false,"template":"","format":"standard","meta":{"footnotes":"","_share_on_mastodon":"0"},"categories":[12],"tags":[9954,67,68,156,464,9953,3209,9952],"class_list":["post-20265","post","type-post","status-publish","format-standard","has-post-thumbnail","category-byznys","tag-bezpilotni-letadla","tag-business","tag-byznys","tag-ceska-elita","tag-drony","tag-ladislav-semetkovsky","tag-letouny","tag-primoco-uav"],"share_on_mastodon":{"url":"https:\/\/pubeurope.com\/@cz\/116206334337045851","error":""},"_links":{"self":[{"href":"https:\/\/www.europesays.com\/cz\/wp-json\/wp\/v2\/posts\/20265","targetHints":{"allow":["GET"]}}],"collection":[{"href":"https:\/\/www.europesays.com\/cz\/wp-json\/wp\/v2\/posts"}],"about":[{"href":"https:\/\/www.europesays.com\/cz\/wp-json\/wp\/v2\/types\/post"}],"author":[{"embeddable":true,"href":"https:\/\/www.europesays.com\/cz\/wp-json\/wp\/v2\/users\/2"}],"replies":[{"embeddable":true,"href":"https:\/\/www.europesays.com\/cz\/wp-json\/wp\/v2\/comments?post=20265"}],"version-history":[{"count":0,"href":"https:\/\/www.europesays.com\/cz\/wp-json\/wp\/v2\/posts\/20265\/revisions"}],"wp:featuredmedia":[{"embeddable":true,"href":"https:\/\/www.europesays.com\/cz\/wp-json\/wp\/v2\/media\/20266"}],"wp:attachment":[{"href":"https:\/\/www.europesays.com\/cz\/wp-json\/wp\/v2\/media?parent=20265"}],"wp:term":[{"taxonomy":"category","embeddable":true,"href":"https:\/\/www.europesays.com\/cz\/wp-json\/wp\/v2\/categories?post=20265"},{"taxonomy":"post_tag","embeddable":true,"href":"https:\/\/www.europesays.com\/cz\/wp-json\/wp\/v2\/tags?post=20265"}],"curies":[{"name":"wp","href":"https:\/\/api.w.org\/{rel}","templated":true}]}}