{"id":202662,"date":"2026-09-04T12:07:12","date_gmt":"2026-09-04T12:07:12","guid":{"rendered":"https:\/\/www.europesays.com\/cz\/202662\/"},"modified":"2026-09-04T12:07:12","modified_gmt":"2026-09-04T12:07:12","slug":"vemola-drti-lelu-prijde-byvala-playmate-o-deti","status":"publish","type":"post","link":"https:\/\/www.europesays.com\/cz\/202662\/","title":{"rendered":"V\u00e9mola drt\u00ed Lelu! P\u0159ijde b\u00fdval\u00e1 Playmate o d\u011bti?"},"content":{"rendered":"<p class=\"isSelectedEnd\">Man\u017eelstv\u00ed Karlose a Lely V\u00e9molov\u00fdch m\u00ed\u0159\u00ed k rozvodu a vedle majetku \u010di financ\u00ed se nyn\u00ed otev\u00edr\u00e1 mnohem citliv\u011bj\u0161\u00ed ot\u00e1zka. P\u00e1r spolu vychov\u00e1v\u00e1 \u0161estiletou Lili, \u010dty\u0159let\u00e9ho Rockyho a ro\u010dn\u00edho Arnolda a pr\u00e1v\u011b jejich budouc\u00ed p\u00e9\u010de se m\u016f\u017ee st\u00e1t jedn\u00edm z hlavn\u00edch bod\u016f rozvodov\u00e9ho \u0159\u00edzen\u00ed. Karlos m\u00e1 p\u0159itom jasno. S d\u011btmi chce podle sv\u00fdch slov tr\u00e1vit podstatn\u011b v\u00edce \u010dasu, ne\u017e mu v sou\u010dasnosti nab\u00edz\u00ed Lelina p\u0159edstava.<\/p>\n<p>    <a href=\"https:\/\/www.ahaonline.cz\/clanek\/zhave-drby\/236571\/lela-se-totalne-slozila-podpasovka-od-karlose-nema-obdoby.html\" rel=\"nofollow noopener\" target=\"_blank\"><\/p>\n<p>        <img decoding=\"async\" src=\"https:\/\/www.europesays.com\/cz\/wp-content\/uploads\/2026\/09\/9453106.jpg\" alt=\"Lela se tot\u00e1ln\u011b slo\u017eila! Podp\u00e1sovka od Karlose nem\u00e1 obdoby\" title=\"Lela se tot\u00e1ln\u011b slo\u017eila! Podp\u00e1sovka od Karlose nem\u00e1 obdoby\" height=\"140\" width=\"220\" class=\"lazyload \" loading=\"lazy\" \/><\/p>\n<p>    <\/a><\/p>\n<p class=\"isSelectedEnd\">\u201eM\u00e1m to tak, chci st\u0159\u00eddavou p\u00e9\u010di. Cht\u011bl jsem s Lelou rozumnou dohodu, ona na ni nechce p\u0159istoupit,\u201c \u0159ekl Super.cz V\u00e9mola. Podle z\u00e1pasn\u00edka mu m\u00e1 Lela nab\u00edzet d\u011bti pouze ka\u017ed\u00fd druh\u00fd v\u00edkend. Na takov\u00fd model ale p\u0159istoupit nechce.<\/p>\n<p class=\"isSelectedEnd\">\u201eChce mi d\u00e1t v\u00edkend ka\u017ed\u00fd sud\u00fd t\u00fdden. To je pro m\u011b m\u00e1lo. J\u00e1 chci s d\u011btmi b\u00fdt co nejv\u00edc. Bu\u010f se budeme rozumn\u011b domlouvat, nebo o d\u011bti budu muset zabojovat,\u201c prohl\u00e1sil r\u00e1zn\u011b. V posledn\u00edch t\u00fddnech se kolem rozpadaj\u00edc\u00edho se man\u017eelstv\u00ed \u0159e\u0161\u00ed tak\u00e9 pen\u00edze a v\u00fd\u017eivn\u00e9. V\u00e9mola ale tvrd\u00ed, \u017ee pr\u00e1v\u011b finance jsou pro n\u011bj a\u017e druho\u0159ad\u00e9.<\/p>\n<p class=\"isSelectedEnd\">\u201ePen\u00edze, kter\u00e9 \u0159e\u0161\u00edme, jsou pro m\u011b na posledn\u00edm m\u00edst\u011b, na prvn\u00edm m\u00edst\u011b jsou pro m\u011b d\u011bti,\u201c zd\u016fraznil. A v ot\u00e1zce sv\u00e9ho otcovstv\u00ed jde je\u0161t\u011b d\u00e1l.\u00a0\u201eChci s nimi b\u00fdt, chci je vid\u011bt. Je plno d\u011bt\u00ed, kter\u00e9 maj\u00ed t\u00e1ty, kte\u0159\u00ed se o n\u011b tolik nezaj\u00edmaj\u00ed. J\u00e1 \u00fapln\u011b nen\u00e1vid\u00edm, kdy\u017e se otec zaj\u00edm\u00e1 a je mu to up\u00edran\u00e9,\u201c dodal.<\/p>\n<p class=\"isSelectedEnd\">V\u00e9mola p\u0159itom u\u017e nyn\u00ed pe\u010duje tak\u00e9 o sv\u00e9ho \u0161estn\u00e1ctilet\u00e9ho syna Karlose z p\u0159edchoz\u00edho vztahu. Ten vyr\u016fstal s matkou v Anglii, ned\u00e1vno se ale p\u0159est\u011bhoval do \u010ceska a nyn\u00ed \u017eije se sv\u00fdm otcem. A zd\u00e1 se, \u017ee se vyd\u00e1 i v jeho profesn\u00edch stop\u00e1ch. Stejn\u011b jako slavn\u00fd Termin\u00e1tor se toti\u017e chce v\u011bnovat MMA.<\/p>\n<p>Jestli se Karlosovi a Lele poda\u0159\u00ed na p\u00e9\u010di o jejich t\u0159i spole\u010dn\u00e9 d\u011bti dohodnout, nebo nakonec bude muset rozhodovat soud, zat\u00edm jasno nen\u00ed. V\u00e9mola v\u0161ak u\u017e nyn\u00ed dal najevo, \u017ee z po\u017eadavku na v\u00fdrazn\u011b v\u011bt\u0161\u00ed pod\u00edl na p\u00e9\u010di ustupovat nehodl\u00e1.<\/p>\n<p>    <a href=\"https:\/\/www.ahaonline.cz\/clanek\/zhave-drby\/236885\/lela-vemola-ve-financni-nouzi-na-dovolene-penize-vyvarila-v-prostreno.html\" rel=\"nofollow noopener\" target=\"_blank\"><\/p>\n<p>        <img decoding=\"async\" src=\"https:\/\/www.europesays.com\/cz\/wp-content\/uploads\/2026\/09\/9945547-crop.jpg\" alt=\"Lela V\u00e9mola ve finan\u010dn\u00ed nouzi na dovolen\u00e9: Pen\u00edze vyva\u0159ila v Prost\u0159eno!\" title=\"Lela V\u00e9mola ve finan\u010dn\u00ed nouzi na dovolen\u00e9: Pen\u00edze vyva\u0159ila v Prost\u0159eno!\" height=\"140\" width=\"220\" class=\"lazyload \" loading=\"lazy\" \/><\/p>\n<p>    <\/a><\/p>\n","protected":false},"excerpt":{"rendered":"Man\u017eelstv\u00ed Karlose a Lely V\u00e9molov\u00fdch m\u00ed\u0159\u00ed k rozvodu a vedle majetku \u010di financ\u00ed se nyn\u00ed otev\u00edr\u00e1 mnohem citliv\u011bj\u0161\u00ed&hellip;\n","protected":false},"author":2,"featured_media":202663,"comment_status":"","ping_status":"","sticky":false,"template":"","format":"standard","meta":{"footnotes":"","_share_on_mastodon":"0"},"categories":[15],"tags":[1801,2491,3293,27872,94,93,18892,163],"class_list":["post-202662","post","type-post","status-publish","format-standard","has-post-thumbnail","category-sport","tag-karlos-vemola","tag-manzelstvi","tag-mma","tag-rocky","tag-sport","tag-sports","tag-stridava-pece","tag-zhave-drby"],"share_on_mastodon":{"url":"https:\/\/pubeurope.com\/@cz\/117212692436954539","error":""},"_links":{"self":[{"href":"https:\/\/www.europesays.com\/cz\/wp-json\/wp\/v2\/posts\/202662","targetHints":{"allow":["GET"]}}],"collection":[{"href":"https:\/\/www.europesays.com\/cz\/wp-json\/wp\/v2\/posts"}],"about":[{"href":"https:\/\/www.europesays.com\/cz\/wp-json\/wp\/v2\/types\/post"}],"author":[{"embeddable":true,"href":"https:\/\/www.europesays.com\/cz\/wp-json\/wp\/v2\/users\/2"}],"replies":[{"embeddable":true,"href":"https:\/\/www.europesays.com\/cz\/wp-json\/wp\/v2\/comments?post=202662"}],"version-history":[{"count":0,"href":"https:\/\/www.europesays.com\/cz\/wp-json\/wp\/v2\/posts\/202662\/revisions"}],"wp:featuredmedia":[{"embeddable":true,"href":"https:\/\/www.europesays.com\/cz\/wp-json\/wp\/v2\/media\/202663"}],"wp:attachment":[{"href":"https:\/\/www.europesays.com\/cz\/wp-json\/wp\/v2\/media?parent=202662"}],"wp:term":[{"taxonomy":"category","embeddable":true,"href":"https:\/\/www.europesays.com\/cz\/wp-json\/wp\/v2\/categories?post=202662"},{"taxonomy":"post_tag","embeddable":true,"href":"https:\/\/www.europesays.com\/cz\/wp-json\/wp\/v2\/tags?post=202662"}],"curies":[{"name":"wp","href":"https:\/\/api.w.org\/{rel}","templated":true}]}}