{"id":202668,"date":"2026-09-04T12:13:16","date_gmt":"2026-09-04T12:13:16","guid":{"rendered":"https:\/\/www.europesays.com\/cz\/202668\/"},"modified":"2026-09-04T12:13:16","modified_gmt":"2026-09-04T12:13:16","slug":"bez-medii-bez-lesku-i-bez-muska-tesla-co-nema-volant-a-pedaly-zatim-budi-rozpaky-aktualne-cz","status":"publish","type":"post","link":"https:\/\/www.europesays.com\/cz\/202668\/","title":{"rendered":"Bez m\u00e9di\u00ed, bez lesku i bez Muska. Tesla, co nem\u00e1 volant a ped\u00e1ly, zat\u00edm bud\u00ed rozpaky \u2013 Aktu\u00e1ln\u011b.cz"},"content":{"rendered":"<p>\u201e\u017d\u00e1dn\u00fd \u017eiv\u00fd p\u0159enos, nevpu\u0161t\u011bn\u00e1 m\u00e9dia a krom\u011b p\u0159\u00edsp\u011bvk\u016f n\u011bkolika zaryt\u00fdch fanou\u0161k\u016f Tesly na soci\u00e1ln\u00ed s\u00edti X jen velmi m\u00e1lo informac\u00ed, z nich\u017e se d\u00e1 \u010derpat.\u201c Tak popsal spu\u0161t\u011bn\u00ed j\u00edzd Tesly Cybercab <a href=\"https:\/\/electrek.co\/2026\/09\/03\/tesla-opens-search-for-cybercab-fleet-sales-but-fsd-owners-are-still-left-out\/\" rel=\"nofollow noopener\" target=\"_blank\">americk\u00fd magaz\u00edn Electrek<\/a> v\u011bnuj\u00edc\u00ed se dlouhodob\u011b elektromobilit\u011b. \u201eNezvykle tich\u00e9 uveden\u00ed Tesly Cybercab,\u201c hl\u00e1s\u00ed pro zm\u011bnu titulek <a href=\"https:\/\/www.theverge.com\/transportation\/989501\/tesla-cybercab-launch-robotaxi-austin-musk\" rel=\"nofollow noopener\" target=\"_blank\">magaz\u00ednu The Verge<\/a>.<\/p>\n<p>Ten tak\u00e9 dod\u00e1v\u00e1, \u017ee pozv\u00e1na byla jen hrstka influencer\u016f dlouhodob\u011b podporuj\u00edc\u00edch Teslu, kte\u0159\u00ed stejn\u011b museli podepsat prohl\u00e1\u0161en\u00ed, \u017ee jak\u00e9koliv informace z akce zve\u0159ejn\u00ed a\u017e po jej\u00edm skon\u010den\u00ed, nikoliv b\u011bhem n\u00ed. Agentura Reuters pak uvedla, \u017ee \u0161\u00e9f Tesly (a t\u0159eba i soci\u00e1ln\u00ed s\u00edt\u011b X) Elon Musk se uveden\u00ed osobn\u011b v\u016fbec nez\u00fa\u010dastnil a cel\u00e1 prezentace veden\u00ed automobilky trvala jen zhruba patn\u00e1ct minut.<\/p>\n<p>Pro Teslu je podobn\u00e1 komorn\u00ed akce netypick\u00e1. Uveden\u00ed nov\u00e9ho vozu b\u00fdv\u00e1 v\u011bt\u0161inou pomp\u00e9zn\u00ed se stovkami host\u016f a novin\u00e1\u0159\u016f, Elon Musk si ho pak nav\u00edc nenech\u00e1 uj\u00edt. P\u0159ekvapuje to t\u00edm sp\u00ed\u0161e u prvn\u00edho skute\u010dn\u011b pln\u011b autonomn\u00edho modelu Tesly, kter\u00fd nem\u00e1 volant ani ped\u00e1ly. Autonomn\u00ed \u0159\u00edzen\u00ed je technologi\u00ed, kterou Musk ozna\u010duje za budoucnost sv\u00e9 automobilky roky.<\/p>\n<p>Z\u00e1jemci o svezen\u00ed Cybercabem zat\u00edm maj\u00ed mo\u017enost jen v texask\u00e9m Austinu, domovsk\u00e9m m\u011bst\u011b Tesly, nav\u00edc jen s omezenou flotilou 45 aut a jen v n\u011bkter\u00fdch \u010d\u00e1stech m\u011bsta. Jak rychle se bude flotila rozr\u016fstat, je ot\u00e1zkou, americk\u00e9 \u00fa\u0159ady toti\u017e omezuj\u00ed po\u010det aut bez volantu i ped\u00e1l\u016f, kter\u00e9 mohou v\u00fdrobci prod\u00e1vat. V r\u00e1mci testov\u00e1n\u00ed ale \u017e\u00e1dn\u00e1 omezen\u00ed neplat\u00ed.<\/p>\n<p>Celkem m\u00e1 p\u0159itom jen v Texasu americk\u00e1 automobilka zaregistrovan\u00fdch 450 autonomn\u00edch tax\u00edk\u016f. Jde nicm\u00e9n\u011b o modely zalo\u017een\u00e9 na Tesle Model Y s volantem, ped\u00e1ly a dal\u0161\u00edm vybaven\u00edm. Od b\u011b\u017en\u00fdch aut, kter\u00e1 potk\u00e1te na ulici, se odli\u0161uj\u00ed jen hardwarem a softwarem.<\/p>\n<p>Souvisej\u00edc\u00ed<\/p>\n<p><img decoding=\"async\" alt=\"Tesla FSD Supervised\" class=\"e-ui-image__img\" loading=\"lazy\" src=\"https:\/\/www.europesays.com\/cz\/wp-content\/uploads\/2026\/09\/31968.jpg\" \/><img decoding=\"async\" alt=\"Tesla FSD Supervised\" class=\"e-ui-image__img\" loading=\"lazy\" src=\"https:\/\/www.europesays.com\/cz\/wp-content\/uploads\/2026\/09\/1788523995_242_31968.jpg\" \/><img decoding=\"async\" alt=\"Tesla FSD Supervised\" class=\"e-ui-image__img\" loading=\"lazy\" src=\"https:\/\/www.europesays.com\/cz\/wp-content\/uploads\/2026\/09\/1788523995_242_31968.jpg\" \/><\/p>\n<p>8 fotografi\u00edProhl\u00e9dnout si 8 fotografi\u00ed<\/p>\n<p>Automobilka p\u0159i uveden\u00ed novinky tak\u00e9 ozn\u00e1mila, \u017ee jej\u00ed st\u00e1vaj\u00edc\u00ed robotaxi u\u017e zvl\u00e1dly ujet 1,6 milionu kilometr\u016f bez jak\u00e9hokoliv dozoru. P\u0159itom je\u0161t\u011b za\u010d\u00e1tkem pr\u00e1zdnin Tesla uv\u00e1d\u011bla jen 611 tis\u00edc kilometr\u016f bez dozoru. Za posledn\u00ed t\u00fddny se tedy povedlo v\u00fdrazn\u011b zvednout po\u010det j\u00edzd, <a href=\"https:\/\/electrek.co\/2026\/09\/03\/tesla-announces-1-million-unsupervised-miles-driven-by-robotaxi\/\" rel=\"nofollow noopener\" target=\"_blank\">Electrek p\u00ed\u0161e<\/a> dokonce o tom, \u017ee v podstat\u011b v\u0161echny j\u00edzdy za posledn\u00ed t\u00fddny u\u017e musely b\u00fdt bez dozoru. Oproti konkuren\u010dn\u00edmu Waymu, kter\u00e9 robotick\u00e9 tax\u00edky provozuje od roku 2020, jde ale st\u00e1le jen o zlomek n\u00e1jezdu bez dohledu.<\/p>\n<p>Dohromady si podle Tesly lze objednat j\u00edzdu v robotaxi v \u0161esti m\u011bstech. Slu\u017eba je dostupn\u00e1 d\u00e1le i v San Franciscu a okol\u00ed, tam ale nicm\u00e9n\u011b v\u00fdhradn\u011b pod dozorem. V ostatn\u00edch oblastech mohou v\u0161echna auta jezdit bez n\u011bj.<\/p>\n<p>Jestli pro z\u00e1kazn\u00edka v Austinu p\u0159ijede Model Y nebo Cybercab, je podle Tesly n\u00e1hoda, auto si nen\u00ed mo\u017en\u00e9 vybrat. P\u0159i j\u00edzd\u011b v Cybercabu plat\u00ed \u0159ada omezen\u00ed, nap\u0159\u00edklad kv\u016fli uchycen\u00ed seda\u010dky v aut\u011b moment\u00e1ln\u011b nemohou jezdit d\u011bti mlad\u0161\u00ed t\u0159in\u00e1cti let. Hardware a software pro autonomn\u00ed j\u00edzdu by pak v Cybecabech m\u011bl b\u00fdt stejn\u00fd jako v aktu\u00e1ln\u011b pou\u017e\u00edvan\u00fdch Modelech Y, znamen\u00e1 to jejich omezen\u00e9 pou\u017eit\u00ed jen v ur\u010dit\u00fdch d\u0159\u00edve zmapovan\u00fdch oblastech.<\/p>\n<p>Slib, \u017ee by auto m\u011blo b\u00fdt dostupn\u00e9 i b\u011b\u017en\u00fdm z\u00e1jemc\u016fm, kter\u00fd Musk \u0159ekl p\u0159ed dv\u011bma lety, kdy\u017e Cybercab uk\u00e1zal poprv\u00e9, tak zat\u00edm nen\u00ed mo\u017en\u00e9 splnit. Tesla nicm\u00e9n\u011b poprv\u00e9 nab\u00edz\u00ed z\u00e1jemc\u016fm z \u0159ad provozovatel\u016f taxislu\u017eeb mo\u017enost vyj\u00e1d\u0159it prost\u0159ednictv\u00edm formul\u00e1\u0159e z\u00e1jem o n\u00e1kup flotily autonomn\u00edch tax\u00edk\u016f.<\/p>\n<p>Souvisej\u00edc\u00ed<\/p>\n<p><img decoding=\"async\" alt=\"Test z\u00e1kladn\u00ed verze Tesly Model 3.\" class=\"e-ui-image__img\" loading=\"lazy\" src=\"https:\/\/www.europesays.com\/cz\/wp-content\/uploads\/2026\/09\/20260724_182347.jpg\" \/><img decoding=\"async\" alt=\"Test z\u00e1kladn\u00ed verze Tesly Model 3.\" class=\"e-ui-image__img\" loading=\"lazy\" src=\"https:\/\/www.europesays.com\/cz\/wp-content\/uploads\/2026\/09\/1788523996_783_20260724_182347.jpg\" \/><img decoding=\"async\" alt=\"Test z\u00e1kladn\u00ed verze Tesly Model 3.\" class=\"e-ui-image__img\" loading=\"lazy\" src=\"https:\/\/www.europesays.com\/cz\/wp-content\/uploads\/2026\/09\/1788523996_783_20260724_182347.jpg\" \/><\/p>\n<p>36 fotografi\u00edProhl\u00e9dnout si 36 fotografi\u00ed<\/p>\n<p>Tesla je zat\u00edm skoup\u00e1, i co se t\u00fdk\u00e1 technick\u00fdch \u00fadaj\u016f, na sv\u00fdch str\u00e1nk\u00e1ch se pouze chlub\u00ed sv\u011btlou v\u00fd\u0161kou Cybercabu, kter\u00e1 je 144 mm, d\u00e1le celkovou \u0161\u00ed\u0159kou 1754 mm nebo v\u00fd\u0161kou 1408 mm. The Verge s odkazem na formul\u00e1\u0159e Agentury pro ochranu \u017eivotn\u00edho prost\u0159ed\u00ed (EPA) uv\u00e1d\u00ed, \u017ee auto pou\u017e\u00edv\u00e1 48kWh baterii, elektromotor s v\u00fdkonem 163 kW rozt\u00e1\u010dej\u00edc\u00ed p\u0159edn\u00ed kola a v\u00e1\u017e\u00ed 1412 kilo. Je to tak v\u016fbec nejleh\u010d\u00ed Tesla, kter\u00e1 by m\u011bla b\u00fdt z\u00e1rove\u0148 i tou nej\u00fasporn\u011bj\u0161\u00ed.<\/p>\n","protected":false},"excerpt":{"rendered":"\u201e\u017d\u00e1dn\u00fd \u017eiv\u00fd p\u0159enos, nevpu\u0161t\u011bn\u00e1 m\u00e9dia a krom\u011b p\u0159\u00edsp\u011bvk\u016f n\u011bkolika zaryt\u00fdch fanou\u0161k\u016f Tesly na soci\u00e1ln\u00ed s\u00edti X jen velmi&hellip;\n","protected":false},"author":2,"featured_media":202669,"comment_status":"","ping_status":"","sticky":false,"template":"","format":"standard","meta":{"footnotes":"","_share_on_mastodon":"0"},"categories":[10],"tags":[698,1013,461,17,21,16,9241,1011,18,19,22,20],"class_list":["post-202668","post","type-post","status-publish","format-standard","has-post-thumbnail","category-zpravy","tag-auto","tag-autonomni-rizeni","tag-elon-musk","tag-headlines","tag-hlavni-udalosti","tag-news","tag-taxi","tag-tesla","tag-top-news","tag-top-stories","tag-udalosti-dne","tag-zpravy"],"share_on_mastodon":{"url":"https:\/\/pubeurope.com\/@cz\/117212716148439987","error":""},"_links":{"self":[{"href":"https:\/\/www.europesays.com\/cz\/wp-json\/wp\/v2\/posts\/202668","targetHints":{"allow":["GET"]}}],"collection":[{"href":"https:\/\/www.europesays.com\/cz\/wp-json\/wp\/v2\/posts"}],"about":[{"href":"https:\/\/www.europesays.com\/cz\/wp-json\/wp\/v2\/types\/post"}],"author":[{"embeddable":true,"href":"https:\/\/www.europesays.com\/cz\/wp-json\/wp\/v2\/users\/2"}],"replies":[{"embeddable":true,"href":"https:\/\/www.europesays.com\/cz\/wp-json\/wp\/v2\/comments?post=202668"}],"version-history":[{"count":0,"href":"https:\/\/www.europesays.com\/cz\/wp-json\/wp\/v2\/posts\/202668\/revisions"}],"wp:featuredmedia":[{"embeddable":true,"href":"https:\/\/www.europesays.com\/cz\/wp-json\/wp\/v2\/media\/202669"}],"wp:attachment":[{"href":"https:\/\/www.europesays.com\/cz\/wp-json\/wp\/v2\/media?parent=202668"}],"wp:term":[{"taxonomy":"category","embeddable":true,"href":"https:\/\/www.europesays.com\/cz\/wp-json\/wp\/v2\/categories?post=202668"},{"taxonomy":"post_tag","embeddable":true,"href":"https:\/\/www.europesays.com\/cz\/wp-json\/wp\/v2\/tags?post=202668"}],"curies":[{"name":"wp","href":"https:\/\/api.w.org\/{rel}","templated":true}]}}