{"id":202678,"date":"2026-09-04T12:27:14","date_gmt":"2026-09-04T12:27:14","guid":{"rendered":"https:\/\/www.europesays.com\/cz\/202678\/"},"modified":"2026-09-04T12:27:14","modified_gmt":"2026-09-04T12:27:14","slug":"no-fakt-je-to-nas-karel-zachraneneho-capa-z-komina-u-pivovaru-v-cechach-zachytil-znamy-fotograf-az-v-turecku","status":"publish","type":"post","link":"https:\/\/www.europesays.com\/cz\/202678\/","title":{"rendered":"\u201eNo fakt, je to n\u00e1\u0161 Karel.\u201c Zachr\u00e1n\u011bn\u00e9ho \u010d\u00e1pa z\u00a0kom\u00edna u\u00a0pivovaru v\u00a0\u010cech\u00e1ch zachytil zn\u00e1m\u00fd fotograf a\u017e v\u00a0Turecku"},"content":{"rendered":"<p class=\"c_bB\">\u010c\u00e1p, kter\u00e9ho zachr\u00e1nili v\u00a0lo\u0148sk\u00e9m roce je\u0161t\u011b s\u00a0jeho dv\u011bma sourozenci z\u00a0kom\u00edna u\u00a0pivovaru v\u00a0Rychnov\u011b nad Kn\u011b\u017enou. Z\u00a0hn\u00edzda tehdy odl\u00e9tl jeho otec a\u00a0matka by p\u00e9\u010di sama nezvl\u00e1dla. Proto se o\u00a0n\u011b musel postarat n\u00e1hradn\u00ed p\u00e1r v\u00a0Makov\u011b. Karel urazil od t\u00e9 doby u\u017e tis\u00edce kilometr\u016f, kdy\u017e zimoval v\u00a0S\u00fad\u00e1nu a\u00a0l\u00e9to tr\u00e1vil v\u00a0Polsku. V\u00a0minul\u00fdch dnech byl v\u00a0Turecku.  <\/p>\n<p><img fetchpriority=\"high\" height=\"1331\"   width=\"1600\" src=\"https:\/\/www.europesays.com\/cz\/wp-content\/uploads\/2026\/09\/karel-turecko.jpeg\" loading=\"eager\" decoding=\"sync\" class=\"c_t c_r\"\/>Foto: Mehmet Hanay<\/p>\n<p class=\"c_bB\">Karel byl na konci srpna n\u011bkolik dn\u00ed v\u00a0provincii K\u0131rklareli<\/p>\n<p class=\"c_bB\">\u201eDnes r\u00e1no jsem p\u0159id\u00e1vala do p\u0159\u00edsp\u011bvku fotky hejna \u010d\u00e1p\u016f z\u00a0Turecka, z\u00a0m\u00edsta, kde je n\u00e1\u0161 Karel. P\u0159i d\u016fkladn\u00e9m zkoum\u00e1n\u00ed fotek jsem si v\u0161imla i\u00a0krou\u017eku s\u00a0k\u00f3dem CZP,\u201c popisovala Hana Ku\u010derov\u00e1, kter\u00e1 je spole\u010dn\u011b s\u00a0Rudkou Ko\u0161anovou a\u00a0Bohumilem Ma\u0161kem spr\u00e1vkyn\u00ed skupiny <a data-dot=\"atm-link\" target=\"_blank\" rel=\"noopener nofollow\" href=\"https:\/\/www.facebook.com\/groups\/1034196924559132\" class=\"c_I\">Telemetrie Makov a\u00a0\u010dern\u00ed \u010d\u00e1pi CZ.<\/a> Zd\u016fraznila, \u017ee na dal\u0161\u00edch fotk\u00e1ch pak byl jasn\u011b vid\u011bt krou\u017eek CZP CJ317\u00a0a\u00a0na dal\u0161\u00ed i\u00a0vys\u00edla\u010dka. \u201eNo fakt, je to n\u00e1\u0161 Karel!\u201c<\/p>\n<p class=\"c_bB\">\u010c\u00e1pa nav\u00edc zachytil zn\u00e1m\u00fd tureck\u00fd fotograf p\u0159\u00edrody a\u00a0dokument\u00e1rn\u00edch projekt\u016f pan Mehmet Hanay. Ten m\u00e1 nap\u0159\u00edklad na Instagramu p\u0159es 180\u00a0tis\u00edc sleduj\u00edc\u00edch. \u201eVelk\u00e9 d\u00edky pat\u0159\u00ed nejen fotografovi, ale i\u00a0panu Fikretu Canovi, kter\u00fd vysly\u0161el m\u00e9 prosby a\u00a0po\u017e\u00e1dal pana Mehmeta Hanaye o\u00a0n\u00e1v\u0161t\u011bvu Karlovy do\u010dasn\u00e9 lokality. A\u00a0samoz\u0159ejm\u011b i\u00a0panu Liboru \u0160ejnovi, kter\u00fd st\u00e1l na za\u010d\u00e1tku p\u0159\u00edb\u011bhu,\u201c radovala se 31.\u00a0srpna Ku\u010derov\u00e1, kter\u00e1 je v\u00a0kontaktu s\u00a0dobrovoln\u00edky, je\u017e se staraj\u00ed o\u00a0\u010d\u00e1py na \u0159ad\u011b m\u00edst sv\u011bta.<\/p>\n<p><img height=\"434\"   width=\"590\" src=\"https:\/\/www.europesays.com\/cz\/wp-content\/uploads\/2026\/09\/krouzek-karel.jpeg\" loading=\"eager\" decoding=\"sync\" class=\"c_t c_r\"\/>Foto: Mehmet Hanay<\/p>\n<p class=\"c_bB\">\u017de je Karel v\u00a0Turecku potvrdila nejen vys\u00edla\u010dka, ale tak\u00e9 zna\u010dka na krou\u017eku<\/p>\n<p class=\"c_bB\">Spr\u00e1vci skupiny d\u00e1vaj\u00ed p\u0159\u00edsp\u011bvky na s\u00ed\u0165 opravdu pravideln\u011b a\u00a0u\u017e p\u0159es dva tis\u00edce pozorovatel\u016f m\u00e1 tak detailn\u00ed p\u0159ehled. Dozv\u011bd\u011bli se nap\u0159\u00edklad tak\u00e9, \u017ee Karel byl na konci srpna n\u011bkolik dn\u00ed v\u00a0provincii K\u0131rklareli. Spal na strom\u011b u\u00a0cesty, r\u00e1no odl\u00e9tal na skl\u00e1dku, b\u011bhem dne se zalet\u00ed svla\u017eit do mok\u0159adu u\u00a0obce As\u0131lbeyli a\u00a0s odpoledn\u00ed zast\u00e1vkou na skl\u00e1dce se vracel na sv\u00e9 stromy.<\/p>\n<p class=\"c_bB\">Prvn\u00edho z\u00e1\u0159\u00ed pak Karel ul\u00e9tl 230\u00a0kilometr\u016f, p\u0159el\u00e9tl Istanbul a\u00a0na nocleh z\u016fstal 46\u00a0kilometr\u016f jihov\u00fdchodn\u011b od Istanbulu v\u00a0m\u011bstsk\u00e9m lesn\u00edm parku u\u00a0Gebze. Podle Ku\u010derov\u00e9 je z\u0159ejm\u00e9, \u017ee Karel m\u00ed\u0159\u00ed do S\u00fad\u00e1nu, kde u\u017e p\u0159e\u010dkal minulou zimu.<\/p>\n<p><a data-dot=\"atm-link\" target=\"_self\" href=\"https:\/\/www.novinky.cz\/clanek\/veda-skoly-nebezpecnou-cestu-capu-z-vysociny-do-afriky-sleduji-zachranari-pomoci-solarnich-vysilacek-40592645\" class=\"c_I\" rel=\"nofollow noopener\"><img height=\"2250\" width=\"4000\" src=\"https:\/\/www.europesays.com\/cz\/wp-content\/uploads\/2026\/09\/pavlov-zachranna-stanice-cap-bily-mladata-vysilacky.jpeg\" loading=\"eager\" decoding=\"sync\" class=\"c_t c_r\"\/><\/a><\/p>\n<p class=\"c_bB\">D\u00edky telemetrii maj\u00ed detailn\u00ed p\u0159ehled o\u00a0\u010d\u00e1pech p\u0159edev\u0161\u00edm ve stanici v\u00a0Makov\u011b. \u201eJsme opravdu r\u00e1di, \u017ee se \u010d\u00e1p\u016fm, kter\u00e9 jsme u\u00a0n\u00e1s vypiplali, da\u0159\u00ed a\u00a0m\u00e1me o\u00a0nich p\u0159ehled,\u201c pochvaloval si \u0161\u00e9f z\u00e1chrann\u00e9 stanice v\u00a0Makov\u011b Libor \u0160ejna.<\/p>\n<p class=\"c_bB\">Karel je jedn\u00edm ze t\u0159\u00ed b\u00edl\u00fdch zachr\u00e1n\u011bn\u00fdch \u010d\u00e1p\u016f z\u00a0kom\u00edna u\u00a0pivovaru v\u00a0Rychnov\u011b nad Kn\u011b\u017enou. Jeho sestra Helena bohu\u017eel zahynula na sloupu elektrick\u00e9ho veden\u00ed loni v\u00a0Bulharsku, bratr Josef se tak\u00e9 je\u0161t\u011b loni zranil, ale po zimn\u00ed rekonvalescenci v\u00a0Makov\u011b u\u017e je znovu ve sv\u011bt\u011b. Jeho posledn\u00ed v\u00fdskyt je evidovan\u00fd v\u00a0N\u011bmecku. Dal\u0161\u00ed t\u0159i sledovan\u00ed \u010d\u00e1pi Krum, Erko a\u00a0V\u00e9\u010dko jsou \u010dern\u00ed. Krum je nyn\u00ed v\u00a0Horn\u00edm Rakousku a\u00a0V\u00e9\u010dko ve Francii.<\/p>\n<p><a data-dot=\"atm-link\" target=\"_self\" href=\"https:\/\/www.novinky.cz\/clanek\/koktejl-samec-odletel-do-jineho-hnizda-zachranari-se-ujali-mladat-samozivitelky-40520735\" class=\"c_I\" rel=\"nofollow noopener\"><img height=\"1080\" width=\"1920\" src=\"https:\/\/www.europesays.com\/cz\/wp-content\/uploads\/2026\/09\/zachranari-jaromer-capi.jpeg\" loading=\"eager\" decoding=\"sync\" class=\"c_t c_r\"\/><\/a><\/p>\n","protected":false},"excerpt":{"rendered":"\u010c\u00e1p, kter\u00e9ho zachr\u00e1nili v\u00a0lo\u0148sk\u00e9m roce je\u0161t\u011b s\u00a0jeho dv\u011bma sourozenci z\u00a0kom\u00edna u\u00a0pivovaru v\u00a0Rychnov\u011b nad Kn\u011b\u017enou. Z\u00a0hn\u00edzda tehdy odl\u00e9tl jeho&hellip;\n","protected":false},"author":2,"featured_media":202679,"comment_status":"","ping_status":"","sticky":false,"template":"","format":"standard","meta":{"footnotes":"","_share_on_mastodon":"0"},"categories":[15],"tags":[10824,17184,19226,100,521,94,93,54,46248,45805],"class_list":["post-202678","post","type-post","status-publish","format-standard","has-post-thumbnail","category-sport","tag-capi","tag-pisecko","tag-pohyb","tag-ptaci","tag-socialni-site","tag-sport","tag-sports","tag-svet","tag-vysilacka","tag-zachranne-stanice"],"share_on_mastodon":{"url":"https:\/\/pubeurope.com\/@cz\/117212771137779868","error":""},"_links":{"self":[{"href":"https:\/\/www.europesays.com\/cz\/wp-json\/wp\/v2\/posts\/202678","targetHints":{"allow":["GET"]}}],"collection":[{"href":"https:\/\/www.europesays.com\/cz\/wp-json\/wp\/v2\/posts"}],"about":[{"href":"https:\/\/www.europesays.com\/cz\/wp-json\/wp\/v2\/types\/post"}],"author":[{"embeddable":true,"href":"https:\/\/www.europesays.com\/cz\/wp-json\/wp\/v2\/users\/2"}],"replies":[{"embeddable":true,"href":"https:\/\/www.europesays.com\/cz\/wp-json\/wp\/v2\/comments?post=202678"}],"version-history":[{"count":0,"href":"https:\/\/www.europesays.com\/cz\/wp-json\/wp\/v2\/posts\/202678\/revisions"}],"wp:featuredmedia":[{"embeddable":true,"href":"https:\/\/www.europesays.com\/cz\/wp-json\/wp\/v2\/media\/202679"}],"wp:attachment":[{"href":"https:\/\/www.europesays.com\/cz\/wp-json\/wp\/v2\/media?parent=202678"}],"wp:term":[{"taxonomy":"category","embeddable":true,"href":"https:\/\/www.europesays.com\/cz\/wp-json\/wp\/v2\/categories?post=202678"},{"taxonomy":"post_tag","embeddable":true,"href":"https:\/\/www.europesays.com\/cz\/wp-json\/wp\/v2\/tags?post=202678"}],"curies":[{"name":"wp","href":"https:\/\/api.w.org\/{rel}","templated":true}]}}