{"id":202686,"date":"2026-09-04T12:43:16","date_gmt":"2026-09-04T12:43:16","guid":{"rendered":"https:\/\/www.europesays.com\/cz\/202686\/"},"modified":"2026-09-04T12:43:16","modified_gmt":"2026-09-04T12:43:16","slug":"milei-pred-volbami-vsazi-na-falklandy-trump-mu-hraje-do-karet","status":"publish","type":"post","link":"https:\/\/www.europesays.com\/cz\/202686\/","title":{"rendered":"Milei p\u0159ed volbami vs\u00e1z\u00ed na Falklandy. Trump mu hraje do karet"},"content":{"rendered":"<p class=\"c_bB\">Mileiovi p\u0159\u00edznivci p\u0159edpokl\u00e1dali, \u017ee krajn\u011b pravicov\u00fd prezident b\u011bhem \u010dtvrte\u010dn\u00edho proslovu ozn\u00e1m\u00ed, \u017ee USA u\u017e podporu argentinsk\u00e9ho n\u00e1roku form\u00e1ln\u011b vyj\u00e1d\u0159ily. \u201ePrezident Trump ned\u00e1vno prohl\u00e1sil, \u017ee USA p\u0159ehodnocuj\u00ed sv\u016fj historick\u00fd postoj k\u00a0Malv\u00edn\u00e1m (argentinsk\u00fd n\u00e1zev Falkland, pozn. red.). USA tuto zm\u011bnu postoje zva\u017euj\u00ed, proto\u017ee v\u011bd\u00ed, \u017ee Argentina je spolehliv\u00fd partner sjednocen\u00fd se z\u00e1padn\u00edmi hodnotami a\u00a0ve strategicky d\u016fle\u017eit\u00e9 pozici, kter\u00fd m\u016f\u017ee v\u00a0nadch\u00e1zej\u00edc\u00edch dek\u00e1d\u00e1ch b\u00fdt cenn\u00fdm spojencem,\u201c \u0159ekl m\u00edsto toho poslucha\u010d\u016fm Milei.<\/p>\n<p class=\"c_bB\">Velk\u00e1 Brit\u00e1nie, kter\u00e1 ostrovy v\u00a0ji\u017en\u00edm Atlantiku ovl\u00e1d\u00e1, je podle argentinsk\u00e9ho prezidenta naopak v\u00a0\u00fapadku, cituje jej den\u00edk <a data-dot=\"atm-link\" target=\"_blank\" rel=\"noopener nofollow\" href=\"https:\/\/www.theguardian.com\/world\/2026\/sep\/04\/president-javier-milei-winds-of-change-support-argentina-claim-to-falkland-islands\" class=\"c_I\">The Guardian<\/a>. \u201e\u010cel\u00ed n\u011bkolika kriz\u00edm migra\u010dn\u00ed, demografick\u00e9 a\u00a0ekonomick\u00e9 podstaty, kter\u00e9 se nejsp\u00ed\u0161 nevy\u0159e\u0161\u00ed. Je jasn\u00e9, \u017ee jsou na cest\u011b k\u00a0\u00fapadku. Budoucnost Argentiny naopak vzkv\u00e9t\u00e1 a\u00a0zv\u00edt\u011bz\u00ed,\u201c uvedl Milei.<\/p>\n<p class=\"c_bB\">Podle analytik\u016f se Milei v\u00a0posledn\u00edch m\u011bs\u00edc\u00edch na ot\u00e1zku Falkland zam\u011b\u0159il, aby odvr\u00e1til pozornost od sv\u00fdch selh\u00e1n\u00ed na dom\u00e1c\u00ed sc\u00e9n\u011b, kv\u016fli nim\u017e je jeho popularita podle pr\u016fzkum\u016f v\u00a0sou\u010dasnosti na nejni\u017e\u0161\u00edm bod\u011b od n\u00e1stupu do \u00fa\u0159adu. Argentinsk\u00e9mu prezidentovi se sice poda\u0159ilo dostat pod kontrolu inflaci, ale m\u00edsto toho se te\u010f jihoamerick\u00e1 zem\u011b pot\u00fdk\u00e1 hlavn\u011b s\u00a0vysokou m\u00edrou nezam\u011bstnanosti a\u00a0chudoby. \u0158ada \u010dlen\u016f jeho vl\u00e1dy pak nav\u00edc \u010del\u00ed obvin\u011bn\u00ed z\u00a0korupce.<\/p>\n<p><a data-dot=\"atm-link\" target=\"_self\" href=\"https:\/\/www.novinky.cz\/clanek\/zahranicni-amerika-trump-zvazuje-ze-na-cleny-nato-zatlaci-pres-falklandy-40595343\" class=\"c_I\" rel=\"nofollow noopener\"><img fetchpriority=\"high\" height=\"2059\" width=\"3661\" src=\"https:\/\/www.europesays.com\/cz\/wp-content\/uploads\/2026\/09\/1788525795_675_58ac.jpeg\" loading=\"eager\" decoding=\"sync\" class=\"c_t c_r\"\/><\/a><\/p>\n<p class=\"c_bB\">Milei se p\u0159itom v\u00a0p\u0159\u00ed\u0161t\u00edm roce chce uch\u00e1zet o\u00a0znovuzvolen\u00ed. V\u00a0posledn\u00edch m\u011bs\u00edc\u00edch se proto zam\u011b\u0159il na v\u00fdrazn\u011b kontroverzn\u011bj\u0161\u00ed t\u00e9mata. B\u011bhem leto\u0161n\u00edho mistrovstv\u00ed sv\u011bta ve fotbale nap\u0159\u00edklad tvrdil, \u017ee ameri\u010dt\u00ed demokrat\u00e9 financuj\u00ed protiargentinskou kampa\u0148. D\u00e1le v\u00a0posledn\u00edch m\u011bs\u00edc\u00edch \u010dasto verb\u00e1ln\u011b \u00fato\u010d\u00ed na levicov\u00e9ho brazilsk\u00e9ho prezidenta Luize In\u00e1cia Lulu da Silvu a\u00a0argentinsk\u00e9 protiimigra\u010dn\u00ed slo\u017eky nyn\u00ed prezentuje ve stylu americk\u00e9ho \u00da\u0159adu pro imigraci a\u00a0cla (ICE).<\/p>\n<p class=\"c_bB\">Milei\u016fv z\u00e1jem o\u00a0p\u0159evzet\u00ed vl\u00e1dy nad Falklandami je ov\u0161em mimo \u0159ady jeho podporovatel\u016f vn\u00edm\u00e1n jako obzvl\u00e1\u0161\u0165 cynick\u00fd. Argentinsk\u00fd prezident se toti\u017e dlouhodob\u011b ozna\u010duje za velk\u00e9ho obdivovatele Margaret Thatcherov\u00e9, kter\u00e1 byla britskou premi\u00e9rkou pr\u00e1v\u011b v\u00a0dob\u011b v\u00e1lky o\u00a0Falklandy, kdy Britov\u00e9 za dva m\u011bs\u00edce z\u00a0ostrov\u016f vytla\u010dili argentinsk\u00e9 s\u00edly. O\u00a0p\u0159evzet\u00ed vl\u00e1dy nad ostrovy pak Milei za\u010dal mluvit a\u017e pot\u00e9, co se v\u00a0dubnu na ve\u0159ejnost poprv\u00e9 dostala informace, \u017ee Spojen\u00e9 st\u00e1ty uva\u017euj\u00ed o\u00a0zm\u011bn\u011b sv\u00e9 pozice.<\/p>\n<p class=\"c_bB\">Pentagon tehdy ot\u00e1zku suverenity Falkland za\u0159adil na seznam mo\u017en\u00fdch zp\u016fsob\u016f, jak zatla\u010dit na \u010dleny NATO pot\u00e9, co americk\u00fdm sil\u00e1m podle B\u00edl\u00e9ho domu dostate\u010dn\u011b nepomohli s\u00a0v\u00e1lkou proti \u00cdr\u00e1nu. C\u00edlem tohoto n\u00e1tlaku m\u00e1 \u00fadajn\u011b snaha p\u0159im\u011bt \u010dleny aliance, aby nav\u00fd\u0161ili sv\u00e9 v\u00fddaje na obranu.<\/p>\n<p class=\"c_bB\">Spojen\u00e9 st\u00e1ty sice n\u00e1rok Argentiny dosud form\u00e1ln\u011b nepodpo\u0159ily, ale Trump se u\u017e tento t\u00fdden v\u00a0rozhovoru pro GB News nechal sly\u0161et, \u017ee v\u00a0p\u0159\u00edpad\u011b konfliktu o\u00a0ostrovy by Brit\u00e1nii na pomoc nep\u0159i\u0161el, proto\u017ee ona mu \u201es \u00cdr\u00e1nem tak\u00e9 nepomohla\u201c. \u201eVa\u0161e zem\u011b mi nepomohla. Pomoc jsme nepot\u0159ebovali, ale ptal jsem se NATO a\u00a0ptal jsem se va\u0161eho b\u00fdval\u00e9ho l\u00eddra Keira Starmera: \u201aPro\u010d nepo\u0161lete p\u00e1r lod\u00ed?\u2018 \u0158ekl mi: \u201a\u017d\u00e1dn\u00e9 nem\u00e1me.\u2018 Cel\u00e9 to bylo docela smutn\u00e9,\u201c \u0159ekl Trump.<\/p>\n<p class=\"c_bB\">Brit\u00e1nie naopak v\u00a0reakci na Trumpova prohl\u00e1\u0161en\u00ed tento t\u00fdden uvedla, \u017ee jej\u00ed postoj k\u00a0Falkland\u00e1m je \u201edlouhodob\u00fd a\u00a0neochv\u011bjn\u00fd\u201c. \u201eSuverenita n\u00e1le\u017e\u00ed Velk\u00e9 Brit\u00e1nii a\u00a0pr\u00e1vo ostrovan\u016f na sebeur\u010den\u00ed je prvo\u0159ad\u00e9. Pozice Velk\u00e9 Brit\u00e1nie je jasn\u00e1. Ostrovan\u00e9 opakovan\u011b vyj\u00e1d\u0159ili, \u017ee si p\u0159ej\u00ed z\u016fstat sou\u010d\u00e1st\u00ed britsk\u00fdch z\u00e1mo\u0159sk\u00fdch teritori\u00ed,\u201c stoj\u00ed ve vyj\u00e1d\u0159en\u00ed britsk\u00e9 vl\u00e1dy.<\/p>\n<p class=\"c_bB\">V posledn\u00edm referendu o\u00a0suverenit\u011b Falkland, kter\u00e9 prob\u011bhlo v\u00a0roce 2013, se pro setrv\u00e1n\u00ed v\u00a0z\u00e1mo\u0159sk\u00fdch teritori\u00edch Velk\u00e9 Brit\u00e1nie vyj\u00e1d\u0159ilo 99,8\u00a0procent hlasuj\u00edc\u00edch obyvatel souostrov\u00ed. Podle Mileie ale obyvatel\u00e9 Falkland pr\u00e1vo na sebeur\u010den\u00ed nemaj\u00ed, proto\u017ee ostrovy pat\u0159\u00ed Argentin\u011b.<\/p>\n<p><a data-dot=\"atm-link\" target=\"_self\" href=\"https:\/\/www.novinky.cz\/clanek\/zahranicni-zadluzujete-zemi-nedostanete-plat-argentinsky-prezident-prichazi-s-bicem-na-politiky-40590889\" class=\"c_I\" rel=\"nofollow noopener\"><img height=\"787\" width=\"1400\" src=\"https:\/\/www.europesays.com\/cz\/wp-content\/uploads\/2026\/09\/milei.jpeg\" loading=\"eager\" decoding=\"sync\" class=\"c_t c_r\"\/><\/a><\/p>\n","protected":false},"excerpt":{"rendered":"Mileiovi p\u0159\u00edznivci p\u0159edpokl\u00e1dali, \u017ee krajn\u011b pravicov\u00fd prezident b\u011bhem \u010dtvrte\u010dn\u00edho proslovu ozn\u00e1m\u00ed, \u017ee USA u\u017e podporu argentinsk\u00e9ho n\u00e1roku form\u00e1ln\u011b&hellip;\n","protected":false},"author":2,"featured_media":202687,"comment_status":"","ping_status":"","sticky":false,"template":"","format":"standard","meta":{"footnotes":"","_share_on_mastodon":"0"},"categories":[11],"tags":[856,212,22062,2044,1003,7825,10102,168,54,113,1136,959,53,52],"class_list":["post-202686","post","type-post","status-publish","format-standard","has-post-thumbnail","category-svet","tag-argentina","tag-donald-trump","tag-falklandy","tag-javier-milei","tag-keir-starmer","tag-konflikt-usa-izrael-iran","tag-margaret-thatcherova","tag-severoatlanticka-aliance-nato","tag-svet","tag-usa","tag-velka-britanie","tag-volby","tag-world","tag-world-news"],"share_on_mastodon":{"url":"https:\/\/pubeurope.com\/@cz\/117212834192936414","error":""},"_links":{"self":[{"href":"https:\/\/www.europesays.com\/cz\/wp-json\/wp\/v2\/posts\/202686","targetHints":{"allow":["GET"]}}],"collection":[{"href":"https:\/\/www.europesays.com\/cz\/wp-json\/wp\/v2\/posts"}],"about":[{"href":"https:\/\/www.europesays.com\/cz\/wp-json\/wp\/v2\/types\/post"}],"author":[{"embeddable":true,"href":"https:\/\/www.europesays.com\/cz\/wp-json\/wp\/v2\/users\/2"}],"replies":[{"embeddable":true,"href":"https:\/\/www.europesays.com\/cz\/wp-json\/wp\/v2\/comments?post=202686"}],"version-history":[{"count":0,"href":"https:\/\/www.europesays.com\/cz\/wp-json\/wp\/v2\/posts\/202686\/revisions"}],"wp:featuredmedia":[{"embeddable":true,"href":"https:\/\/www.europesays.com\/cz\/wp-json\/wp\/v2\/media\/202687"}],"wp:attachment":[{"href":"https:\/\/www.europesays.com\/cz\/wp-json\/wp\/v2\/media?parent=202686"}],"wp:term":[{"taxonomy":"category","embeddable":true,"href":"https:\/\/www.europesays.com\/cz\/wp-json\/wp\/v2\/categories?post=202686"},{"taxonomy":"post_tag","embeddable":true,"href":"https:\/\/www.europesays.com\/cz\/wp-json\/wp\/v2\/tags?post=202686"}],"curies":[{"name":"wp","href":"https:\/\/api.w.org\/{rel}","templated":true}]}}