{"id":202688,"date":"2026-09-04T12:45:14","date_gmt":"2026-09-04T12:45:14","guid":{"rendered":"https:\/\/www.europesays.com\/cz\/202688\/"},"modified":"2026-09-04T12:45:14","modified_gmt":"2026-09-04T12:45:14","slug":"rusove-cili-na-sifrovanou-aplikaci-signal-pouzivanou-ceskymi-politiky","status":"publish","type":"post","link":"https:\/\/www.europesays.com\/cz\/202688\/","title":{"rendered":"Rusov\u00e9 c\u00edl\u00ed na \u0161ifrovanou aplikaci Signal pou\u017e\u00edvanou \u010desk\u00fdmi politiky"},"content":{"rendered":"<p class=\"c_bB\">Varov\u00e1n\u00ed pro \u010desk\u00e9 u\u017eivatele zve\u0159ejnil N\u00daKIB v\u00a0p\u00e1tek. \u201eAktivity jsou spojov\u00e1ny zejm\u00e9na s\u00a0akt\u00e9ry napojen\u00fdmi na Ruskou federaci a\u00a0jejich c\u00edlem je z\u00edsk\u00e1n\u00ed p\u0159\u00edstupu ke komunikaci ob\u011bt\u00ed prost\u0159ednictv\u00edm zneu\u017eit\u00ed nepozornosti u\u017eivatel\u016f,\u201c popsal \u00fa\u0159ad.<\/p>\n<p class=\"c_bB\">Upozorn\u011bn\u00ed \u00fa\u0159ad zve\u0159ejnil i\u00a0s ohledem na to, \u017ee aplikace je obl\u00edben\u00e1 mezi vysoce postaven\u00fdmi lidmi. Podle informac\u00ed redakce ji pou\u017e\u00edv\u00e1 tak\u00e9 \u0159ada \u010desk\u00fdch politik\u016f.<\/p>\n<p class=\"c_bB\">\u201eDosud zaznamenan\u00e9 kampan\u011b c\u00edlily p\u0159edev\u0161\u00edm na osoby p\u016fsob\u00edc\u00ed v\u00a0oblasti bezpe\u010dnosti, st\u00e1tn\u00ed spr\u00e1vy \u010di politiky. Podle dostupn\u00fdch informac\u00ed byly podobn\u00e9 techniky zaznamen\u00e1ny nap\u0159\u00edklad na Ukrajin\u011b, v\u00a0N\u011bmecku, Francii nebo Nizozemsku,\u201c popsal N\u00daKIB s\u00a0t\u00edm, \u017ee rozsah aktivit je ale pravd\u011bpodobn\u011b \u0161ir\u0161\u00ed.<\/p>\n<p><a data-dot=\"atm-link\" target=\"_self\" href=\"https:\/\/www.novinky.cz\/clanek\/internet-a-pc-mobil-spionaz-hrozi-i-cechum-apple-vydal-mimoradne-varovani-40593511\" class=\"c_I\" rel=\"nofollow noopener\"><img fetchpriority=\"high\" height=\"940\" width=\"1672\" src=\"https:\/\/www.europesays.com\/cz\/wp-content\/uploads\/2026\/09\/apple-varovani-spionaz-iphone.png\" loading=\"eager\" decoding=\"sync\" class=\"c_t c_r\"\/><\/a><\/p>\n<p class=\"c_bB\">Signal je komunika\u010dn\u00ed aplikace podobn\u00e1 t\u0159eba hojn\u011b pou\u017e\u00edvan\u00e9mu WhatsAppu. Li\u0161\u00ed se ale d\u016fsledn\u011bj\u0161\u00edm \u0161ifrov\u00e1n\u00edm sd\u00edlen\u00fdch informac\u00ed, a\u00a0proto je obl\u00edben\u00e1 pro utajovanou komunikaci.<\/p>\n<p class=\"c_bB\">\u00dato\u010dn\u00edci se podle N\u00daKIB nesna\u017e\u00ed prolomit \u0161ifrov\u00e1n\u00ed, ale dostat se do aplikace prost\u0159ednictv\u00edm chyby u\u017eivatele.<\/p>\n<p class=\"c_bB\">\u201eVyu\u017e\u00edvaj\u00ed techniky soci\u00e1ln\u00edho in\u017een\u00fdrstv\u00ed a\u00a0phishingu, jejich\u017e c\u00edlem je p\u0159im\u011bt u\u017eivatele k\u00a0propojen\u00ed ciz\u00edho za\u0159\u00edzen\u00ed s\u00a0jejich \u00fa\u010dtem nebo ke sd\u011blen\u00ed PIN k\u00f3du \u010di dal\u0161\u00edch p\u0159\u00edstupov\u00fdch \u00fadaj\u016f. Mezi nej\u010dast\u011bj\u0161\u00ed sc\u00e9n\u00e1\u0159e pat\u0159\u00ed fale\u0161n\u00e9 zpr\u00e1vy vyd\u00e1vaj\u00edc\u00ed se za technickou podporu, podvr\u017een\u00e9 odkazy nebo \u0161kodliv\u00e9 QR k\u00f3dy,\u201c uvedl \u00fa\u0159ad.<\/p>\n<p class=\"c_bB\">Spolu s\u00a0varov\u00e1n\u00edm vydal i\u00a0bezpe\u010dnostn\u00ed doporu\u010den\u00ed. Vyb\u00edz\u00ed ke kontrole seznamu p\u0159ipojen\u00fdch za\u0159\u00edzen\u00ed, nikdy nikomu nesd\u011blovat PIN k\u00f3d ani ov\u011b\u0159ovac\u00ed \u00fadaje nebo neskenovat QR k\u00f3dy a\u00a0neotev\u00edrat odkazy, kter\u00e9 u\u017eivatel nevy\u017e\u00e1dal.<\/p>\n<p><a data-dot=\"atm-link\" target=\"_self\" href=\"https:\/\/www.novinky.cz\/clanek\/zahranicni-amerika-dalsi-skandal-sefa-pentagonu-hegseth-si-o-utoku-v-jemenu-psal-i-se-svou-zenou-a-bratrem-40518077\" class=\"c_I\" rel=\"nofollow noopener\"><img height=\"2193\" width=\"3900\" src=\"https:\/\/www.europesays.com\/cz\/wp-content\/uploads\/2026\/09\/d75a.jpeg\" loading=\"eager\" decoding=\"sync\" class=\"c_t c_r\"\/><\/a><\/p>\n","protected":false},"excerpt":{"rendered":"Varov\u00e1n\u00ed pro \u010desk\u00e9 u\u017eivatele zve\u0159ejnil N\u00daKIB v\u00a0p\u00e1tek. \u201eAktivity jsou spojov\u00e1ny zejm\u00e9na s\u00a0akt\u00e9ry napojen\u00fdmi na Ruskou federaci a\u00a0jejich c\u00edlem&hellip;\n","protected":false},"author":2,"featured_media":202689,"comment_status":"","ping_status":"","sticky":false,"template":"","format":"standard","meta":{"footnotes":"","_share_on_mastodon":"0"},"categories":[10],"tags":[2591,17,21,7974,16,4832,61,25401,7267,1886,18,19,22,20],"class_list":["post-202688","post","type-post","status-publish","format-standard","has-post-thumbnail","category-zpravy","tag-aplikace","tag-headlines","tag-hlavni-udalosti","tag-narodni-urad-pro-kybernetickou-a-informacni-bezpecnost-nukib","tag-news","tag-politici","tag-rusko","tag-sifrovani","tag-signal","tag-spionaz","tag-top-news","tag-top-stories","tag-udalosti-dne","tag-zpravy"],"share_on_mastodon":{"url":"https:\/\/pubeurope.com\/@cz\/117212842004126631","error":""},"_links":{"self":[{"href":"https:\/\/www.europesays.com\/cz\/wp-json\/wp\/v2\/posts\/202688","targetHints":{"allow":["GET"]}}],"collection":[{"href":"https:\/\/www.europesays.com\/cz\/wp-json\/wp\/v2\/posts"}],"about":[{"href":"https:\/\/www.europesays.com\/cz\/wp-json\/wp\/v2\/types\/post"}],"author":[{"embeddable":true,"href":"https:\/\/www.europesays.com\/cz\/wp-json\/wp\/v2\/users\/2"}],"replies":[{"embeddable":true,"href":"https:\/\/www.europesays.com\/cz\/wp-json\/wp\/v2\/comments?post=202688"}],"version-history":[{"count":0,"href":"https:\/\/www.europesays.com\/cz\/wp-json\/wp\/v2\/posts\/202688\/revisions"}],"wp:featuredmedia":[{"embeddable":true,"href":"https:\/\/www.europesays.com\/cz\/wp-json\/wp\/v2\/media\/202689"}],"wp:attachment":[{"href":"https:\/\/www.europesays.com\/cz\/wp-json\/wp\/v2\/media?parent=202688"}],"wp:term":[{"taxonomy":"category","embeddable":true,"href":"https:\/\/www.europesays.com\/cz\/wp-json\/wp\/v2\/categories?post=202688"},{"taxonomy":"post_tag","embeddable":true,"href":"https:\/\/www.europesays.com\/cz\/wp-json\/wp\/v2\/tags?post=202688"}],"curies":[{"name":"wp","href":"https:\/\/api.w.org\/{rel}","templated":true}]}}