{"id":202694,"date":"2026-09-04T12:53:13","date_gmt":"2026-09-04T12:53:13","guid":{"rendered":"https:\/\/www.europesays.com\/cz\/202694\/"},"modified":"2026-09-04T12:53:13","modified_gmt":"2026-09-04T12:53:13","slug":"opilemu-trenerovi-hrozi-kvuli-tragicke-nehode-pri-ktere-zemrelo-dite-vyssi-trest","status":"publish","type":"post","link":"https:\/\/www.europesays.com\/cz\/202694\/","title":{"rendered":"Opil\u00e9mu tren\u00e9rovi hroz\u00ed kv\u016fli tragick\u00e9 nehod\u011b, p\u0159i kter\u00e9 zem\u0159elo d\u00edt\u011b, vy\u0161\u0161\u00ed trest"},"content":{"rendered":"<p class=\"c_bB\">Mo\u017enost pod\u00e1n\u00ed n\u00e1vrhu na vzet\u00ed \u0159idi\u010de do vazby byla policisty bezprost\u0159edn\u011b po nehod\u011b konzultov\u00e1na s\u00a0dozoruj\u00edc\u00edm st\u00e1tn\u00edm z\u00e1stupcem. Ten v\u0161ak neshledal existenci z\u00e1konn\u00fdch vazebn\u00edch d\u016fvod\u016f. <\/p>\n<p class=\"c_bB\">Novinky \u0159idi\u010de kontaktovaly, telefon zvedl, ale po p\u0159edstaven\u00ed se redaktorky zav\u011bsil. Pot\u00e9 v\u0161ak reagoval na zaslanou sms zpr\u00e1vu. \u201eSamoz\u0159ejm\u011b toho lituji, ale \u017e\u00e1dn\u00e9 dal\u0161\u00ed vyj\u00e1d\u0159en\u00ed poskytovat nesm\u00edm,\u201c napsal redakci tren\u00e9r.<\/p>\n<p class=\"c_bB\">Mu\u017e byl hospitalizov\u00e1n ve Fakultn\u00ed nemocnici Brno a\u00a0dva chlapci v\u00a0D\u011btsk\u00e9 nemocnici, kter\u00e1 spad\u00e1 pod Fakultn\u00ed nemocnici. \u201eOba chlapci byli propu\u0161t\u011bni do dom\u00e1c\u00edho o\u0161et\u0159ov\u00e1n\u00ed. Takt\u00e9\u017e pan \u0159idi\u010d,\u201c \u0159ekla Novink\u00e1m Lenka Martinkov\u00e1 z\u00a0tiskov\u00e9ho odd\u011blen\u00ed nemocnice.<\/p>\n<p class=\"c_bB\">Policist\u00e9 v\u00a0souvislosti s\u00a0nehodou na z\u00e1klad\u011b v\u00fdsledku toxikologick\u00e9ho rozboru krve roz\u0161\u00ed\u0159ili a\u00a0zp\u0159\u00edsnili pr\u00e1vn\u00ed kvalifikaci skutku. \u201e\u0158idi\u010d je nyn\u00ed prov\u011b\u0159ov\u00e1n pro p\u0159e\u010din usmrcen\u00ed z\u00a0nedbalosti a\u00a0p\u0159e\u010din ohro\u017een\u00ed pod vlivem n\u00e1vykov\u00e9 l\u00e1tky,\u201c uvedl policejn\u00ed mluv\u010d\u00ed Petr Vala. <\/p>\n<p><a data-dot=\"atm-link\" target=\"_self\" href=\"https:\/\/www.novinky.cz\/clanek\/krimi-fotbalovy-trener-ktery-na-brnensku-boural-s-peti-detmi-a-jedno-zabil-nadychal-temer-4-promile-40594683\" class=\"c_I\" rel=\"nofollow noopener\"><img fetchpriority=\"high\" height=\"1080\" width=\"1920\" src=\"https:\/\/www.europesays.com\/cz\/wp-content\/uploads\/2026\/09\/1788526391_776_image.jpeg\" loading=\"eager\" decoding=\"sync\" class=\"c_t c_r\"\/><\/a><\/p>\n<p class=\"c_bB\">Mu\u017ei tak hroz\u00ed m\u00edsto \u0161esti a\u017e osm let v\u011bzen\u00ed. \u201eKe zm\u011bn\u011b pr\u00e1vn\u00ed kvalifikace do\u0161lo po vyhodnocen\u00ed laboratorn\u00edch v\u00fdsledk\u016f, kter\u00e9 prok\u00e1zaly vysokou hladinu alkoholu v\u00a0krvi v\u00a0dob\u011b odb\u011bru, a\u00a0to 3,14\u00a0a\u00a03,17\u00a0gram\u016f na kilogram,\u201c informoval mluv\u010d\u00ed s\u00a0t\u00edm, \u017ee pr\u00e1vn\u00ed kvalifikace m\u016f\u017ee b\u00fdt je\u0161t\u011b roz\u0161\u00ed\u0159ena.<\/p>\n<p class=\"c_bB\">Policist\u00e9 podle n\u011bj tento t\u00fdden mu\u017ee vyslechli v\u00a0nemocnici pot\u00e9, co to jeho zdravotn\u00ed stav umo\u017enil. \u201eDal\u0161\u00ed okolnosti a\u00a0p\u0159esn\u00fd pr\u016fb\u011bh nehody jsou nad\u00e1le p\u0159edm\u011btem prov\u011b\u0159ov\u00e1n\u00ed. Policist\u00e9 sou\u010dasn\u011b zadali vypracov\u00e1n\u00ed znaleck\u00e9ho posudku ke zp\u011btn\u00e9mu v\u00fdpo\u010dtu hladiny alkoholu v\u00a0dob\u011b dopravn\u00ed nehody,\u201c sd\u011blil Vala.<\/p>\n<p class=\"c_bB\">Upozornil, \u017ee s\u00a0ohledem na n\u00edzk\u00fd v\u011bk po\u0161kozen\u00fdch, ochranu jejich soukrom\u00ed i\u00a0soukrom\u00ed zasa\u017een\u00fdch rodin a\u00a0v souladu s\u00a0platn\u00fdmi pr\u00e1vn\u00edmi p\u0159edpisy nebude policie k\u00a0p\u0159\u00edpadu poskytovat \u017e\u00e1dn\u00e9 dal\u0161\u00ed informace.<\/p>\n<p class=\"c_bB\">Nehoda se stala minulou st\u0159edu u\u00a0Doubravn\u00edku. Mal\u00ed fotbalist\u00e9 ze St\u0159elic m\u011bli nedaleko soust\u0159ed\u011bn\u00ed. Tren\u00e9r je pod vlivem alkoholu vezl na tr\u00e9nink. P\u0159i j\u00edzd\u011b nejprve p\u0159ejel do protism\u011bru a\u00a0pot\u00e9 vyjel mimo komunikaci, kde narazil do stromu. V\u00a0aut\u011b pro p\u011bt lid\u00ed vezl krom\u011b sebe p\u011bt d\u011bt\u00ed. Jedno d\u00edt\u011b zem\u0159elo na m\u00edst\u011b.<\/p>\n<p><img height=\"1080\"   width=\"1920\" src=\"https:\/\/www.europesays.com\/cz\/wp-content\/uploads\/2026\/09\/1788526392_617_nehoda.jpeg\" loading=\"eager\" decoding=\"sync\" class=\"c_t c_r\"\/>Foto: Policie \u010cR<\/p>\n<p class=\"c_bB\">Zdemolovan\u00e9 auto po tragick\u00e9 nehod\u011b u\u00a0Doubravn\u00edku <\/p>\n<p><a data-dot=\"atm-link\" target=\"_self\" href=\"https:\/\/www.novinky.cz\/clanek\/krimi-chodil-si-pro-vodku-i-trikrat-tydne-trener-ze-strelic-prozival-kvuli-alkoholu-zivotni-pad-40595001\" class=\"c_I\" rel=\"nofollow noopener\"><img height=\"1080\" width=\"1920\" src=\"https:\/\/www.europesays.com\/cz\/wp-content\/uploads\/2026\/09\/1788526393_433_nehoda.jpeg\" loading=\"eager\" decoding=\"sync\" class=\"c_t c_r\"\/><\/a><\/p>\n","protected":false},"excerpt":{"rendered":"Mo\u017enost pod\u00e1n\u00ed n\u00e1vrhu na vzet\u00ed \u0159idi\u010de do vazby byla policisty bezprost\u0159edn\u011b po nehod\u011b konzultov\u00e1na s\u00a0dozoruj\u00edc\u00edm st\u00e1tn\u00edm z\u00e1stupcem. Ten&hellip;\n","protected":false},"author":2,"featured_media":202695,"comment_status":"","ping_status":"","sticky":false,"template":"","format":"standard","meta":{"footnotes":"","_share_on_mastodon":"0"},"categories":[7],"tags":[879,43,42,41,40,444,323,81],"class_list":["post-202694","post","type-post","status-publish","format-standard","has-post-thumbnail","category-cesko","tag-alkohol","tag-ceska-republika","tag-cesko","tag-czech-republic","tag-czechia","tag-deti","tag-dopravni-nehody","tag-umrti"],"share_on_mastodon":{"url":"https:\/\/pubeurope.com\/@cz\/117212873100148117","error":""},"_links":{"self":[{"href":"https:\/\/www.europesays.com\/cz\/wp-json\/wp\/v2\/posts\/202694","targetHints":{"allow":["GET"]}}],"collection":[{"href":"https:\/\/www.europesays.com\/cz\/wp-json\/wp\/v2\/posts"}],"about":[{"href":"https:\/\/www.europesays.com\/cz\/wp-json\/wp\/v2\/types\/post"}],"author":[{"embeddable":true,"href":"https:\/\/www.europesays.com\/cz\/wp-json\/wp\/v2\/users\/2"}],"replies":[{"embeddable":true,"href":"https:\/\/www.europesays.com\/cz\/wp-json\/wp\/v2\/comments?post=202694"}],"version-history":[{"count":0,"href":"https:\/\/www.europesays.com\/cz\/wp-json\/wp\/v2\/posts\/202694\/revisions"}],"wp:featuredmedia":[{"embeddable":true,"href":"https:\/\/www.europesays.com\/cz\/wp-json\/wp\/v2\/media\/202695"}],"wp:attachment":[{"href":"https:\/\/www.europesays.com\/cz\/wp-json\/wp\/v2\/media?parent=202694"}],"wp:term":[{"taxonomy":"category","embeddable":true,"href":"https:\/\/www.europesays.com\/cz\/wp-json\/wp\/v2\/categories?post=202694"},{"taxonomy":"post_tag","embeddable":true,"href":"https:\/\/www.europesays.com\/cz\/wp-json\/wp\/v2\/tags?post=202694"}],"curies":[{"name":"wp","href":"https:\/\/api.w.org\/{rel}","templated":true}]}}