{"id":202710,"date":"2026-09-04T13:05:16","date_gmt":"2026-09-04T13:05:16","guid":{"rendered":"https:\/\/www.europesays.com\/cz\/202710\/"},"modified":"2026-09-04T13:05:16","modified_gmt":"2026-09-04T13:05:16","slug":"historicka-vozovna-na-prazskych-vinohradech-bude-patrit-sportu-a-kulture","status":"publish","type":"post","link":"https:\/\/www.europesays.com\/cz\/202710\/","title":{"rendered":"Historick\u00e1 vozovna na pra\u017esk\u00fdch Vinohradech bude pat\u0159it sportu a\u00a0kultu\u0159e"},"content":{"rendered":"<p class=\"c_bB\">\u201eChceme zachovat jej\u00ed charakter a\u00a0historii, ale sou\u010dasn\u011b ji otev\u0159\u00edt aktu\u00e1ln\u00edm pot\u0159eb\u00e1m m\u011bsta, kter\u00e9 zahrnuj\u00ed i\u00a0nov\u00e9 formy m\u011bstsk\u00fdch slu\u017eeb. Z\u00a0f\u00e1ze vyjedn\u00e1v\u00e1n\u00ed jsme p\u0159e\u0161li do f\u00e1ze realizace a\u00a0nyn\u00ed m\u016f\u017eeme p\u0159ipravovat konkr\u00e9tn\u00ed kroky, kter\u00e9 k\u00a0prom\u011bn\u011b are\u00e1lu povedou,\u201c uvedl radn\u00ed pro kulturu Tom\u00e1\u0161 Slabihoudek (TOP 09).<\/p>\n<p class=\"c_bB\">Z are\u00e1lu o\u00a0rozloze sedmi tis\u00edc metr\u016f \u010dtvere\u010dn\u00edch pobl\u00ed\u017e stejnojmenn\u00e9 tramvajov\u00e9 zast\u00e1vky, kter\u00fd p\u016fvodn\u00edmu dopravn\u00edmu \u00fa\u010delu p\u0159estal slou\u017eit u\u017e v\u00a0polovin\u011b 50.\u00a0let minul\u00e9ho stolet\u00ed, m\u00e1 vzniknout multifunk\u010dn\u00ed m\u00edsto pro kulturu, komunitn\u00ed, sportovn\u00ed i\u00a0ekologick\u00e9 aktivity. P\u0159\u00edpravu revitalizace sv\u011b\u0159\u00ed m\u011bstsk\u00e9 spole\u010dnosti Technologie hlavn\u00edho m\u011bsta Prahy (THMP).<\/p>\n<p><a data-dot=\"atm-link\" target=\"_self\" href=\"https:\/\/www.novinky.cz\/clanek\/domaci-zpravy-hlavni-mesto-praha-nova-prazska-vozovna-zkrati-tramvajim-cestu-do-prace-40590956\" class=\"c_I\" rel=\"nofollow noopener\"><img fetchpriority=\"high\" height=\"1080\" width=\"1920\" src=\"https:\/\/www.europesays.com\/cz\/wp-content\/uploads\/2026\/09\/branicka-vozovna-praha.jpeg\" loading=\"eager\" decoding=\"sync\" class=\"c_t c_r\"\/><\/a><\/p>\n<p class=\"c_bB\">\u201eNa\u0161\u00edm \u00fakolem te\u010f nen\u00ed p\u0159edj\u00edmat, jak p\u0159esn\u011b bude are\u00e1l za n\u011bkolik let vypadat, ale p\u0159ipravit kvalitn\u00ed a\u00a0realistick\u00fd z\u00e1klad pro dal\u0161\u00ed rozhodov\u00e1n\u00ed m\u011bsta,\u201c \u0159ekl p\u0159edseda p\u0159edstavenstva THMP Tom\u00e1\u0161 J\u00edlek s\u00a0t\u00edm, \u017ee v\u00a0r\u00e1mci p\u0159\u00edpravy vznikne studie revitalizace, odhad investi\u010dn\u00edch n\u00e1klad\u016f projektu i\u00a0\u010dasov\u00fd harmonogram realizace.<\/p>\n<p class=\"c_bB\">Podle Ji\u0159\u00edho Sul\u017eenka, \u0159editele magistr\u00e1tn\u00edho odboru kultury a\u00a0cestovn\u00edho ruchu, dnes Praze chyb\u00ed prostor, kter\u00fd by poskytoval z\u00e1zem\u00ed pro tv\u016frce a\u00a0spole\u010dnosti v\u00a0oblasti kreativn\u00edch odv\u011btv\u00ed spl\u0148uj\u00edc\u00ed opravdu sv\u011btov\u00e9 parametry.<\/p>\n<p class=\"c_bB\">\u201eOrionka m\u00e1 parametry prostoru, do kter\u00e9ho se vejde cel\u00fd symfonick\u00fd orchestr, kde vedle sebe mohou vznikat filmov\u00e1 a\u00a0seri\u00e1lov\u00e1 hudba, hudba pro po\u010d\u00edta\u010dov\u00e9 hry, podcasty a\u00a0dal\u0161\u00ed projekty. V\u00a0Evrop\u011b je podobn\u00fdch mo\u017enost\u00ed minimum, v\u00a0t\u00e9to podob\u011b by srovn\u00e1n\u00edm mohlo b\u00fdt lond\u00fdnsk\u00e9 Abbey Road nebo Air Studios,\u201c uvedl Sul\u017eenko.<\/p>\n<p class=\"c_bB\">Na prvn\u00ed v\u00fdsledky p\u0159itom nebude nutn\u00e9 \u010dekat a\u017e do dokon\u010den\u00ed cel\u00e9 revitalizace. Postupn\u011b vyu\u017e\u00edvat venkovn\u00ed \u010d\u00e1sti are\u00e1lu chce Praha co nejd\u0159\u00edve. Jedn\u00edm z\u00a0prvn\u00edch konkr\u00e9tn\u00edch projekt\u016f, kter\u00e9 se v\u00a0Orionce maj\u00ed do\u010dasn\u011b zabydlet, bude pilotn\u00ed re-use centrum.<\/p>\n<p><a data-dot=\"atm-link\" target=\"_self\" href=\"https:\/\/www.novinky.cz\/clanek\/domaci-zpravy-hlavni-mesto-praha-po-nove-trati-za-824-milionu-zamiri-na-strahov-i-studentska-tramvaj-linky-28-40594248\" class=\"c_I\" rel=\"nofollow noopener\"><img height=\"1125\" width=\"2000\" src=\"https:\/\/www.europesays.com\/cz\/wp-content\/uploads\/2026\/09\/1788527116_195_tramvaj-strahov-konecna-smycka.jpeg\" loading=\"eager\" decoding=\"sync\" class=\"c_t c_r\"\/><\/a><\/p>\n<p class=\"c_bB\">\u201eFunk\u010dn\u00ed v\u011bci u\u017e tak nebudou muset zbyte\u010dn\u011b kon\u010dit v\u00a0popelnici, ale dostanou druhou \u0161anci,\u201c doplnila n\u00e1m\u011bstkyn\u011b prim\u00e1tora Jana Komrskov\u00e1 (Jsme Praha). Princip centra je jednoduch\u00fd: v\u011bci, kter\u00e9 u\u017e jeden \u010dlov\u011bk nepot\u0159ebuje, ale st\u00e1le mohou dob\u0159e slou\u017eit, nemus\u00ed skon\u010dit jako odpad. N\u00e1bytek, knihy, n\u00e1dob\u00ed, hra\u010dky, d\u011btsk\u00e1 kola, ko\u010d\u00e1rky nebo dal\u0161\u00ed vybaven\u00ed dom\u00e1cnost\u00ed bude mo\u017en\u00e9 shroma\u017e\u010fovat, t\u0159\u00eddit a\u00a0n\u00e1sledn\u011b nab\u00eddnout k\u00a0dal\u0161\u00edmu vyu\u017eit\u00ed.<\/p>\n<p class=\"c_bB\">Pro THMP bude do\u010dasn\u00fd provoz z\u00e1rove\u0148 p\u0159\u00edle\u017eitost\u00ed ov\u011b\u0159it, jak m\u016f\u017ee Orionka fungovat jako otev\u0159en\u00e9 m\u00edsto pro ve\u0159ejnost je\u0161t\u011b p\u0159ed zah\u00e1jen\u00edm rozs\u00e1hl\u00fdch stavebn\u00edch prac\u00ed. Venkovn\u00ed \u010d\u00e1st are\u00e1lu by m\u011bla b\u00fdt podle aktu\u00e1ln\u00edho z\u00e1m\u011bru vyu\u017e\u00edv\u00e1na p\u0159edev\u0161\u00edm sez\u00f3nn\u011b, a\u00a0to v\u00a0obdob\u00ed od \u010dervna do z\u00e1\u0159\u00ed.<\/p>\n<p class=\"c_bB\">M\u011bsto slibuje, \u017ee provoz nezaplat\u00ed da\u0148ov\u00ed poplatn\u00edci, ale s\u00e1m si na sebe vyd\u011bl\u00e1. V\u00fdnosy z\u00a0n\u00e1jm\u016f a\u00a0dal\u0161\u00edch \u010dinnost\u00ed by tak m\u011bly podle informac\u00ed magistr\u00e1tu pokr\u00fdvat provozn\u00ed n\u00e1klady are\u00e1lu.<\/p>\n<p><a data-dot=\"atm-link\" target=\"_self\" href=\"https:\/\/www.novinky.cz\/clanek\/domaci-zpravy-hlavni-mesto-praha-chatrajici-karlinska-kasarna-v-praze-se-promeni-za-2-miliardy-nezacne-se-pred-rokem-2029-40592054\" class=\"c_I\" rel=\"nofollow noopener\"><img height=\"1350\" width=\"2400\" src=\"https:\/\/www.europesays.com\/cz\/wp-content\/uploads\/2026\/09\/kasarna-karlin-vitualizace-praha-8.jpeg\" loading=\"eager\" decoding=\"sync\" class=\"c_t c_r\"\/><\/a><\/p>\n","protected":false},"excerpt":{"rendered":"\u201eChceme zachovat jej\u00ed charakter a\u00a0historii, ale sou\u010dasn\u011b ji otev\u0159\u00edt aktu\u00e1ln\u00edm pot\u0159eb\u00e1m m\u011bsta, kter\u00e9 zahrnuj\u00ed i\u00a0nov\u00e9 formy m\u011bstsk\u00fdch slu\u017eeb.&hellip;\n","protected":false},"author":2,"featured_media":202711,"comment_status":"","ping_status":"","sticky":false,"template":"","format":"standard","meta":{"footnotes":"","_share_on_mastodon":"0"},"categories":[30],"tags":[84,984,1448,2408,46249,98,99,1373,46091,94,2413,41233],"class_list":["post-202710","post","type-post","status-publish","format-standard","has-post-thumbnail","category-praha","tag-hudba","tag-koncerty","tag-kultura","tag-magistrat-hlavniho-mesta-prahy","tag-multifunkcni-budovy","tag-prague","tag-praha","tag-rekonstrukce","tag-reuse-centra","tag-sport","tag-vinohrady","tag-vozovny"],"share_on_mastodon":{"url":"https:\/\/pubeurope.com\/@cz\/117212920448122031","error":""},"_links":{"self":[{"href":"https:\/\/www.europesays.com\/cz\/wp-json\/wp\/v2\/posts\/202710","targetHints":{"allow":["GET"]}}],"collection":[{"href":"https:\/\/www.europesays.com\/cz\/wp-json\/wp\/v2\/posts"}],"about":[{"href":"https:\/\/www.europesays.com\/cz\/wp-json\/wp\/v2\/types\/post"}],"author":[{"embeddable":true,"href":"https:\/\/www.europesays.com\/cz\/wp-json\/wp\/v2\/users\/2"}],"replies":[{"embeddable":true,"href":"https:\/\/www.europesays.com\/cz\/wp-json\/wp\/v2\/comments?post=202710"}],"version-history":[{"count":0,"href":"https:\/\/www.europesays.com\/cz\/wp-json\/wp\/v2\/posts\/202710\/revisions"}],"wp:featuredmedia":[{"embeddable":true,"href":"https:\/\/www.europesays.com\/cz\/wp-json\/wp\/v2\/media\/202711"}],"wp:attachment":[{"href":"https:\/\/www.europesays.com\/cz\/wp-json\/wp\/v2\/media?parent=202710"}],"wp:term":[{"taxonomy":"category","embeddable":true,"href":"https:\/\/www.europesays.com\/cz\/wp-json\/wp\/v2\/categories?post=202710"},{"taxonomy":"post_tag","embeddable":true,"href":"https:\/\/www.europesays.com\/cz\/wp-json\/wp\/v2\/tags?post=202710"}],"curies":[{"name":"wp","href":"https:\/\/api.w.org\/{rel}","templated":true}]}}