{"id":202720,"date":"2026-09-04T13:15:20","date_gmt":"2026-09-04T13:15:20","guid":{"rendered":"https:\/\/www.europesays.com\/cz\/202720\/"},"modified":"2026-09-04T13:15:20","modified_gmt":"2026-09-04T13:15:20","slug":"policie-objasnila-odpaleni-bankomatu-v-praze-dva-cizinci-jsou-zadrzeni-v-rumunsku-hrozi-jim-8-let","status":"publish","type":"post","link":"https:\/\/www.europesays.com\/cz\/202720\/","title":{"rendered":"Policie objasnila odp\u00e1len\u00ed Bankomatu v Praze: Dva cizinci jsou zadr\u017eeni v Rumunsku, hroz\u00ed jim 8 let"},"content":{"rendered":"<p>\u201eCelkem jsou zadr\u017eeny t\u0159i osoby, a to cizinci ve v\u011bku 30, 33 a 36 let, kte\u0159\u00ed jsou v sou\u010dasn\u00e9 chv\u00edli ve vyd\u00e1vac\u00ed vazb\u011b v Rumunsku, odkud budou v r\u00e1mci extradice p\u0159evezeni na Slovensko, a pot\u00e9 poputuj\u00ed po odpyk\u00e1n\u00ed trestu do \u010cesk\u00e9 republiky,\u201c uvedl Hrdina.<\/p>\n<p>Bankomat v obchodn\u00edm centru v Dobronick\u00e9 ulici odp\u00e1lili pachatel\u00e9 v noci na 7. kv\u011btna. Ukradli z n\u011bj 300.000 korun, celkem podle Hrdiny zp\u016fsobili \u0161kodu p\u0159es 900.000 K\u010d. P\u0159\u00edpad si p\u0159evzali detektivov\u00e9, kte\u0159\u00ed \u010din propojili s p\u0159edchoz\u00edm podobn\u00fdm p\u0159\u00edpadem v \u010cesku. Jednoho z podez\u0159el\u00fdch se jim poda\u0159ilo identifikovat, se ztoto\u017en\u011bn\u00edm druh\u00e9ho pomohli rumun\u0161t\u00ed policist\u00e9.<\/p>\n<p>    <a aria-label=\"Z\u00e1kulis\u00ed svatby Rolins a Nedv\u011bda: K olt\u00e1\u0159i je dovedl Pavl\u016fv mazan\u00fd pl\u00e1n! V\u0161e trvalo 11 let\u2026 \" title=\"Z\u00e1kulis\u00ed svatby Rolins a Nedv\u011bda: K olt\u00e1\u0159i je dovedl Pavl\u016fv mazan\u00fd pl\u00e1n! V\u0161e trvalo 11 let\u2026 \" href=\"https:\/\/www.blesk.cz\/clanek\/celebrity-ceske-celebrity\/847520\/zakulisi-svatby-rolins-a-nedveda-k-oltari-je-dovedl-pavluv-mazany-plan-vse-trvalo-11-let.html\" class=\"article-card article-card--type-1 artobj\" data-track-click=\"{&quot;clickTo&quot;:&quot;button&quot;,&quot;link&quot;:{&quot;type&quot;:&quot;article-card&quot;,&quot;text&quot;:&quot;Z\u00e1kulis\u00ed svatby Rolins a Nedv\u011bda: K olt\u00e1\u0159i je dovedl Pavl\u016fv mazan\u00fd pl\u00e1n! V\u0161e trvalo 11 let\u2026 &quot;,&quot;url&quot;:&quot;https:\/\/www.blesk.cz\/clanek\/celebrity-ceske-celebrity\/847520\/zakulisi-svatby-rolins-a-nedveda-k-oltari-je-dovedl-pavluv-mazany-plan-vse-trvalo-11-let.html&quot;,&quot;location&quot;:&quot;page&quot;}}\" data-track-element-id=\"artobject-article-link-0-847520\" data-track-list=\"{\" item=\"\" svatby=\"\" rolins=\"\" a=\"\" nedv=\"\" k=\"\" olt=\"\" je=\"\" dovedl=\"\" pavl=\"\" mazan=\"\" pl=\"\" v=\"\" trvalo=\"\" let=\"\" rel=\"nofollow noopener\" target=\"_blank\"><\/p>\n<p>\t<img decoding=\"async\" src=\"https:\/\/www.europesays.com\/cz\/wp-content\/uploads\/2026\/09\/9957530.jpg\" alt=\"Z\u00e1kulis\u00ed svatby Rolins a Nedv\u011bda: K olt\u00e1\u0159i je dovedl Pavl\u016fv mazan\u00fd pl\u00e1n! V\u0161e trvalo 11 let\u2026\" title=\"\" width=\"238\" height=\"158,67\" class=\"\" style=\"aspect-ratio: 238 \/ 158,67\" loading=\"lazy\"\/><\/p>\n<p>    Z\u00e1kulis\u00ed svatby Rolins a Nedv\u011bda: K olt\u00e1\u0159i je dovedl Pavl\u016fv mazan\u00fd pl\u00e1n! V\u0161e trvalo 11 let\u2026 <\/p>\n<p>    <\/a><\/p>\n<p>\u010ce\u0161t\u00ed vy\u0161et\u0159ovatel\u00e9 za\u010dali na p\u0159\u00edpadu podle Hrdiny spolupracovat i se slovensk\u00fdmi kolegy, a to pot\u00e9, co v Bratislav\u011b v \u010dervnu vybuchly dva bankomaty a proveden\u00ed \u010dinu a popisy pachatel\u016f byly stejn\u00e9 jako v \u010cesku. Policist\u00e9 monitorovali pohyb podez\u0159el\u00fdch na \u00fazem\u00ed schengensk\u00e9ho prostoru a z Rumunska dostali informaci o tom, \u017ee oba podez\u0159el\u00ed m\u00ed\u0159\u00ed znovu na Slovensko.<\/p>\n<p>\u201eDva dny pot\u00e9, co podez\u0159el\u00ed p\u0159ejeli hranice Schengenu, do\u0161lo k dal\u0161\u00edmu skutku vloup\u00e1n\u00ed do bankomatu v Bratislav\u011b, kdy se slovensk\u00fdm koleg\u016fm sice nepoda\u0159ilo podez\u0159el\u00e9 zadr\u017eet na jejich \u00fazem\u00ed, ale poda\u0159ilo se to koleg\u016fm z Rumunska p\u0159i p\u0159ejezdu ma\u010farsko-rumunsk\u00fdch hranic,\u201c popsal Hrdina.<\/p>\n<p>O Velikonoc\u00edch pra\u017e\u0161t\u00ed kriminalist\u00e9 \u0159e\u0161ili p\u0159\u00edpad, p\u0159i kter\u00e9m pachatel\u00e9 s pou\u017eit\u00edm pyrotechniky po\u0161kodili dva bankomaty u obchodn\u00edho centra v Opatovsk\u00e9 ulici. Pot\u00e9 z nich ukradli v\u0161echny bankovky a z m\u00edsta odjeli na elektrokolob\u011b\u017ek\u00e1ch. Zp\u016fsobili \u0161kodu za n\u011bkolik milion\u016f korun. O t\u00fdden pozd\u011bji policist\u00e9 zadr\u017eeli a obvinili z kr\u00e1de\u017ee vloup\u00e1n\u00edm t\u0159i cizince, v\u0161ichni skon\u010dili ve vazb\u011b.<\/p>\n<p>    <a aria-label=\"Na Praze 13 nebyly jen pole a louky! Nov\u00e1 kniha Petra Stan\u010d\u00edka odhaluje templ\u00e1\u0159e, ritu\u00e1ln\u00ed d\u00fdku i zaniklou vesnici\" title=\"Na Praze 13 nebyly jen pole a louky! Nov\u00e1 kniha Petra Stan\u010d\u00edka odhaluje templ\u00e1\u0159e, ritu\u00e1ln\u00ed d\u00fdku i zaniklou vesnici\" href=\"https:\/\/www.blesk.cz\/clanek\/regiony-praha-praha-zpravy\/847505\/na-praze-13-nebyly-jen-pole-a-louky-nova-kniha-petra-stancika-odhaluje-templare-ritualni-dyku-i-zaniklou-vesnici.html\" class=\"article-card article-card--type-1 artobj\" data-track-click=\"{&quot;clickTo&quot;:&quot;button&quot;,&quot;link&quot;:{&quot;type&quot;:&quot;article-card&quot;,&quot;text&quot;:&quot;Na Praze 13 nebyly jen pole a louky! Nov\u00e1 kniha Petra Stan\u010d\u00edka odhaluje templ\u00e1\u0159e, ritu\u00e1ln\u00ed d\u00fdku i zaniklou vesnici&quot;,&quot;url&quot;:&quot;https:\/\/www.blesk.cz\/clanek\/regiony-praha-praha-zpravy\/847505\/na-praze-13-nebyly-jen-pole-a-louky-nova-kniha-petra-stancika-odhaluje-templare-ritualni-dyku-i-zaniklou-vesnici.html&quot;,&quot;location&quot;:&quot;page&quot;}}\" data-track-element-id=\"artobject-article-link-1-847505\" data-track-list=\"{\" item=\"\" praze=\"\" nebyly=\"\" jen=\"\" pole=\"\" a=\"\" louky=\"\" nov=\"\" kniha=\"\" petra=\"\" stan=\"\" odhaluje=\"\" templ=\"\" ritu=\"\" d=\"\" i=\"\" zaniklou=\"\" vesnici=\"\" knih petr vesnic rel=\"nofollow noopener\" target=\"_blank\"><\/p>\n<p>\t<img decoding=\"async\" src=\"https:\/\/www.europesays.com\/cz\/wp-content\/uploads\/2026\/09\/1788527720_771_9957253.jpg\" alt=\"K\u0159est knihy 13ka pro \u0161t\u011bst\u00ed se uskute\u010dnil ve \u010dtvrtek na radnici Prahy 13 za \u00fa\u010dasti autora Petra Stan\u010d\u00edka a starosty Davida Vodr\u00e1\u017eky (ODS).\" title=\"\" width=\"238\" height=\"158,67\" class=\"\" style=\"aspect-ratio: 238 \/ 158,67\" loading=\"lazy\"\/><\/p>\n<p>    Na Praze 13 nebyly jen pole a louky! Nov\u00e1 kniha Petra Stan\u010d\u00edka odhaluje templ\u00e1\u0159e, ritu\u00e1ln\u00ed d\u00fdku i zaniklou vesnici<\/p>\n<p>    <\/a><\/p>\n<p>Pokusy o n\u00e1siln\u00e9 vniknut\u00ed do bankomat\u016f se podle z\u00e1stupc\u016f bank st\u00e1vaj\u00ed z\u0159\u00eddka a pou\u017eit\u00ed v\u00fdbu\u0161niny je ojedin\u011bl\u00e9. Banky dlouhodob\u011b investuj\u00ed do zabezpe\u010den\u00ed, aby ochr\u00e1nily pen\u00edze a minimalizovaly \u0161kody. Sou\u010d\u00e1st\u00ed ochrany jsou i technologie, kter\u00e9 v p\u0159\u00edpad\u011b napaden\u00ed znemo\u017en\u00ed zneu\u017eit\u00ed hotovosti, v\u010detn\u011b obarven\u00ed bankovek. Takov\u00e9 bankovky jsou pak prakticky nepou\u017eiteln\u00e9.<\/p>\n","protected":false},"excerpt":{"rendered":"\u201eCelkem jsou zadr\u017eeny t\u0159i osoby, a to cizinci ve v\u011bku 30, 33 a 36 let, kte\u0159\u00ed jsou v&hellip;\n","protected":false},"author":2,"featured_media":202721,"comment_status":"","ping_status":"","sticky":false,"template":"","format":"standard","meta":{"footnotes":"","_share_on_mastodon":"0"},"categories":[30],"tags":[10887,5509,42,4830,29742,325,98,99,2889,11206,45],"class_list":["post-202720","post","type-post","status-publish","format-standard","has-post-thumbnail","category-praha","tag-bankomat","tag-bratislava","tag-cesko","tag-kradez","tag-kunratice","tag-policie","tag-prague","tag-praha","tag-rumunsko","tag-schengensky-prostor","tag-slovensko"],"share_on_mastodon":{"url":"https:\/\/pubeurope.com\/@cz\/117212959703996388","error":""},"_links":{"self":[{"href":"https:\/\/www.europesays.com\/cz\/wp-json\/wp\/v2\/posts\/202720","targetHints":{"allow":["GET"]}}],"collection":[{"href":"https:\/\/www.europesays.com\/cz\/wp-json\/wp\/v2\/posts"}],"about":[{"href":"https:\/\/www.europesays.com\/cz\/wp-json\/wp\/v2\/types\/post"}],"author":[{"embeddable":true,"href":"https:\/\/www.europesays.com\/cz\/wp-json\/wp\/v2\/users\/2"}],"replies":[{"embeddable":true,"href":"https:\/\/www.europesays.com\/cz\/wp-json\/wp\/v2\/comments?post=202720"}],"version-history":[{"count":0,"href":"https:\/\/www.europesays.com\/cz\/wp-json\/wp\/v2\/posts\/202720\/revisions"}],"wp:featuredmedia":[{"embeddable":true,"href":"https:\/\/www.europesays.com\/cz\/wp-json\/wp\/v2\/media\/202721"}],"wp:attachment":[{"href":"https:\/\/www.europesays.com\/cz\/wp-json\/wp\/v2\/media?parent=202720"}],"wp:term":[{"taxonomy":"category","embeddable":true,"href":"https:\/\/www.europesays.com\/cz\/wp-json\/wp\/v2\/categories?post=202720"},{"taxonomy":"post_tag","embeddable":true,"href":"https:\/\/www.europesays.com\/cz\/wp-json\/wp\/v2\/tags?post=202720"}],"curies":[{"name":"wp","href":"https:\/\/api.w.org\/{rel}","templated":true}]}}