{"id":202724,"date":"2026-09-04T13:21:17","date_gmt":"2026-09-04T13:21:17","guid":{"rendered":"https:\/\/www.europesays.com\/cz\/202724\/"},"modified":"2026-09-04T13:21:17","modified_gmt":"2026-09-04T13:21:17","slug":"nedate-nam-vrtulnik-vojaci-zachranku-nezvladnou-o-bazarove-stroje-prosi-policii-aktualne-cz","status":"publish","type":"post","link":"https:\/\/www.europesays.com\/cz\/202724\/","title":{"rendered":"Ned\u00e1te n\u00e1m vrtuln\u00edk? Voj\u00e1ci z\u00e1chranku nezvl\u00e1dnou, o bazarov\u00e9 stroje pros\u00ed policii \u2013 Aktu\u00e1ln\u011b.cz"},"content":{"rendered":"<p>Ministerstvo obrany u\u017e v\u00ed, \u017ee v sou\u010dasn\u00e9 konstelaci nemaj\u00ed vzdu\u0161n\u00e9 s\u00edly dostatek techniky ani pen\u011bz na to, aby i v dal\u0161\u00edch letech ut\u00e1hly provoz leteck\u00e9 z\u00e1chranky. Ostatn\u011b n\u011bkolik posledn\u00edch let se p\u0159ipravuj\u00ed na to, \u017ee z provozu vycouvaj\u00ed a poskytnou pouze l\u00e9ka\u0159e a dal\u0161\u00ed person\u00e1l.<\/p>\n<p>Jak u\u017e ale p\u0159ed n\u011bkolika dny <a href=\"https:\/\/zpravy.aktualne.cz\/domaci\/letecka-zachranka-na-kapackach-babis-udivil-vojsko-rozslapal-radu-let-chystany-plan\/r~aaa29089a20a6fb1912d311ace661948\/\" rel=\"nofollow noopener\" target=\"_blank\">popsal<\/a> den\u00edk Aktu\u00e1ln\u011b.cz, premi\u00e9r Andrej Babi\u0161 (ANO), jeho vl\u00e1da a jeho hejtmani b\u011b\u017e\u00edc\u00ed pl\u00e1n rozryli. Kabinet rozhodl o tom, \u017ee voj\u00e1ci budou sou\u010d\u00e1st\u00ed \u010desk\u00e9ho syst\u00e9mu leteck\u00e9 z\u00e1chrann\u00e9 slu\u017eby i nad\u00e1le. A nav\u00edc dostanou v\u00edc \u00fakol\u016f. Krom\u011b nyn\u011bj\u0161\u00edho Plze\u0148sk\u00e9ho kraje za\u010dnou obsluhovat i karlovarsk\u00fd region, kam m\u011bl p\u016fvodn\u011b zam\u00ed\u0159it soukromn\u00edk.<\/p>\n<p>Vize m\u00e1 ale jeden z\u00e1drhel. A to dost z\u00e1sadn\u00ed. Voj\u00e1ci toti\u017e neprovozuj\u00ed helikopt\u00e9ry, s nimi\u017e by z\u00e1chranku po 1. lednu 2029 dok\u00e1zali obslou\u017eit. Nyn\u011bj\u0161\u00ed stroje W-3A Sokol u\u017e pouze do\u017e\u00edvaj\u00ed. Na jejich modernizaci \u2013 stejn\u011b jako na po\u0159\u00edzen\u00ed \u00fapln\u011b nov\u00fdch vrtuln\u00edk\u016f \u2013 nejsou pen\u00edze.<\/p>\n<p>\u201ePokud n\u011bkdo uva\u017euje o tom, \u017ee by se znovu ,o\u017eivovaly\u2018 vrtuln\u00edky W-3A Sokol, tak to pova\u017euji za ekonomick\u00fd nesmysl. U\u017e jejich posledn\u00ed oprava byla natolik neekonomick\u00e1, \u017ee ji musela p\u0159es v\u00fdjimku schvalovat vl\u00e1da. Ty stroje m\u011bly do\u017e\u00edt,\u201c ohodnotila to d\u0159\u00edve Jana \u010cernochov\u00e1 (ODS), b\u00fdval\u00e1 ministryn\u011b obrany.<\/p>\n<p>Ministr vnitra Lubom\u00edr Metnar (ANO) tak se sv\u00fdm kolegou z obrany Jarom\u00edrem Z\u016fnou (za SPD) p\u0159i\u0161li s ne\u010dekanou strategi\u00ed. Jak si report\u00e9r den\u00edku Aktu\u00e1ln\u011b.cz ov\u011b\u0159il u n\u011bkolika \u00fa\u0159edn\u00edk\u016f obou resort\u016f, arm\u00e1da si vypom\u016f\u017ee vy\u0159azovan\u00fdm zbo\u017e\u00edm z hang\u00e1r\u016f Policie \u010cR. <\/p>\n<p>Technika vzdu\u0161n\u00fdch sil se roz\u0161\u00ed\u0159\u00ed o n\u011bkolik modr\u00fdch helikopt\u00e9r Eurocopter EC-135. Tedy stroj\u016f, kter\u00e9 dnes zaji\u0161\u0165uj\u00ed leteckou z\u00e1chranku nad Prahou a Brnem.<\/p>\n<p>Sokoly zmiz\u00ed z oblohy. Pod\u00edvejte se na n\u011b zbl\u00edzka:<\/p>\n<p>Policie se celkov\u011b dev\u00edti t\u011bchto vrtuln\u00edk\u016f m\u016f\u017ee zbavit d\u00edky modernizaci vlastn\u00ed flotily. P\u0159ed n\u011bkolika t\u00fddny podepsala p\u011btimiliardov\u00fd kontrakt s n\u011bmeckou diviz\u00ed Airbus Helicopters (d\u0159\u00edve Eurocopter) na dod\u00e1vku jeden\u00e1cti p\u011btilist\u00fdch helikopt\u00e9r H145.<\/p>\n<p>\u201eS ohledem na skute\u010dnost, \u017ee \u0161lo o po\u017eadavek Arm\u00e1dy \u010cR, respektive ministerstva obrany, na od\u016fvodn\u011bn\u00ed v\u010detn\u011b dal\u0161\u00edch podrobnost\u00ed se pros\u00edm ptejte tam,\u201c nechce se k detail\u016fm p\u0159evodu vyjad\u0159ovat Jozef Boc\u00e1n, mluv\u010d\u00ed policejn\u00edho prezidia. A dod\u00e1v\u00e1: \u201ePolicie \u010cR na tento po\u017eadavek pouze reagovala v r\u00e1mci sv\u00fdch aktu\u00e1ln\u00edch mo\u017enost\u00ed.\u201c<\/p>\n<p>P\u0159esto\u017ee mluv\u010d\u00ed obrany Johana Starkov\u00e1 odpov\u011bdi slibovala, ani dev\u011bt dn\u00ed po odesl\u00e1n\u00ed dotaz\u016f je novin\u00e1\u0159i neposkytla.<\/p>\n<p>\u201ePro m\u011b je d\u016fle\u017eit\u00e9, aby to fungovalo\u201c<\/p>\n<p>V\u00edc podrobnost\u00ed zazn\u011blo na st\u0159ede\u010dn\u00ed sch\u016fzi sn\u011bmovn\u00edho podv\u00fdboru pro urgentn\u00ed medic\u00ednu. \u0160lo sice o nep\u0159\u00edstupn\u00e9 jedn\u00e1n\u00ed, nicm\u00e9n\u011b jak si report\u00e9r den\u00edku Aktu\u00e1ln\u011b.cz u n\u011bkolika p\u0159\u00edtomn\u00fdch ov\u011b\u0159il, z\u00e1stupci arm\u00e1dy a policie tam tuto dohodu prezentovali.<\/p>\n<p>Na jedn\u00e1n\u00ed dorazil tak\u00e9 ministr zdravotnictv\u00ed Adam Vojt\u011bch (ANO), vojen\u0161t\u00ed gener\u00e1lov\u00e9 David Schreier a Michal Baran, veden\u00ed leteck\u00e9 slu\u017eby policie a t\u0159eba i Daniel Tu\u010dek, \u0161\u00e9f leteck\u00e9 spole\u010dnosti DSA.<\/p>\n<p>\u201eTo je n\u011bjak\u00e1 debata mezi polici\u00ed a arm\u00e1dou. Pro m\u011b je d\u016fle\u017eit\u00e9, aby to od 1. ledna 2029 fungovalo,\u201c odpov\u011bd\u011bl Vojt\u011bch na dotaz novin\u00e1\u0159e. Podle n\u011bj nehroz\u00ed, \u017ee by zapojen\u00edm \u201ebazarov\u00fdch\u201c policejn\u00edch helikopt\u00e9r kvalita z\u00e1chranky klesla.<\/p>\n<p>\u201eTo je \u00fakol arm\u00e1dy a policie, aby to zajistila. Standardy, kter\u00e9 mus\u00ed provozovatel\u00e9 splnit, jsou nastaven\u00e9,\u201c pokra\u010duje ministr. \u201eGarantovali to oba minist\u0159i i p\u0159edstavitel\u00e9 leteck\u00e9 slu\u017eby policie a arm\u00e1dy, \u017ee to tak bude,\u201c dod\u00e1v\u00e1.<\/p>\n<p>Podle poslance Josefa Fleka (STAN), jen\u017e vede brann\u00fd v\u00fdbor, je sice mo\u017en\u00e9, \u017ee \u2013 podle chystan\u00fdch strategick\u00fdch dokument\u016f \u2013 n\u00e1kup nov\u00fdch vojensk\u00fdch vrtuln\u00edk\u016f pro z\u00e1chranku v\u00fdhledov\u011b prob\u011bhne, ale do t\u00e9 doby bude muset arm\u00e1da skute\u010dn\u011b improvizovat.<\/p>\n<p>\u201eSou\u010dasn\u00fd pl\u00e1n nejsp\u00ed\u0161 po\u010d\u00edt\u00e1 s t\u00edm, \u017ee by Arm\u00e1da \u010cR z\u00edskala star\u0161\u00ed vrtuln\u00edky od Policie \u010cR, kter\u00e9 by nahradily velmi star\u00e9 stroje Sokol. Tato zm\u011bna se m\u00e1 t\u00fdkat obdob\u00ed od roku 2029 a bude d\u016fle\u017eit\u00e9, aby byla dob\u0159e koordinov\u00e1na mezi ministerstvy obrany, vnitra a zdravotnictv\u00ed,\u201c vysv\u011btluje Flek.<\/p>\n<p>Smlouvy na 15 let<\/p>\n<p>Pl\u00e1n Vojt\u011bcha, Metnara a Z\u016fny m\u00e1 v\u0161ak jeden z\u00e1sadn\u00ed otazn\u00edk. Policie se star\u0161\u00edch EC-135 m\u016f\u017ee zbavovat a\u017e v okam\u017eiku, kdy jej\u00ed pos\u00e1dky p\u0159evezmou a dok\u00e1\u017eou ovl\u00e1dat nov\u00e9 \u201ema\u0161iny\u201c H145. Podle dostupn\u00fdch informac\u00ed by prvn\u00ed z jeden\u00e1cti objednan\u00fdch vrtuln\u00edk\u016f m\u011bl dorazit v polovin\u011b roku 2028.<\/p>\n<p>Pokud v\u0161ak Airbus Helicopters nebude kontrakt zvl\u00e1dat a nastanou pot\u00ed\u017ee \u010di zpo\u017ed\u011bn\u00ed, co\u017e u podobn\u00fdch zak\u00e1zek nen\u00ed \u017e\u00e1dn\u00e9 sci-fi, m\u016f\u017ee doj\u00edt ke kritick\u00e9 situaci. Tedy \u017ee st\u00e1t nebude m\u00edt dostatek vrtuln\u00edk\u016f pro zaji\u0161t\u011bn\u00ed z\u00e1chranky v p\u011bti regionech, jak rozhodla Babi\u0161ova vl\u00e1da.<\/p>\n<p>Jasn\u011bji by mohlo b\u00fdt v p\u0159\u00ed\u0161t\u00edch t\u00fddnech. Je\u0161t\u011b do konce z\u00e1\u0159\u00ed chce toti\u017e ministerstvo zdravotnictv\u00ed vypsat miliardov\u00e1 v\u00fdb\u011brov\u00e1 \u0159\u00edzen\u00ed pro soukromn\u00edky. Ti se pak na z\u00e1klad\u011b tendru od 1. ledna 2029 ujmou stanovi\u0161\u0165 v \u00dast\u00ed nad Labem, \u010cesk\u00fdch Bud\u011bjovic\u00edch, Hradci Kr\u00e1lov\u00e9, Liberci, Jihlav\u011b a Olomouci.<\/p>\n<p>Ministr zdravotnictv\u00ed m\u011bl podle informac\u00ed den\u00edku Aktu\u00e1ln\u011b.cz v t\u00e9 souvislosti poslanc\u016fm ozn\u00e1mit, \u017ee p\u0159edb\u011b\u017en\u011b u\u017e o patn\u00e1ctilet\u00e9 kontrakty projevilo z\u00e1jem celkem sedm soukrom\u00fdch uchaze\u010d\u016f, z toho pr\u00fd \u010dty\u0159i ze zahrani\u010d\u00ed.<\/p>\n<p>Jarom\u00edr Z\u016fna ani Lubom\u00edr Metnar necht\u011bli situaci komentovat, na zaslan\u00e9 dotazy neodpov\u011bd\u011bli.<\/p>\n","protected":false},"excerpt":{"rendered":"Ministerstvo obrany u\u017e v\u00ed, \u017ee v sou\u010dasn\u00e9 konstelaci nemaj\u00ed vzdu\u0161n\u00e9 s\u00edly dostatek techniky ani pen\u011bz na to, aby&hellip;\n","protected":false},"author":2,"featured_media":202725,"comment_status":"","ping_status":"","sticky":false,"template":"","format":"standard","meta":{"footnotes":"","_share_on_mastodon":"0"},"categories":[7],"tags":[646,266,940,43,42,41,40,7727,793,1168,8438,30313,3699],"class_list":["post-202724","post","type-post","status-publish","format-standard","has-post-thumbnail","category-cesko","tag-adam-vojtech","tag-andrej-babis","tag-armada","tag-ceska-republika","tag-cesko","tag-czech-republic","tag-czechia","tag-letecka-zachranna-sluzba","tag-lubomir-metnar","tag-policie-cr","tag-poslanec","tag-vrtulnik","tag-zachranna-sluzba"],"share_on_mastodon":{"url":"https:\/\/pubeurope.com\/@cz\/117212983475059745","error":""},"_links":{"self":[{"href":"https:\/\/www.europesays.com\/cz\/wp-json\/wp\/v2\/posts\/202724","targetHints":{"allow":["GET"]}}],"collection":[{"href":"https:\/\/www.europesays.com\/cz\/wp-json\/wp\/v2\/posts"}],"about":[{"href":"https:\/\/www.europesays.com\/cz\/wp-json\/wp\/v2\/types\/post"}],"author":[{"embeddable":true,"href":"https:\/\/www.europesays.com\/cz\/wp-json\/wp\/v2\/users\/2"}],"replies":[{"embeddable":true,"href":"https:\/\/www.europesays.com\/cz\/wp-json\/wp\/v2\/comments?post=202724"}],"version-history":[{"count":0,"href":"https:\/\/www.europesays.com\/cz\/wp-json\/wp\/v2\/posts\/202724\/revisions"}],"wp:featuredmedia":[{"embeddable":true,"href":"https:\/\/www.europesays.com\/cz\/wp-json\/wp\/v2\/media\/202725"}],"wp:attachment":[{"href":"https:\/\/www.europesays.com\/cz\/wp-json\/wp\/v2\/media?parent=202724"}],"wp:term":[{"taxonomy":"category","embeddable":true,"href":"https:\/\/www.europesays.com\/cz\/wp-json\/wp\/v2\/categories?post=202724"},{"taxonomy":"post_tag","embeddable":true,"href":"https:\/\/www.europesays.com\/cz\/wp-json\/wp\/v2\/tags?post=202724"}],"curies":[{"name":"wp","href":"https:\/\/api.w.org\/{rel}","templated":true}]}}