{"id":202738,"date":"2026-09-04T13:35:08","date_gmt":"2026-09-04T13:35:08","guid":{"rendered":"https:\/\/www.europesays.com\/cz\/202738\/"},"modified":"2026-09-04T13:35:08","modified_gmt":"2026-09-04T13:35:08","slug":"zubari-z-celeho-sveta-v-praze-diskutuji-o-dani-z-cukru-ci-uzivani-fluoridu","status":"publish","type":"post","link":"https:\/\/www.europesays.com\/cz\/202738\/","title":{"rendered":"Zuba\u0159i z cel\u00e9ho sv\u011bta v Praze diskutuj\u00ed o dani z cukru \u010di u\u017e\u00edv\u00e1n\u00ed fluoridu"},"content":{"rendered":"<p>&#13;<br \/>\n  Komer\u010dn\u00ed prezentace Aktual.: 4.09.2026 15:02&#13;<br \/>\n  Vyd\u00e1no: 4.09.2026, 15:02&#13;\n<\/p>\n<p class=\"big\" itemprop=\"description\">    Praha &#8211; Zubn\u00ed l\u00e9ka\u0159i z cel\u00e9ho sv\u011bta v Praze diskutuj\u00ed nap\u0159\u00edklad o vhodnosti vy\u0161\u0161\u00edho zdan\u011bn\u00ed cukru \u010di u\u017e\u00edv\u00e1n\u00ed fluoridu. Podle \u0161\u00e9fa kongresu a prezidenta \u010cesk\u00e9 stomatologick\u00e9 komory (\u010cSK) Romana \u0160muclera z doporu\u010den\u00ed parlamentu Sv\u011btov\u00e9 stomatologick\u00e9 federace (FDI) m\u016f\u017ee za n\u011bkolik let vych\u00e1zet i evropsk\u00e1 legislativa. \u0158ekl to na dne\u0161n\u00ed tiskov\u00e9 konferenci na \u00favod kongresu s v\u00edce ne\u017e 6000 \u00fa\u010dastn\u00edky.<\/p>\n<p>&#8222;Ot\u00e1zka cukru se net\u00fdk\u00e1 pouze stomatologie, ale p\u0159edstavuje obecn\u00fd probl\u00e9m v medic\u00edn\u011b,&#8220; \u0159ekl \u0160mucler. N\u00e1vrhy na zdan\u011bn\u00ed sladkost\u00ed nebo sladk\u00fdch n\u00e1poj\u016f se kv\u016fli rostouc\u00edmu pod\u00edlu ob\u00e9zn\u00edch v populaci objevuj\u00ed i v \u010cesku.<\/p>\n<p>Diskutovat se podle n\u011bj bude tak\u00e9 o fluoridu, kter\u00fd se kv\u016fli pozitivn\u00edmu vlivu na zdrav\u00ed zubn\u00ed skloviny p\u0159id\u00e1v\u00e1 do pitn\u00e9 vody nebo soli. V sou\u010dasn\u00e9 dob\u011b se t\u00e9ma \u0159e\u0161\u00ed nap\u0159\u00edklad v USA. &#8222;FDI fluoridy velmi podporuje,&#8220; dodal.<\/p>\n<p>Doporu\u010den\u00ed parlamentu FDI se podle \u0160muclera \u010dasto po n\u011bkolika letech propisuj\u00ed do evropsk\u00e9 legislativy a jej\u00edm prost\u0159ednictv\u00edm do n\u00e1rodn\u00edch legislativ. &#8222;Sv\u011btov\u00fd stomatologick\u00fd parlament sdru\u017euje \u010dlensk\u00e9 organizace FDI, aby spole\u010dn\u011b diskutovaly o ot\u00e1zk\u00e1ch t\u00fdkaj\u00edc\u00edch se stomatologick\u00e9 profese a glob\u00e1ln\u00edho zdrav\u00ed a ur\u010dovaly priority, kter\u00fdm zubn\u00ed l\u00e9ka\u0159i \u010del\u00ed,&#8220; vysv\u011btlil funkci parlamentu prezident FDI Nikolaj \u0160arkov.<\/p>\n<p>Nemoci \u00fastn\u00ed dutiny podle n\u011bj tr\u00e1p\u00ed t\u00e9m\u011b\u0159 polovinu sv\u011btov\u00e9 populace, v\u011bt\u0161ina z nich je p\u0159itom l\u00e9\u010diteln\u00e1 a lze jim p\u0159edch\u00e1zet. &#8222;Dva a p\u016fl miliardy lid\u00ed m\u00e1 neo\u0161et\u0159en\u00fd zubn\u00ed kaz a samoz\u0159ejm\u011b i s n\u00edm spojen\u00e9 komplikace,&#8220; dodal. Jde podle n\u011bj hlavn\u011b o lidi \u017eij\u00edc\u00ed ve venkovsk\u00fdch a odlehl\u00fdch komunit\u00e1ch, n\u00edzkop\u0159\u00edjmov\u00e9 nebo jinak znev\u00fdhodn\u011bn\u00e9 skupiny.<\/p>\n<p>Podle \u0160muclera pat\u0159\u00ed \u010cR mezi p\u011bt zem\u00ed, kter\u00e9 sv\u00fdm obyvatel\u016fm poskytuj\u00ed v\u00fdjime\u010dnou zubn\u00ed p\u00e9\u010di a jej\u00ed finan\u010dn\u00ed kryt\u00ed. Dal\u0161\u00edmi jsou Lucembursko, N\u011bmecko, Rakousko a Chorvatsko.<\/p>\n<p>&#8222;Je z\u00e1sadn\u00ed pos\u00edlit prevenci, zejm\u00e9na u d\u011bt\u00ed a dosp\u00edvaj\u00edc\u00edch. Chceme tak\u00e9 zajistit, aby modern\u00ed l\u00e9\u010debn\u00e9 postupy byly dostupn\u00e9 a finan\u010dn\u011b dosa\u017eiteln\u00e9 pro ka\u017ed\u00e9ho ob\u010dana \u010cesk\u00e9 republiky,&#8220; \u0159ekl na \u00favod kongresu ministr zdravotnictv\u00ed Adam Vojt\u011bch (za ANO).<\/p>\n<p>Dal\u0161\u00edmi t\u00e9maty, kter\u00fdmi se \u00fa\u010dastn\u00edci kongresu zab\u00fdvaj\u00ed, je nap\u0159\u00edklad vyu\u017e\u00edv\u00e1n\u00ed um\u011bl\u00e9 inteligence a jej\u00ed etick\u00e9 aspekty nebo antibiotick\u00e1 rezistence. Podle \u0160arkova je p\u0159ipraveno v\u00edce ne\u017e 1500 v\u011bdeck\u00fdch p\u0159\u00edsp\u011bvk\u016f.<\/p>\n<p>&#8222;Douf\u00e1m, \u017ee pra\u017esk\u00fd kongres p\u0159edstavuje v\u00fdznamn\u00fd p\u0159ed\u011bl mezi klasick\u00fdm, a podle m\u011b ji\u017e p\u0159ekonan\u00fdm, pojet\u00edm stomatologie zalo\u017een\u00fdm na principu &#8218;vyvrtat a zaplnit&#8216; a p\u0159\u00edstupem, kter\u00fd klade d\u016fraz na zachov\u00e1n\u00ed zdrav\u00fdch zub\u016f po cel\u00fd \u017eivot,&#8220; dodal \u0160mucler.<\/p>\n<p class=\"tags\">&#13;<br \/>\n<a href=\"https:\/\/www.ceskenoviny.cz\/tema\/cr\/1\" class=\"tag blue\" itemprop=\"about\" rel=\"tag nofollow noopener\" target=\"_blank\">\u010cR<\/a>&#13;<br \/>\n&#13;<br \/>\n&#13;<br \/>\n&#13;<br \/>\n<a href=\"https:\/\/www.ceskenoviny.cz\/tema\/zdravi\/327\" class=\"tag blue\" itemprop=\"about\" rel=\"tag nofollow noopener\" target=\"_blank\">zdrav\u00ed<\/a>&#13;<br \/>\n&#13;<br \/>\n&#13;<br \/>\n&#13;<br \/>\n<a href=\"https:\/\/www.ceskenoviny.cz\/tema\/stomatologie\/8143\" class=\"tag blue\" itemprop=\"about\" rel=\"tag nofollow noopener\" target=\"_blank\">stomatologie<\/a>&#13;<br \/>\n&#13;<br \/>\n&#13;<br \/>\n&#13;<br \/>\n<a href=\"https:\/\/www.ceskenoviny.cz\/tema\/foto\/13820\" class=\"tag blue\" itemprop=\"about\" rel=\"tag nofollow noopener\" target=\"_blank\">FOTO<\/a>&#13;<br \/>\n&#13;<br \/>\n&#13;<br \/>\n&#13;<br \/>\n &#13;<\/p>\n","protected":false},"excerpt":{"rendered":"&#13; Komer\u010dn\u00ed prezentace Aktual.: 4.09.2026 15:02&#13; Vyd\u00e1no: 4.09.2026, 15:02&#13; Praha &#8211; Zubn\u00ed l\u00e9ka\u0159i z cel\u00e9ho sv\u011bta v Praze&hellip;\n","protected":false},"author":2,"featured_media":202739,"comment_status":"","ping_status":"","sticky":false,"template":"","format":"standard","meta":{"footnotes":"","_share_on_mastodon":"0"},"categories":[30],"tags":[302,304,305,298,303,1092,98,99,11453,597],"class_list":["post-202738","post","type-post","status-publish","format-standard","has-post-thumbnail","category-praha","tag-ceskenoviny-cz","tag-cn","tag-cn-cz","tag-cr","tag-ctk","tag-foto","tag-prague","tag-praha","tag-stomatologie","tag-zdravi"],"share_on_mastodon":{"url":"https:\/\/pubeurope.com\/@cz\/117213038607304090","error":""},"_links":{"self":[{"href":"https:\/\/www.europesays.com\/cz\/wp-json\/wp\/v2\/posts\/202738","targetHints":{"allow":["GET"]}}],"collection":[{"href":"https:\/\/www.europesays.com\/cz\/wp-json\/wp\/v2\/posts"}],"about":[{"href":"https:\/\/www.europesays.com\/cz\/wp-json\/wp\/v2\/types\/post"}],"author":[{"embeddable":true,"href":"https:\/\/www.europesays.com\/cz\/wp-json\/wp\/v2\/users\/2"}],"replies":[{"embeddable":true,"href":"https:\/\/www.europesays.com\/cz\/wp-json\/wp\/v2\/comments?post=202738"}],"version-history":[{"count":0,"href":"https:\/\/www.europesays.com\/cz\/wp-json\/wp\/v2\/posts\/202738\/revisions"}],"wp:featuredmedia":[{"embeddable":true,"href":"https:\/\/www.europesays.com\/cz\/wp-json\/wp\/v2\/media\/202739"}],"wp:attachment":[{"href":"https:\/\/www.europesays.com\/cz\/wp-json\/wp\/v2\/media?parent=202738"}],"wp:term":[{"taxonomy":"category","embeddable":true,"href":"https:\/\/www.europesays.com\/cz\/wp-json\/wp\/v2\/categories?post=202738"},{"taxonomy":"post_tag","embeddable":true,"href":"https:\/\/www.europesays.com\/cz\/wp-json\/wp\/v2\/tags?post=202738"}],"curies":[{"name":"wp","href":"https:\/\/api.w.org\/{rel}","templated":true}]}}