{"id":202740,"date":"2026-09-04T13:36:17","date_gmt":"2026-09-04T13:36:17","guid":{"rendered":"https:\/\/www.europesays.com\/cz\/202740\/"},"modified":"2026-09-04T13:36:17","modified_gmt":"2026-09-04T13:36:17","slug":"evropa-ho-chce-svrhnout-nam-pomohl-nechapete-to-rika-legenda-afriky","status":"publish","type":"post","link":"https:\/\/www.europesays.com\/cz\/202740\/","title":{"rendered":"Evropa ho chce svrhnout. N\u00e1m pomohl, nech\u00e1pete to, \u0159\u00edk\u00e1 legenda Afriky"},"content":{"rendered":"<p class=\"e_bX\">M\u00e1lem se zd\u00e1lo, \u017ee je s\u00e1m, odsouzen\u00fd k\u00a0\u00fastupu ze sl\u00e1vy. Jen\u017ee <a data-dot=\"atm-tag-link\" href=\"https:\/\/www.seznamzpravy.cz\/tag\/gianni-infantino-77854\" class=\"e_n atm-tag-link\" rel=\"nofollow noopener\" target=\"_blank\">Gianni Infantino<\/a>, nejmocn\u011bj\u0161\u00ed mu\u017e <a data-dot=\"atm-tag-link\" href=\"https:\/\/www.seznamzpravy.cz\/tag\/fotbal-30487\" class=\"e_n atm-tag-link\" rel=\"nofollow noopener\" target=\"_blank\">fotbalu<\/a> a\u00a0\u0161\u00e9f <a data-dot=\"atm-tag-link\" href=\"https:\/\/www.seznamzpravy.cz\/tag\/fifa-30286\" class=\"e_n atm-tag-link\" rel=\"nofollow noopener\" target=\"_blank\">FIFA<\/a>, se po\u0159\u00e1d m\u00e1 o\u00a0koho op\u0159\u00edt.<\/p>\n<p class=\"e_bX\">A mnoz\u00ed z\u00a0nich se to v\u016fbec neboj\u00ed d\u00e1t najevo ve\u0159ejn\u011b. \u201eBudu ho podporovat,\u201c pronesl jednozna\u010dn\u011b Samuel Eto&#8217;o.<\/p>\n<p class=\"e_bX\">Co\u017e m\u00e1 v\u00e1hu. Obrovskou. B\u00fdval\u00fd hv\u011bzdn\u00fd \u00fato\u010dn\u00edk n\u00e1le\u017e\u00ed mezi nejlep\u0161\u00ed africk\u00e9 fotbalisty v\u0161ech dob a\u00a0pro n\u011bkoho je \u00fapln\u00fdm kr\u00e1lem, jakkoli je konkurence borc\u016f jako Didier Drogba, <a data-dot=\"atm-tag-link\" href=\"https:\/\/www.seznamzpravy.cz\/tag\/mohamed-salah-101818\" class=\"e_n atm-tag-link\" rel=\"nofollow noopener\" target=\"_blank\">Mohamed Salah<\/a> nebo George Weah p\u0159\u00edsn\u00e1. Eto&#8217;o nicm\u00e9n\u011b v\u00e1lel za <a data-dot=\"atm-tag-link\" href=\"https:\/\/www.seznamzpravy.cz\/tag\/fc-barcelona-56152\" class=\"e_n atm-tag-link\" rel=\"nofollow noopener\" target=\"_blank\">Barcelonu<\/a> i\u00a0<a data-dot=\"atm-tag-link\" href=\"https:\/\/www.seznamzpravy.cz\/tag\/fc-inter-milan-56161\" class=\"e_n atm-tag-link\" rel=\"nofollow noopener\" target=\"_blank\">Inter Mil\u00e1n<\/a>, z\u016fst\u00e1v\u00e1 nejlep\u0161\u00edm kanon\u00fdrem d\u011bjin africk\u00fdch \u0161ampion\u00e1t\u016f, s\u00a0<a data-dot=\"atm-tag-link\" href=\"https:\/\/www.seznamzpravy.cz\/tag\/kamerun-5248\" class=\"e_n atm-tag-link\" rel=\"nofollow noopener\" target=\"_blank\">Kamerunem<\/a> vyhr\u00e1l <a data-dot=\"atm-tag-link\" href=\"https:\/\/www.seznamzpravy.cz\/tag\/letni-olympijske-hry-loh-57028\" class=\"e_n atm-tag-link\" rel=\"nofollow noopener\" target=\"_blank\">olympi\u00e1du<\/a> a\u00a0jeho vliv n\u00e1sob\u00ed fakt, \u017ee je nyn\u00ed prezidentem tamn\u00ed fotbalov\u00e9 federace.<\/p>\n<p><a data-dot=\"mol-article-card-media\" aria-hidden=\"true\" tabindex=\"-1\" href=\"https:\/\/www.seznamzpravy.cz\/clanek\/sport-fotbal-vycitaji-mu-milenku-i-papezske-manyry-finaliste-ms-ale-za-infantinem-stoji-312784\" class=\"e_n f_l8\" rel=\"nofollow noopener\" target=\"_blank\"><img fetchpriority=\"high\" height=\"1800\"   width=\"3200\" src=\"https:\/\/www.europesays.com\/cz\/wp-content\/uploads\/2026\/09\/gianni-infantino.jpeg\" loading=\"eager\" decoding=\"sync\" class=\"e_aa e_Z\"\/><\/a><\/p>\n<p class=\"e_bX\">Eto&#8217;o se t\u00edm p\u0159id\u00e1v\u00e1 mimo jin\u00e9 k\u00a0finalist\u016fm posledn\u00edho mistrovstv\u00ed sv\u011bta z\u00a0Argentiny a\u00a0k\u00a0Ji\u017en\u00ed Americe celkov\u011b, i\u00a0ta za Infantinem stoj\u00ed. Neodradil je neb\u00fdval\u00fd skand\u00e1l, kdy unikly informace o\u00a0pl\u00e1nu Infantinovy klaky zprivatizovat \u010d\u00e1st pr\u00e1v na <a data-dot=\"atm-tag-link\" href=\"https:\/\/www.seznamzpravy.cz\/tag\/mistrovstvi-sveta-ve-fotbale-37105\" class=\"e_n atm-tag-link\" rel=\"nofollow noopener\" target=\"_blank\">sv\u011btov\u00e9 \u0161ampion\u00e1ty<\/a>, o\u00a0n\u011b\u017e se mimo jin\u00e9 \u00fadajn\u011b uch\u00e1zel p\u0159\u00edbuzn\u00fd <a data-dot=\"atm-tag-link\" href=\"https:\/\/www.seznamzpravy.cz\/tag\/donald-trump-12664\" class=\"e_n atm-tag-link\" rel=\"nofollow noopener\" target=\"_blank\">Donalda Trumpa<\/a>. Evropsk\u00e1 UEFA zareagovala vyhl\u00e1\u0161en\u00edm funkcion\u00e1\u0159sk\u00e9 v\u00e1lky a\u00a0a\u017e na konci srpna odstoupila od z\u00e1m\u011bru, \u017ee jej\u00ed \u010dlensk\u00e9 zem\u011b se nehodlaj\u00ed \u017e\u00e1dn\u00e9ho mistrovstv\u00ed z\u00fa\u010dastnit, co\u017e akutn\u011b ohro\u017eovalo pr\u00e1v\u011b startuj\u00edc\u00ed \u017eensk\u00fd \u0161ampion\u00e1t do 20\u00a0let.<\/p>\n<p class=\"e_bX\">FIFA to cel\u00e9 \u010derstv\u011b ozna\u010dila za \u201eo\u010der\u0148ovac\u00ed kampa\u0148\u201c. Slavn\u00fd Eto&#8217;o v\u00a0rozhovoru pro francouzsk\u00fd den\u00edk L&#8217;Equipe mluvil st\u0159\u00eddm\u011bji, neemotivn\u011b. Vysv\u011btluje, pro\u010d kontinenty odd\u011blen\u00e9 St\u0159edozemn\u00edm mo\u0159em zast\u00e1vaj\u00ed zcela protikladn\u00e9 postoje.<\/p>\n<p class=\"e_bX\">A\u00a0doslova kope za Afriku.<\/p>\n<p class=\"e_bX\">\u201eUEFA je d\u016fle\u017eit\u00e1 a\u00a0ohromn\u011b p\u0159isp\u00edv\u00e1 fotbalu, ale nem\u011bla by b\u00fdt pova\u017eov\u00e1na za jedinou konfederaci. Ani ne za tu nejpodstatn\u011bj\u0161\u00ed,\u201c \u0159ekl Eto&#8217;o. \u201eMy \u010del\u00edme \u00fapln\u011b jin\u00e9 realit\u011b. Nikdy nebudeme vn\u00edmat v\u011bci stejn\u011b. Kdy\u017e maj\u00ed n\u011bkter\u00e9 n\u00e1rodn\u00ed svazy rozpo\u010det ve v\u00fd\u0161i 150\u00a0tis\u00edc eur (cca 3,6\u00a0milionu korun) ro\u010dn\u011b, jak mohou soupe\u0159it s\u00a0v\u011bt\u0161\u00edmi zem\u011bmi?\u201c pt\u00e1 se \u0159e\u010dnicky. <\/p>\n<p class=\"e_bX\">S\u00e1m Eto&#8217;o vyd\u011blal za kari\u00e9ru v\u00edc, ne\u017e lze utratit. Pot\u00e9 se pustil do funkciona\u0159en\u00ed a\u00a0Infantina h\u00e1j\u00ed, co to jde. Ve zm\u00edn\u011bn\u00e9m interview zd\u016fraz\u0148uje t\u0159eba program FIFA Forward (Vp\u0159ed s\u00a0FIFA). \u201ePomohl n\u00e1m financovat \u00fast\u0159ed\u00ed Kamerunsk\u00e9ho fotbalov\u00e9ho svazu. M\u016f\u017ee pomoci dal\u0161\u00edm fotbalov\u00fdm talent\u016fm v\u00a0Africe,\u201c \u0159ekl Eto&#8217;o. \u201ePrezident Infantino dnes umo\u017e\u0148uje Africe sn\u00edt o\u00a0dal\u0161\u00edm rozvoji fotbalu. Pokud nebudeme m\u00edt pen\u00edze, \u017e\u00e1dn\u00fd rozvoj nebude.\u201c<\/p>\n<p><img height=\"1197\"   width=\"1800\" src=\"https:\/\/www.europesays.com\/cz\/wp-content\/uploads\/2026\/09\/fotbal-eto-o.jpeg\" loading=\"eager\" decoding=\"sync\" class=\"e_aa e_Z\"\/>Foto: Profimedia.cz<\/p>\n<p class=\"e_bX\">Samuel Eto&#8217;o jako legenda Interu Mil\u00e1n.<\/p>\n<p class=\"e_bX\">P\u0159\u00ed\u0161t\u00ed volby \u0161\u00e9fa FIFA &#8211; a\u0165 u\u017e v\u00a0\u0159\u00e1dn\u00e9m term\u00ednu, nebo v\u00a0p\u0159ed\u010dasn\u00e9m, pokud by ho UEFA a\u00a0dal\u0161\u00ed kontinenty skute\u010dn\u011b vyvolaly &#8211; tak budou p\u0159edstavovat symbolick\u00fd st\u0159et sv\u011bt\u016f.<\/p>\n<p class=\"e_bX\">UEFA si stoj\u00ed za t\u00edm, \u017ee Infantino nepl\u00e1noval nic jin\u00e9ho ne\u017e zneu\u017eit\u00ed moci. \u201eCo on vyd\u00e1val za \u00fadajn\u00e9 od\u0161puntov\u00e1n\u00ed komer\u010dn\u00edho potenci\u00e1lu FIFA, ve skute\u010dnosti p\u0159edstavovalo n\u00e1stroj, jak by si Infantino a\u00a0okruh jeho nejbli\u017e\u0161\u00edch zajistili permanentn\u00ed pod\u00edly a\u00a0dlouhodob\u00e9 zisky z\u00a0toho nejcenn\u011bj\u0161\u00edho, co FIFA m\u00e1,\u201c cituje pr\u00e1vn\u00edky evropsk\u00e9 federace ESPN.<\/p>\n<p class=\"e_bX\">Eto&#8217;o to pova\u017euje za sv\u00e9ho druhu pokrytectv\u00ed.<\/p>\n<p class=\"e_bX\">\u201eV\u017edy\u0165 fotbal u\u017e je komer\u010dn\u00ed produkt,\u201c \u0159ekl. \u201eKdo ho financuje? Firmy, kter\u00e9 si kupuj\u00ed reklamn\u00ed prostory. Kdo vlastn\u00ed tyto firmy? Evropa si taky hl\u00edd\u00e1 sv\u00e9 z\u00e1jmy, mimo jin\u00e9 pod tlakem velkoklub\u016f. Tak pro\u010d by n\u011bkdo m\u011bl soudit Afriku, \u017ee si hl\u00edd\u00e1me ty sv\u00e9? Prezident Infantino n\u00e1m pomohl se zlep\u0161ovat. A\u017e budeme m\u00edt v\u00a0Kamerunu svazov\u00fd rozpo\u010det 20\u00a0nebo 40\u00a0milion\u016f eur ro\u010dn\u011b, samoz\u0159ejm\u011b \u017ee se objev\u00ed nov\u00ed <a data-dot=\"atm-tag-link\" href=\"https:\/\/www.seznamzpravy.cz\/tag\/kylian-mbappe-16825\" class=\"e_n atm-tag-link\" rel=\"nofollow noopener\" target=\"_blank\">Kylian Mbapp\u00e9<\/a> nebo Aur\u00e9lien Tchouam\u00e9ni. A\u00a0stane se tak d\u00edky programu FIFA Forward. To je realita,\u201c zm\u00ednil glob\u00e1ln\u00ed hv\u011bzdy <a data-dot=\"atm-tag-link\" href=\"https:\/\/www.seznamzpravy.cz\/tag\/real-madrid-56362\" class=\"e_n atm-tag-link\" rel=\"nofollow noopener\" target=\"_blank\">Realu Madrid<\/a> s\u00a0kamerunsk\u00fdmi ko\u0159eny.<\/p>\n<p class=\"e_bX\">Evropsk\u00fdm koleg\u016fm doslova vzk\u00e1zal: \u201eNeuv\u011bdomujete si na\u0161i realitu. Mnoh\u00e9 africk\u00e9 svazy jsou z\u00a095\u00a0a\u017e ze 100\u00a0procent placen\u00e9 vl\u00e1dami.\u201c<\/p>\n<p class=\"e_bX\">\u017de to nen\u00ed popul\u00e1rn\u00ed n\u00e1zor, je mu evidentn\u011b jedno. \u201eV\u017edycky riskujete, \u017ee v\u00e1\u0161 kandid\u00e1t ve volb\u00e1ch neusp\u011bje, ale to m\u011b v\u00a0podpo\u0159e (Infantina) nezastav\u00ed,\u201c dodala africk\u00e1 ikona. \u201ePod\u00edvejte se na zisky ze sv\u011btov\u00fdch \u0161ampion\u00e1t\u016f v\u00a0Kataru a\u00a0ve Spojen\u00fdch st\u00e1tech. V\u017edy\u0165 to je to, co pro fotbal chceme. Lid\u00e9 to mus\u00ed pochopit.\u201c<\/p>\n<p><a data-dot=\"mol-article-card-media\" aria-hidden=\"true\" tabindex=\"-1\" href=\"https:\/\/www.seznamzpravy.cz\/clanek\/sport-nevyradime-navzdy-messiho-dres-argentina-uz-to-zkusila-s-maradonou-314349\" class=\"e_n f_l8\" rel=\"nofollow noopener\" target=\"_blank\"><img height=\"831\"   width=\"1478\" src=\"https:\/\/www.europesays.com\/cz\/wp-content\/uploads\/2026\/09\/1788528977_644_messi-fotbal.jpeg\" loading=\"eager\" decoding=\"sync\" class=\"e_aa e_Z\"\/><\/a><\/p>\n<p class=\"e_bX\">A dal\u0161\u00ed v\u011bc, atraktivn\u00ed nejen pro Afriku, ale i\u00a0pro dal\u0161\u00ed kontinenty: Eto&#8217;o zd\u016fraznil, \u017ee jen d\u00edky roz\u0161\u00ed\u0159en\u00ed po\u010dtu \u00fa\u010dastn\u00edk\u016f si letos MS zahr\u00e1lo hned dev\u011bt africk\u00fdch st\u00e1t\u016f (paradoxn\u011b nikoli jeho Kamerun). Tedy o\u00a0\u010dty\u0159i v\u00edce ne\u017e v\u00a0Kataru 2022.\u00a0A\u00a0pokud by klaply Infantinovy pl\u00e1ny na turnaj dokonce o\u00a064\u00a0t\u00fdmech, kv\u00f3ta je\u0161t\u011b vzroste.<\/p>\n<p class=\"e_bX\">\u201eZem\u011b, kter\u00e9 by nikdy nem\u011bly \u0161anci si na \u0161ampion\u00e1tu zahr\u00e1t, ji najednou dostaly,\u201c pod\u011bkoval znovu Eto&#8217;o mu\u017ei, jeho\u017e v\u011bt\u0161ina z\u00e1padn\u00ed fotbalov\u00e9 ve\u0159ejnosti pova\u017euje za nebezpe\u010dnou postavu pro fotbal. A\u017e volby uk\u00e1\u017e\u00ed, \u010d\u00ed n\u00e1zor m\u00e1 v\u011bt\u0161\u00ed podporu.<\/p>\n","protected":false},"excerpt":{"rendered":"M\u00e1lem se zd\u00e1lo, \u017ee je s\u00e1m, odsouzen\u00fd k\u00a0\u00fastupu ze sl\u00e1vy. Jen\u017ee Gianni Infantino, nejmocn\u011bj\u0161\u00ed mu\u017e fotbalu a\u00a0\u0161\u00e9f FIFA,&hellip;\n","protected":false},"author":2,"featured_media":202741,"comment_status":"","ping_status":"","sticky":false,"template":"","format":"standard","meta":{"footnotes":"","_share_on_mastodon":"0"},"categories":[15],"tags":[5007,326,7223,1275,46251,94,93],"class_list":["post-202740","post","type-post","status-publish","format-standard","has-post-thumbnail","category-sport","tag-fifa","tag-fotbal","tag-gianni-infantino","tag-mistrovstvi-sveta-ve-fotbale","tag-samuel-eto","tag-sport","tag-sports"],"share_on_mastodon":{"url":"https:\/\/pubeurope.com\/@cz\/117213042404602980","error":""},"_links":{"self":[{"href":"https:\/\/www.europesays.com\/cz\/wp-json\/wp\/v2\/posts\/202740","targetHints":{"allow":["GET"]}}],"collection":[{"href":"https:\/\/www.europesays.com\/cz\/wp-json\/wp\/v2\/posts"}],"about":[{"href":"https:\/\/www.europesays.com\/cz\/wp-json\/wp\/v2\/types\/post"}],"author":[{"embeddable":true,"href":"https:\/\/www.europesays.com\/cz\/wp-json\/wp\/v2\/users\/2"}],"replies":[{"embeddable":true,"href":"https:\/\/www.europesays.com\/cz\/wp-json\/wp\/v2\/comments?post=202740"}],"version-history":[{"count":0,"href":"https:\/\/www.europesays.com\/cz\/wp-json\/wp\/v2\/posts\/202740\/revisions"}],"wp:featuredmedia":[{"embeddable":true,"href":"https:\/\/www.europesays.com\/cz\/wp-json\/wp\/v2\/media\/202741"}],"wp:attachment":[{"href":"https:\/\/www.europesays.com\/cz\/wp-json\/wp\/v2\/media?parent=202740"}],"wp:term":[{"taxonomy":"category","embeddable":true,"href":"https:\/\/www.europesays.com\/cz\/wp-json\/wp\/v2\/categories?post=202740"},{"taxonomy":"post_tag","embeddable":true,"href":"https:\/\/www.europesays.com\/cz\/wp-json\/wp\/v2\/tags?post=202740"}],"curies":[{"name":"wp","href":"https:\/\/api.w.org\/{rel}","templated":true}]}}